{"id":87787,"date":"2019-06-15T15:50:28","date_gmt":"2019-06-15T13:50:28","guid":{"rendered":"http:\/\/www.tucomarca.com\/wordpress\/segunda\/?p=87787"},"modified":"2019-06-15T15:50:28","modified_gmt":"2019-06-15T13:50:28","slug":"el-ayuntamiento-de-requena-constituye-su-corporacion-municipal-que-encabeza-el-socialista-mario-sanchez","status":"publish","type":"post","link":"https:\/\/www.tucomarca.com\/wordpress\/segunda\/el-ayuntamiento-de-requena-constituye-su-corporacion-municipal-que-encabeza-el-socialista-mario-sanchez\/","title":{"rendered":"El Ayuntamiento de Requena constituye su corporaci\u00f3n municipal que encabeza el socialista Mario S\u00e1nchez"},"content":{"rendered":"<figure id=\"attachment_87789\" aria-describedby=\"caption-attachment-87789\" style=\"width: 581px\" class=\"wp-caption alignleft\"><img loading=\"lazy\" decoding=\"async\" class=\" wp-image-87789\" src=\"https:\/\/www.tucomarca.com\/wordpress\/segunda\/wp-content\/uploads\/2019\/06\/CorporacionRequena.jpg\" alt=\"Corporaci\u00f3n municipal 2019-2023 del Ayuntamiento de Requena.\" width=\"581\" height=\"436\" srcset=\"https:\/\/www.tucomarca.com\/wordpress\/segunda\/wp-content\/uploads\/2019\/06\/CorporacionRequena.jpg 3968w, https:\/\/www.tucomarca.com\/wordpress\/segunda\/wp-content\/uploads\/2019\/06\/CorporacionRequena-300x225.jpg 300w, https:\/\/www.tucomarca.com\/wordpress\/segunda\/wp-content\/uploads\/2019\/06\/CorporacionRequena-768x576.jpg 768w, https:\/\/www.tucomarca.com\/wordpress\/segunda\/wp-content\/uploads\/2019\/06\/CorporacionRequena-1024x768.jpg 1024w\" sizes=\"auto, (max-width: 581px) 100vw, 581px\" \/><figcaption id=\"caption-attachment-87789\" class=\"wp-caption-text\">Corporaci\u00f3n municipal 2019-2023 del Ayuntamiento de Requena.<\/figcaption><\/figure>\n<p>Este s\u00e1bado 15 de junio, a las 12,00 horas en el sal\u00f3n de\u00a0plenos del Ayuntamiento de Requena se ha desarrollado\u00a0el acto de constituci\u00f3n de\u00a0la corporaci\u00f3n municipal. Con un total de 4.792 votos ha sido reelegido como alcalde de la ciudad el socialista Mario S\u00e1nchez Gonz\u00e1lez.<\/p>\n<p>De los 21 concejales que componen la corporaci\u00f3n municipal de Requena, 13 son del Partido Socialista Obrero Espa\u00f1ol (PSOE), 5 del Partido Popular (PP), 1 de Ciudadanos, 1 del Partido Requena y Aldeas (PRyA), y 1 de Podemos.<\/p>\n<p>Los concejales nombrados son:\u00a0Mario S\u00e1nchez (PSOE);\u00a0Jos\u00e9 C. Chirivella (PSOE);\u00a0M\u00aa Jos\u00e9 Arroyo (PSOE);\u00a0David Calvo (PSOE);\u00a0Isabel Garc\u00eda (PSOE);\u00a0Jorge M. S\u00e1ez (PSOE);\u00a0M\u00aa Jos\u00e9 Mart\u00edn (PSOE);\u00a0Laura Luj\u00e1n (PSOE);\u00a0Jos\u00e9 Luis Barrera (PSOE);\u00a0Vanesa P\u00e9rez (PSOE);\u00a0David Ram\u00edrez (PSOE);\u00a0Pilar Amig\u00f3 (PSOE);\u00a0David Arona (PSOE);\u00a0Javier Berasaluce (PP);\u00a0Alberto Garc\u00eda (PP);\u00a0Pilar Iranzo (PP);\u00a0Pascual Emilio Ortiz (PP);\u00a0Lydia Zahonero (PP);\u00a0Faustino Navarro (Ciudadanos);\u00a0Joaqu\u00edn Gonz\u00e1lez (PRyA); y\u00a0Juan Garc\u00eda (Podemos).<\/p>\n","protected":false},"excerpt":{"rendered":"<div class=\"mh-excerpt\">Este s\u00e1bado 15 de junio, a las 12,00 horas en el sal\u00f3n de\u00a0plenos del Ayuntamiento de Requena se ha desarrollado\u00a0el acto de constituci\u00f3n de\u00a0la corporaci\u00f3n municipal. Con un total de 4.792 votos ha sido reelegido <a class=\"mh-excerpt-more\" href=\"https:\/\/www.tucomarca.com\/wordpress\/segunda\/el-ayuntamiento-de-requena-constituye-su-corporacion-municipal-que-encabeza-el-socialista-mario-sanchez\/\" title=\"El Ayuntamiento de Requena constituye su corporaci\u00f3n municipal que encabeza el socialista Mario S\u00e1nchez\">[+] <\/a><\/div>\n","protected":false},"author":1,"featured_media":87789,"comment_status":"open","ping_status":"open","sticky":false,"template":"","format":"standard","meta":{"footnotes":""},"categories":[8,72,142,10698,28,27,3,45],"tags":[10387],"class_list":{"0":"post-87787","1":"post","2":"type-post","3":"status-publish","4":"format-standard","5":"has-post-thumbnail","7":"category-la-comarca","8":"category-sin-categorizar","9":"category-politica-la-comarca","10":"category-premsavalenciana","11":"category-requena","12":"category-requena-utiel","13":"category-seccion","14":"category-ventana","15":"tag-requena-utiel"},"_links":{"self":[{"href":"https:\/\/www.tucomarca.com\/wordpress\/segunda\/wp-json\/wp\/v2\/posts\/87787","targetHints":{"allow":["GET"]}}],"collection":[{"href":"https:\/\/www.tucomarca.com\/wordpress\/segunda\/wp-json\/wp\/v2\/posts"}],"about":[{"href":"https:\/\/www.tucomarca.com\/wordpress\/segunda\/wp-json\/wp\/v2\/types\/post"}],"author":[{"embeddable":true,"href":"https:\/\/www.tucomarca.com\/wordpress\/segunda\/wp-json\/wp\/v2\/users\/1"}],"replies":[{"embeddable":true,"href":"https:\/\/www.tucomarca.com\/wordpress\/segunda\/wp-json\/wp\/v2\/comments?post=87787"}],"version-history":[{"count":0,"href":"https:\/\/www.tucomarca.com\/wordpress\/segunda\/wp-json\/wp\/v2\/posts\/87787\/revisions"}],"wp:featuredmedia":[{"embeddable":true,"href":"https:\/\/www.tucomarca.com\/wordpress\/segunda\/wp-json\/wp\/v2\/media\/87789"}],"wp:attachment":[{"href":"https:\/\/www.tucomarca.com\/wordpress\/segunda\/wp-json\/wp\/v2\/media?parent=87787"}],"wp:term":[{"taxonomy":"category","embeddable":true,"href":"https:\/\/www.tucomarca.com\/wordpress\/segunda\/wp-json\/wp\/v2\/categories?post=87787"},{"taxonomy":"post_tag","embeddable":true,"href":"https:\/\/www.tucomarca.com\/wordpress\/segunda\/wp-json\/wp\/v2\/tags?post=87787"}],"curies":[{"name":"wp","href":"https:\/\/api.w.org\/{rel}","templated":true}]}}