{"id":87796,"date":"2019-06-15T18:12:21","date_gmt":"2019-06-15T16:12:21","guid":{"rendered":"http:\/\/www.tucomarca.com\/wordpress\/segunda\/?p=87796"},"modified":"2019-06-15T18:12:21","modified_gmt":"2019-06-15T16:12:21","slug":"josep-vicent-garcia-compromis-reelegido-alcalde-de-la-pobla-con-el-apoyo-de-pspv-cupo-y-contigo","status":"publish","type":"post","link":"https:\/\/www.tucomarca.com\/wordpress\/segunda\/josep-vicent-garcia-compromis-reelegido-alcalde-de-la-pobla-con-el-apoyo-de-pspv-cupo-y-contigo\/","title":{"rendered":"Josep Vicent Garcia (Comprom\u00eds) reelegido alcalde de La Pobla con el apoyo de PSPV, CUPO y Contigo"},"content":{"rendered":"<figure id=\"attachment_87797\" aria-describedby=\"caption-attachment-87797\" style=\"width: 632px\" class=\"wp-caption alignnone\"><img loading=\"lazy\" decoding=\"async\" class=\" wp-image-87797\" src=\"https:\/\/www.tucomarca.com\/wordpress\/segunda\/wp-content\/uploads\/2019\/06\/LaPobla.jpg\" alt=\"El equipo de gobierno estar\u00e1 formado as\u00ed por Josep Vicent Garcia, Iris Marco, Beatriu Palmero, Fran Esteban, Javier N\u00f3voa, Raquel Mart\u00ednez y Boni Carrillo por Comprom\u00eds; Regina Llavata, Jos\u00e9 Miguel Tomas i Rebeca Pizarro por el PSPV; Juan Aguilar por CUPO y Jaime Ruix por Contigo.\" width=\"632\" height=\"366\" srcset=\"https:\/\/www.tucomarca.com\/wordpress\/segunda\/wp-content\/uploads\/2019\/06\/LaPobla.jpg 5568w, https:\/\/www.tucomarca.com\/wordpress\/segunda\/wp-content\/uploads\/2019\/06\/LaPobla-300x174.jpg 300w, https:\/\/www.tucomarca.com\/wordpress\/segunda\/wp-content\/uploads\/2019\/06\/LaPobla-768x445.jpg 768w, https:\/\/www.tucomarca.com\/wordpress\/segunda\/wp-content\/uploads\/2019\/06\/LaPobla-1024x593.jpg 1024w\" sizes=\"auto, (max-width: 632px) 100vw, 632px\" \/><figcaption id=\"caption-attachment-87797\" class=\"wp-caption-text\">El equipo de gobierno estar\u00e1 formado as\u00ed por Josep Vicent Garcia, Iris Marco, Beatriu Palmero, Fran Esteban, Javier N\u00f3voa, Raquel Mart\u00ednez y Boni Carrillo por Comprom\u00eds; Regina Llavata, Jos\u00e9 Miguel Tomas i Rebeca Pizarro por el PSPV; Juan Aguilar por CUPO y Jaime Ruix por Contigo.<\/figcaption><\/figure>\n<p>El Pleno del Ayuntamiento ha reelegido a Josep Vicent Garcia como alcalde de la Pobla de Vallbona con el apoyo de PSPV, CUPO y Contigo. Garcia ha contado con los 12 votos que representan las cuatro formaciones y que superan la mayor\u00eda absoluta del plenario que est\u00e1 en 11 votos.<\/p>\n<p>Garcia mantendr\u00e1 as\u00ed la vara de alcalde con un gobierno que mantiene principalmente los mismos concejales y delegaciones<span class=\"Apple-converted-space\">\u00a0 <\/span>respecto al anterior mandato con algunas incorporaciones y bajas fruto de los resultados electorales. El alcalde ha querido agradecer el trabajo de aquellos que no repiten como son Javier Descalzo (Esquerra Unida), Paco Navarrete (CUPO) y Luc\u00eda Sanchis (PSPV) y ha felicitado los nuevos regidores entrantes por el esp\u00edritu constructivo que han mostrado per entrar gobierno.<\/p>\n<p>En su discurso, Josep Vicent Garcia ha agradecido el voto de los m\u00e1s de 6.000 vecinos que dan la mayor\u00eda absoluta a este gobierno y se ha comprometido a que \u201ctodos los partidos que lo conforman continuar\u00e1n trabajando para mantener la confianza y el apoyo que los vecinos han mostrado en estas elecciones\u201d. Una voluntad de sumar y trabajar por el futuro del pueblo a la cual se han sumado los portavoces de PSPV, *CUPO y Contigo.<\/p>\n<p>El equipo de gobierno estar\u00e1 formado as\u00ed por Josep Vicent Garcia, Iris Marco, Beatriu Palmero, Fran Esteban, Javier N\u00f3voa, Raquel Mart\u00ednez y Boni Carrillo por Comprom\u00eds; Regina Llavata, Jos\u00e9 Miguel Tomas i Rebeca Pizarro por el PSPV; Juan Aguilar por CUPO y Jaime Ruix por Contigo.<span class=\"Apple-converted-space\">\u00a0<\/span><\/p>\n","protected":false},"excerpt":{"rendered":"<div class=\"mh-excerpt\">El Pleno del Ayuntamiento ha reelegido a Josep Vicent Garcia como alcalde de la Pobla de Vallbona con el apoyo de PSPV, CUPO y Contigo. Garcia ha contado con los 12 votos que representan las <a class=\"mh-excerpt-more\" href=\"https:\/\/www.tucomarca.com\/wordpress\/segunda\/josep-vicent-garcia-compromis-reelegido-alcalde-de-la-pobla-con-el-apoyo-de-pspv-cupo-y-contigo\/\" title=\"Josep Vicent Garcia (Comprom\u00eds) reelegido alcalde de La Pobla con el apoyo de PSPV, CUPO y Contigo\">[+] <\/a><\/div>\n","protected":false},"author":1,"featured_media":87797,"comment_status":"open","ping_status":"open","sticky":false,"template":"","format":"standard","meta":{"footnotes":""},"categories":[46,8,174,142,3,45],"tags":[10430],"class_list":{"0":"post-87796","1":"post","2":"type-post","3":"status-publish","4":"format-standard","5":"has-post-thumbnail","7":"category-camp-de-turia","8":"category-la-comarca","9":"category-la-pobla","10":"category-politica-la-comarca","11":"category-seccion","12":"category-ventana","13":"tag-la-pobla"},"_links":{"self":[{"href":"https:\/\/www.tucomarca.com\/wordpress\/segunda\/wp-json\/wp\/v2\/posts\/87796","targetHints":{"allow":["GET"]}}],"collection":[{"href":"https:\/\/www.tucomarca.com\/wordpress\/segunda\/wp-json\/wp\/v2\/posts"}],"about":[{"href":"https:\/\/www.tucomarca.com\/wordpress\/segunda\/wp-json\/wp\/v2\/types\/post"}],"author":[{"embeddable":true,"href":"https:\/\/www.tucomarca.com\/wordpress\/segunda\/wp-json\/wp\/v2\/users\/1"}],"replies":[{"embeddable":true,"href":"https:\/\/www.tucomarca.com\/wordpress\/segunda\/wp-json\/wp\/v2\/comments?post=87796"}],"version-history":[{"count":0,"href":"https:\/\/www.tucomarca.com\/wordpress\/segunda\/wp-json\/wp\/v2\/posts\/87796\/revisions"}],"wp:featuredmedia":[{"embeddable":true,"href":"https:\/\/www.tucomarca.com\/wordpress\/segunda\/wp-json\/wp\/v2\/media\/87797"}],"wp:attachment":[{"href":"https:\/\/www.tucomarca.com\/wordpress\/segunda\/wp-json\/wp\/v2\/media?parent=87796"}],"wp:term":[{"taxonomy":"category","embeddable":true,"href":"https:\/\/www.tucomarca.com\/wordpress\/segunda\/wp-json\/wp\/v2\/categories?post=87796"},{"taxonomy":"post_tag","embeddable":true,"href":"https:\/\/www.tucomarca.com\/wordpress\/segunda\/wp-json\/wp\/v2\/tags?post=87796"}],"curies":[{"name":"wp","href":"https:\/\/api.w.org\/{rel}","templated":true}]}}