{"id":878,"date":"2012-05-07T12:59:17","date_gmt":"2012-05-07T12:59:17","guid":{"rendered":"http:\/\/www.tucomarca.com\/wordpress\/segunda\/?p=878"},"modified":"2012-05-07T12:59:17","modified_gmt":"2012-05-07T12:59:17","slug":"la-comunitat-valenciana-se-situa-como-la-tercera-autonomia-con-mayor-aumento-de-autonomos-en-el-ultimo-trimestre","status":"publish","type":"post","link":"https:\/\/www.tucomarca.com\/wordpress\/segunda\/la-comunitat-valenciana-se-situa-como-la-tercera-autonomia-con-mayor-aumento-de-autonomos-en-el-ultimo-trimestre\/","title":{"rendered":"La Comunitat Valenciana se sit\u00faa como la tercera autonom\u00eda con mayor aumento de aut\u00f3nomos en el \u00faltimo trimestre"},"content":{"rendered":"<p><strong> <\/strong><\/p>\n<p>La <a href=\"http:\/\/www.cefe.gva.es\/\">consellera de Educaci\u00f3n<\/a>, <a href=\"http:\/\/www.edu.gva.es\/\">Formaci\u00f3n y Empleo<\/a>, Mar\u00eda Jos\u00e9 Catal\u00e0, ha se\u00f1alado esta ma\u00f1ana que \u201cla <strong>Comunitat Valenciana<\/strong> se ha convertido en la <strong>tercera autonom\u00eda<\/strong> en la que se ha registrado un <strong>mayor aumento<\/strong> de la <strong>afiliaci\u00f3n de aut\u00f3nomos<\/strong> en los \u00faltimos tres meses<strong>\u201d.<\/strong> Catal\u00e0 ha valorado de esta manera los datos de afiliaci\u00f3n al r\u00e9gimen de aut\u00f3nomos de la Seguridad Social correspondientes al mes de abril de 2012. Seg\u00fan estos datos, en los \u00faltimos tres meses, la <strong>afiliaci\u00f3n de\u00a0 aut\u00f3nomos<\/strong> a la Seguridad Social creci\u00f3 en un <strong>0,66%<\/strong> con un total de <strong>2.088 profesionales m\u00e1s<\/strong>, alcanz\u00e1ndose la cifra de <strong>319.942 aut\u00f3nomos<\/strong>\u201d.<\/p>\n<p>De estos 319.942 aut\u00f3nomos registrados en la Comunitat Valenciana a 30 de abril de 2012, 111.437 corresponden a la provincia de Alicante, 41.452 son de Castell\u00f3n\u00a0 y 167.053 de Valencia.<\/p>\n<p>Adem\u00e1s, la Consellera ha destacado que en el mes de abril la Comunitat Valenciana se ha situado como la <strong>cuarta comunidad aut\u00f3noma <\/strong>en la que m\u00e1s ha crecido el n\u00famero de aut\u00f3nomos con respecto al mes de marzo, un total de 661 nuevos profesionales, <strong>tras Baleares, Andaluc\u00eda y Murcia<\/strong>, situ\u00e1ndose por delante de otras autonom\u00edas como Madrid, Catalu\u00f1a, Pa\u00eds Vasco y Andaluc\u00eda.<\/p>\n<p>\u201cEstos datos -ha a\u00f1adido- ponen de manifiesto los buenos resultados de las medidas de apoyo a los emprendedores y Pymes desarrolladas por el Consell en los \u00faltimos meses\u201d.<\/p>\n<p>Asimismo, la Consellera ha destacado que <strong>en los \u00faltimos 6 meses se han creado 5.088 empresas<\/strong>. En este sentido, ha destacado el esp\u00edritu emprendedor de los valencianos que ha propiciado que s\u00f3lo en los dos primeros meses de este a\u00f1o se hayan generado 1.988 empresas, es decir 390 m\u00e1s que en el mismo periodo del a\u00f1o pasado.<\/p>\n<p>En este sentido, Catal\u00e0 ha reiterado que desde el Consell \u201cvamos a continuar trabajando por <strong>generar nuevas oportunidades <\/strong>para los emprendedores de la Comunitat Valenciana desarrollando iniciativas en esta l\u00ednea que generen <strong>un clima<\/strong> de mayor <strong>confianza y con mayores posibilidades de financiaci\u00f3n<\/strong> para que puedan poner en marcha su propia empresa\u201d.<\/p>\n<p>\u201cQueremos -ha explicado- <strong>adoptar una actitud proactiva y participativa apoyando el esp\u00edritu empresarial en la Comunitat<\/strong>, contribuyendo a <strong>minimizar los obst\u00e1culos que asumen los nuevos empresarios<\/strong>, como son su carencia de experiencia empresarial y\/o comercial y la necesidad de financiaci\u00f3n y de avales\u201d.<\/p>\n<p><strong>Paro juvenil<\/strong><\/p>\n<p>Por otro lado, la Consellera ha explicado que seg\u00fan los datos referidos al paro del mes de abril \u201c<strong>se consolida el descenso del paro juvenil que se viene produciendo en el \u00faltimo a\u00f1o y medio<\/strong> en la Comunitat Valenciana, con la sola excepci\u00f3n del mes de diciembre\u201d.<\/p>\n<p>Seg\u00fan ha se\u00f1alado, \u201c<strong>somos la tercera comunidad aut\u00f3noma donde m\u00e1s ha bajado el paro entre los j\u00f3venes menores de 25 a\u00f1os<\/strong> en el \u00faltimo a\u00f1o, por detr\u00e1s de Catalu\u00f1a y Pa\u00eds Vasco, dado que ha descendido en 1.216 parados, mientras que en Espa\u00f1a ha aumentado en 32.925 desempleados\u201d.<\/p>\n<p>Este descenso del paro juvenil, en opini\u00f3n de la Consellera, \u201cse debe en parte a las <strong>pol\u00edticas activas de empleabilidad impulsadas por el Consell<\/strong>, entre las que destaca el <strong><em>Plan de Empleo Joven<\/em><\/strong><em> <\/em>y el <strong><em>Plan Valenciano del Emprendedor<\/em><\/strong>\u201d.<\/p>\n","protected":false},"excerpt":{"rendered":"<div class=\"mh-excerpt\">La consellera de Educaci\u00f3n, Formaci\u00f3n y Empleo, Mar\u00eda Jos\u00e9 Catal\u00e0, ha se\u00f1alado esta ma\u00f1ana que \u201cla Comunitat Valenciana se ha convertido en la tercera autonom\u00eda en la que se ha registrado un mayor aumento de <a class=\"mh-excerpt-more\" href=\"https:\/\/www.tucomarca.com\/wordpress\/segunda\/la-comunitat-valenciana-se-situa-como-la-tercera-autonomia-con-mayor-aumento-de-autonomos-en-el-ultimo-trimestre\/\" title=\"La Comunitat Valenciana se sit\u00faa como la tercera autonom\u00eda con mayor aumento de aut\u00f3nomos en el \u00faltimo trimestre\">[+] <\/a><\/div>\n","protected":false},"author":2,"featured_media":0,"comment_status":"open","ping_status":"open","sticky":false,"template":"","format":"standard","meta":{"footnotes":""},"categories":[8,72,3],"tags":[],"class_list":{"0":"post-878","1":"post","2":"type-post","3":"status-publish","4":"format-standard","6":"category-la-comarca","7":"category-sin-categorizar","8":"category-seccion"},"_links":{"self":[{"href":"https:\/\/www.tucomarca.com\/wordpress\/segunda\/wp-json\/wp\/v2\/posts\/878","targetHints":{"allow":["GET"]}}],"collection":[{"href":"https:\/\/www.tucomarca.com\/wordpress\/segunda\/wp-json\/wp\/v2\/posts"}],"about":[{"href":"https:\/\/www.tucomarca.com\/wordpress\/segunda\/wp-json\/wp\/v2\/types\/post"}],"author":[{"embeddable":true,"href":"https:\/\/www.tucomarca.com\/wordpress\/segunda\/wp-json\/wp\/v2\/users\/2"}],"replies":[{"embeddable":true,"href":"https:\/\/www.tucomarca.com\/wordpress\/segunda\/wp-json\/wp\/v2\/comments?post=878"}],"version-history":[{"count":0,"href":"https:\/\/www.tucomarca.com\/wordpress\/segunda\/wp-json\/wp\/v2\/posts\/878\/revisions"}],"wp:attachment":[{"href":"https:\/\/www.tucomarca.com\/wordpress\/segunda\/wp-json\/wp\/v2\/media?parent=878"}],"wp:term":[{"taxonomy":"category","embeddable":true,"href":"https:\/\/www.tucomarca.com\/wordpress\/segunda\/wp-json\/wp\/v2\/categories?post=878"},{"taxonomy":"post_tag","embeddable":true,"href":"https:\/\/www.tucomarca.com\/wordpress\/segunda\/wp-json\/wp\/v2\/tags?post=878"}],"curies":[{"name":"wp","href":"https:\/\/api.w.org\/{rel}","templated":true}]}}