{"id":87807,"date":"2019-06-15T18:52:15","date_gmt":"2019-06-15T16:52:15","guid":{"rendered":"http:\/\/www.tucomarca.com\/wordpress\/segunda\/?p=87807"},"modified":"2019-06-15T18:52:15","modified_gmt":"2019-06-15T16:52:15","slug":"eugenio-fortana-psoe-hace-valer-su-mayoria-absoluta-para-revalidar-la-alcaldia-de-turis","status":"publish","type":"post","link":"https:\/\/www.tucomarca.com\/wordpress\/segunda\/eugenio-fortana-psoe-hace-valer-su-mayoria-absoluta-para-revalidar-la-alcaldia-de-turis\/","title":{"rendered":"Eugenio Forta\u00f1a (PSOE) hace valer su mayor\u00eda absoluta para revalidar la alcald\u00eda de Tur\u00eds"},"content":{"rendered":"<figure id=\"attachment_87808\" aria-describedby=\"caption-attachment-87808\" style=\"width: 637px\" class=\"wp-caption alignnone\"><img loading=\"lazy\" decoding=\"async\" class=\" wp-image-87808\" src=\"https:\/\/www.tucomarca.com\/wordpress\/segunda\/wp-content\/uploads\/2019\/06\/TurisEugenio.jpg\" alt=\"Eugenio Forta\u00f1a en el momento de tomar posesi\u00f3n de su cargo como alcalde de Tur\u00eds.\" width=\"637\" height=\"478\" srcset=\"https:\/\/www.tucomarca.com\/wordpress\/segunda\/wp-content\/uploads\/2019\/06\/TurisEugenio.jpg 4000w, https:\/\/www.tucomarca.com\/wordpress\/segunda\/wp-content\/uploads\/2019\/06\/TurisEugenio-300x225.jpg 300w, https:\/\/www.tucomarca.com\/wordpress\/segunda\/wp-content\/uploads\/2019\/06\/TurisEugenio-768x576.jpg 768w, https:\/\/www.tucomarca.com\/wordpress\/segunda\/wp-content\/uploads\/2019\/06\/TurisEugenio-1024x768.jpg 1024w\" sizes=\"auto, (max-width: 637px) 100vw, 637px\" \/><figcaption id=\"caption-attachment-87808\" class=\"wp-caption-text\">Eugenio Forta\u00f1a en el momento de tomar posesi\u00f3n de su cargo como alcalde de Tur\u00eds.<\/figcaption><\/figure>\n<p>Los votos de los siete concejales del Partido Socialista han sido suficientes para que Eugenio Forta\u00f1a revalidase\u00a0la alcald\u00eda de Tur\u00eds; una mayor\u00eda absoluta conseguida el pasado 26 de mayo con uno de los respaldos en las urnas mayores que ha recibido el PSPV-PSOE en la\u00a0historia de esta localidad de La Ribera.<\/p>\n<p>En la votaci\u00f3n a alcalde, tanto el candidato\u00a0 de Ciudadanos como el del PP\u00a0han recibido un total de tres votos cada uno.<\/p>\n<p>Eugenio Forta\u00f1a ha tomado posesi\u00f3n de su cargo agradeciendo a los ciudadanos y ciudadanas \u00absu participaci\u00f3n el d\u00eda de las elecciones y el apoyo recibido\u00bb y dando las gracias \u00aba los ediles que han participado estos a\u00f1os atr\u00e1s en el gobierno del pueblo de Tur\u00eds; a los trabajadores del consistorio; a todos los integrantes de la candidatura\u00a0y a la\u00a0familia\u00bb; especialmente a su \u00abpadre y a su\u00a0madre, que toda la vida ha\u00a0sido una luchadora por traer una familia adelante\u00bb, unas palabras que Eugenio Forta\u00f1a ha pronunciado entrecortadas por la emoci\u00f3n del momento.<\/p>\n<p>Eugenio Forta\u00f1a tambi\u00e9n ha tenido palabras emocionadas para los alcaldes socialista que lo han precedido: Baldomero Gonz\u00e1lez y Pilar Blasco.<\/p>\n<p>M\u00e1s informaci\u00f3n e im\u00e1genes en la edici\u00f3n impresa de <strong>tucomarca.com<\/strong> de esta semana (n\u00famero 805).<\/p>\n<p>&nbsp;<\/p>\n<p>&nbsp;<\/p>\n<p>&nbsp;<\/p>\n","protected":false},"excerpt":{"rendered":"<div class=\"mh-excerpt\">Los votos de los siete concejales del Partido Socialista han sido suficientes para que Eugenio Forta\u00f1a revalidase\u00a0la alcald\u00eda de Tur\u00eds; una mayor\u00eda absoluta conseguida el pasado 26 de mayo con uno de los respaldos en <a class=\"mh-excerpt-more\" href=\"https:\/\/www.tucomarca.com\/wordpress\/segunda\/eugenio-fortana-psoe-hace-valer-su-mayoria-absoluta-para-revalidar-la-alcaldia-de-turis\/\" title=\"Eugenio Forta\u00f1a (PSOE) hace valer su mayor\u00eda absoluta para revalidar la alcald\u00eda de Tur\u00eds\">[+] <\/a><\/div>\n","protected":false},"author":1,"featured_media":87808,"comment_status":"open","ping_status":"open","sticky":false,"template":"","format":"standard","meta":{"footnotes":""},"categories":[8,42,142,3,43,45],"tags":[10394],"class_list":{"0":"post-87807","1":"post","2":"type-post","3":"status-publish","4":"format-standard","5":"has-post-thumbnail","7":"category-la-comarca","8":"category-la-ribera","9":"category-politica-la-comarca","10":"category-seccion","11":"category-turis","12":"category-ventana","13":"tag-turis"},"_links":{"self":[{"href":"https:\/\/www.tucomarca.com\/wordpress\/segunda\/wp-json\/wp\/v2\/posts\/87807","targetHints":{"allow":["GET"]}}],"collection":[{"href":"https:\/\/www.tucomarca.com\/wordpress\/segunda\/wp-json\/wp\/v2\/posts"}],"about":[{"href":"https:\/\/www.tucomarca.com\/wordpress\/segunda\/wp-json\/wp\/v2\/types\/post"}],"author":[{"embeddable":true,"href":"https:\/\/www.tucomarca.com\/wordpress\/segunda\/wp-json\/wp\/v2\/users\/1"}],"replies":[{"embeddable":true,"href":"https:\/\/www.tucomarca.com\/wordpress\/segunda\/wp-json\/wp\/v2\/comments?post=87807"}],"version-history":[{"count":0,"href":"https:\/\/www.tucomarca.com\/wordpress\/segunda\/wp-json\/wp\/v2\/posts\/87807\/revisions"}],"wp:featuredmedia":[{"embeddable":true,"href":"https:\/\/www.tucomarca.com\/wordpress\/segunda\/wp-json\/wp\/v2\/media\/87808"}],"wp:attachment":[{"href":"https:\/\/www.tucomarca.com\/wordpress\/segunda\/wp-json\/wp\/v2\/media?parent=87807"}],"wp:term":[{"taxonomy":"category","embeddable":true,"href":"https:\/\/www.tucomarca.com\/wordpress\/segunda\/wp-json\/wp\/v2\/categories?post=87807"},{"taxonomy":"post_tag","embeddable":true,"href":"https:\/\/www.tucomarca.com\/wordpress\/segunda\/wp-json\/wp\/v2\/tags?post=87807"}],"curies":[{"name":"wp","href":"https:\/\/api.w.org\/{rel}","templated":true}]}}