{"id":87830,"date":"2019-06-18T20:25:22","date_gmt":"2019-06-18T18:25:22","guid":{"rendered":"http:\/\/www.tucomarca.com\/wordpress\/segunda\/?p=87830"},"modified":"2019-06-18T20:25:22","modified_gmt":"2019-06-18T18:25:22","slug":"el-pleno-de-leliana-elige-a-salva-torrent-como-alcalde-en-su-sesion-de-investidura","status":"publish","type":"post","link":"https:\/\/www.tucomarca.com\/wordpress\/segunda\/el-pleno-de-leliana-elige-a-salva-torrent-como-alcalde-en-su-sesion-de-investidura\/","title":{"rendered":"El Pleno de l\u2019Eliana elige a Salva Torrent como alcalde en su sesi\u00f3n de investidura"},"content":{"rendered":"<figure id=\"attachment_87831\" aria-describedby=\"caption-attachment-87831\" style=\"width: 378px\" class=\"wp-caption alignleft\"><img loading=\"lazy\" decoding=\"async\" class=\" wp-image-87831\" src=\"https:\/\/www.tucomarca.com\/wordpress\/segunda\/wp-content\/uploads\/2019\/06\/investiduraLEliana1.jpeg\" alt=\"Salva Torrent (PSPV-PSOE) es el alcalde de l'Eliana.\" width=\"378\" height=\"252\" srcset=\"https:\/\/www.tucomarca.com\/wordpress\/segunda\/wp-content\/uploads\/2019\/06\/investiduraLEliana1.jpeg 641w, https:\/\/www.tucomarca.com\/wordpress\/segunda\/wp-content\/uploads\/2019\/06\/investiduraLEliana1-300x200.jpeg 300w\" sizes=\"auto, (max-width: 378px) 100vw, 378px\" \/><figcaption id=\"caption-attachment-87831\" class=\"wp-caption-text\">Salva Torrent (PSPV-PSOE) es el alcalde de l&#8217;Eliana.<\/figcaption><\/figure>\n<p><b>El primer edil obtiene la mayor\u00eda absoluta para gobernar en los pr\u00f3ximos cuatro a\u00f1os<\/b><\/p>\n<p>El pasado s\u00e1bado a las 11 de la ma\u00f1ana se celebr\u00f3 el Pleno de investidura en el Ayuntamiento de l\u2019Eliana, en el que los 8 concejales y 9 concejalas que resultaron elegidos en las elecciones municipales del 26 de mayo tomaron posesi\u00f3n de su cargo. Al acto acudieron las autoridades locales, familiares y amigos de los ediles electos y un buen n\u00famero de vecinos y vecinas que no quisieron perderse el emotivo acto.<\/p>\n<p>En primer lugar tomaron posesi\u00f3n el concejal de m\u00e1s edad, Salvador Mart\u00ednez de Ciudadanos, y la m\u00e1s joven, Isabel Montaner de Comprom\u00eds. Tras esto, qued\u00f3 constituida la Mesa de Edad dando paso al juramento o promesa del cargo por parte del resto de miembros del Pleno. Fue entonces cuando los concejales y concejalas electos llevaron a cabo la votaci\u00f3n secreta para elegir al nuevo alcalde. El PSOE present\u00f3 como candidato a Salva Torrent y el PP a Mar\u00eda Jos\u00e9 Marco. Realizado el escrutinio, se proclam\u00f3 alcalde Salva Torrent con 9 votos, mientras que la candidata popular obtuvo 6. Adem\u00e1s hubo una abstenci\u00f3n y un voto en blanco.<\/p>\n<figure id=\"attachment_87834\" aria-describedby=\"caption-attachment-87834\" style=\"width: 551px\" class=\"wp-caption alignright\"><img loading=\"lazy\" decoding=\"async\" class=\" wp-image-87834\" src=\"https:\/\/www.tucomarca.com\/wordpress\/segunda\/wp-content\/uploads\/2019\/06\/investiduraLEliana2.jpeg\" alt=\"Corporaci\u00f3n municipal de L'Eliana.\" width=\"551\" height=\"320\" srcset=\"https:\/\/www.tucomarca.com\/wordpress\/segunda\/wp-content\/uploads\/2019\/06\/investiduraLEliana2.jpeg 640w, https:\/\/www.tucomarca.com\/wordpress\/segunda\/wp-content\/uploads\/2019\/06\/investiduraLEliana2-300x174.jpeg 300w\" sizes=\"auto, (max-width: 551px) 100vw, 551px\" \/><figcaption id=\"caption-attachment-87834\" class=\"wp-caption-text\">Corporaci\u00f3n municipal de L&#8217;Eliana.<\/figcaption><\/figure>\n<p>Una vez entregada la vara de mando al nuevo alcalde, \u00e9ste pronunci\u00f3 un emotivo discurso en el que expres\u00f3 que <i>\u201cal simbolismo y solemnidad de este acto, hemos de a\u00f1adirle a partes iguales ilusi\u00f3n y esperanza\u201d<\/i>. Torrent hizo un breve recorrido por su plan de acciones para los cuatro pr\u00f3ximos a\u00f1os que calific\u00f3 de \u201c<i>ambicioso e ilusionante<\/i>\u201d, destacando proyectos como \u201c<i>el barraco de Mandor, la nueva Biblioteca, el nuevo Ayuntamiento, m\u00e1s aparcamientos, la reforma del Polideportivo, el plan integral de aceras, m\u00e1s parques y m\u00e1s jardines\u201d<\/i>. Concluy\u00f3 invitando al conjunto de la ciudadan\u00eda a participar en el proyecto, en especial al resto de las fuerzas pol\u00edticas.<\/p>\n<p>El Pleno de investidura se ofreci\u00f3 en directo en el canal de Youtube del Ayuntamiento de l\u2019Eliana y est\u00e1 disponible en el siguiente enlace: https:\/\/youtu.be\/WGUGa&#8211;L144<\/p>\n","protected":false},"excerpt":{"rendered":"<div class=\"mh-excerpt\">El primer edil obtiene la mayor\u00eda absoluta para gobernar en los pr\u00f3ximos cuatro a\u00f1os El pasado s\u00e1bado a las 11 de la ma\u00f1ana se celebr\u00f3 el Pleno de investidura en el Ayuntamiento de l\u2019Eliana, en <a class=\"mh-excerpt-more\" href=\"https:\/\/www.tucomarca.com\/wordpress\/segunda\/el-pleno-de-leliana-elige-a-salva-torrent-como-alcalde-en-su-sesion-de-investidura\/\" title=\"El Pleno de l\u2019Eliana elige a Salva Torrent como alcalde en su sesi\u00f3n de investidura\">[+] <\/a><\/div>\n","protected":false},"author":2,"featured_media":87831,"comment_status":"open","ping_status":"open","sticky":false,"template":"","format":"standard","meta":{"footnotes":""},"categories":[177,8,142,3,45],"tags":[10433],"class_list":{"0":"post-87830","1":"post","2":"type-post","3":"status-publish","4":"format-standard","5":"has-post-thumbnail","7":"category-leliana","8":"category-la-comarca","9":"category-politica-la-comarca","10":"category-seccion","11":"category-ventana","12":"tag-leliana"},"_links":{"self":[{"href":"https:\/\/www.tucomarca.com\/wordpress\/segunda\/wp-json\/wp\/v2\/posts\/87830","targetHints":{"allow":["GET"]}}],"collection":[{"href":"https:\/\/www.tucomarca.com\/wordpress\/segunda\/wp-json\/wp\/v2\/posts"}],"about":[{"href":"https:\/\/www.tucomarca.com\/wordpress\/segunda\/wp-json\/wp\/v2\/types\/post"}],"author":[{"embeddable":true,"href":"https:\/\/www.tucomarca.com\/wordpress\/segunda\/wp-json\/wp\/v2\/users\/2"}],"replies":[{"embeddable":true,"href":"https:\/\/www.tucomarca.com\/wordpress\/segunda\/wp-json\/wp\/v2\/comments?post=87830"}],"version-history":[{"count":0,"href":"https:\/\/www.tucomarca.com\/wordpress\/segunda\/wp-json\/wp\/v2\/posts\/87830\/revisions"}],"wp:featuredmedia":[{"embeddable":true,"href":"https:\/\/www.tucomarca.com\/wordpress\/segunda\/wp-json\/wp\/v2\/media\/87831"}],"wp:attachment":[{"href":"https:\/\/www.tucomarca.com\/wordpress\/segunda\/wp-json\/wp\/v2\/media?parent=87830"}],"wp:term":[{"taxonomy":"category","embeddable":true,"href":"https:\/\/www.tucomarca.com\/wordpress\/segunda\/wp-json\/wp\/v2\/categories?post=87830"},{"taxonomy":"post_tag","embeddable":true,"href":"https:\/\/www.tucomarca.com\/wordpress\/segunda\/wp-json\/wp\/v2\/tags?post=87830"}],"curies":[{"name":"wp","href":"https:\/\/api.w.org\/{rel}","templated":true}]}}