{"id":8786,"date":"2012-11-08T22:01:01","date_gmt":"2012-11-08T21:01:01","guid":{"rendered":"http:\/\/www.tucomarca.com\/wordpress\/segunda\/?p=8786"},"modified":"2012-11-08T22:01:01","modified_gmt":"2012-11-08T21:01:01","slug":"un-belen-gigante-sera-una-de-las-novedades-de-la-proxima-edicion-de-la-feria-del-dulce-de-casinos","status":"publish","type":"post","link":"https:\/\/www.tucomarca.com\/wordpress\/segunda\/un-belen-gigante-sera-una-de-las-novedades-de-la-proxima-edicion-de-la-feria-del-dulce-de-casinos\/","title":{"rendered":"Un bel\u00e9n gigante ser\u00e1 una de las novedades de la pr\u00f3xima edici\u00f3n de la Feria del Dulce de Casinos"},"content":{"rendered":"<figure id=\"attachment_8787\" aria-describedby=\"caption-attachment-8787\" style=\"width: 212px\" class=\"wp-caption alignleft\"><a href=\"https:\/\/www.tucomarca.com\/wordpress\/segunda\/wp-content\/uploads\/2012\/11\/cartell-casinos.png\"><img loading=\"lazy\" decoding=\"async\" class=\"size-medium wp-image-8787\" title=\"cartell-casinos\" src=\"https:\/\/www.tucomarca.com\/wordpress\/segunda\/wp-content\/uploads\/2012\/11\/cartell-casinos-212x300.png\" alt=\"Cartel anunciador de la muestra de este a\u00f1o.\" width=\"212\" height=\"300\" srcset=\"https:\/\/www.tucomarca.com\/wordpress\/segunda\/wp-content\/uploads\/2012\/11\/cartell-casinos-212x300.png 212w, https:\/\/www.tucomarca.com\/wordpress\/segunda\/wp-content\/uploads\/2012\/11\/cartell-casinos-723x1024.png 723w, https:\/\/www.tucomarca.com\/wordpress\/segunda\/wp-content\/uploads\/2012\/11\/cartell-casinos.png 842w\" sizes=\"auto, (max-width: 212px) 100vw, 212px\" \/><\/a><figcaption id=\"caption-attachment-8787\" class=\"wp-caption-text\">Cartel anunciador de la muestra de este a\u00f1o.<\/figcaption><\/figure>\n<p>Cuando quedan pocos d\u00edas para que se celebre la decimotercera edici\u00f3n de la Feria del Dulce de Casinos, ya conocemos la agenda de este certamen. El M.I. Ayuntamiento ha incluido como novedades este a\u00f1o la exposici\u00f3n de un bel\u00e9n gigante en la sala multiusos de la Casa de la Juventud, talleres de pintura y esparto para ni\u00f1os, y diferentes exhibiciones.<\/p>\n<p>Se mantienen los eventos que a\u00f1o tras a\u00f1o siguen siendo un \u00e9xito entre los habitantes de Casinos y los ciudadanos que visitan esos d\u00edas la localidad del Camp de T\u00faria. Entre lo m\u00e1s destacado se encuentran las exhibiciones de autocaravanas, de coches cl\u00e1sicos y de motos, as\u00ed como la exhibici\u00f3n matinal de acrobacias de motocicletas junto al recinto ferial. La inauguraci\u00f3n tendr\u00e1 lugar la tarde del viernes 23, a las 19,30 horas, en el recinto ferial de Gallipatos, que contar\u00e1 con la presencia del Vicepresidente del Consell y Conseller de Presidencia de la Generalitat Valenciana, el honorable Jos\u00e9 C\u00edscar Bolufer. El Ayuntamiento ha mantenido la inversi\u00f3n en la &#8216;Fira del Dol\u00e7&#8217;, porque seg\u00fan fuentes del consistorio, &#8216;la feria aporta un bien a todo el municipio de Casinos&#8217;. Informa, <strong>Alejandro Sanz Ventura<\/strong>.<\/p>\n<p><strong>Agenda:<\/strong><\/p>\n<p>D\u00eda 23, Viernes.<br \/>\n18:30. Inauguraci\u00f3n del bel\u00e9n en la sala multiusos de la Casa de la Juventud.<br \/>\n19:00. Recepci\u00f3n de autoridades en el Ayuntamiento<br \/>\n19:15. Entrega de equipajes al equipo de f\u00fatbol Querub\u00edn del CD Casinos<br \/>\n19:30. Inauguraci\u00f3n oficial de la XIII Ferial del Dulce Artesano, Peladillas y Turrones con la presencia del honorable Vicepresident del Consell, Jos\u00e9 C\u00edscar. Al finalizar, degustaci\u00f3n de peladillas, turrones y mistela para los asistentes.<\/p>\n<p>D\u00eda 24, S\u00e1bado.<br \/>\n10:00. Apertura del recinto ferial, que permanecer\u00e1 abierto hasta las 21:00 horas.<br \/>\n10:00. Mundo infantil durante todo el d\u00eda, junto al recinto ferial.<br \/>\n10:00. VI Concentraci\u00f3n de Autocaravanas junto al recinto ferial.<br \/>\n11:00. Exposici\u00f3n del bel\u00e9n. De 11:00 a 14:00 horas, y de 16:30 a 20:30 horas en el sal\u00f3n multiusos de la Casa de la Juventud.<br \/>\n11:00. Taller de pintura y esparto para ni\u00f1os, junto al recinto ferial.<br \/>\n11:30. Exhibici\u00f3n del grupo de iniciaci\u00f3n a la Danza Cl\u00e1sica, dentro del recinto ferial.<br \/>\n11:45. Exhibici\u00f3n de bailes de sal\u00f3n, dentro del recinto ferial.<br \/>\n12:00. Exhibici\u00f3n de gimnasia r\u00edtmica, dentro del recinto ferial.<br \/>\n12:45. Exhibici\u00f3n de Funky, dentro del recinto ferial.<br \/>\n13:00. Pasacalle por al Uni\u00f3n Musical Casinense que finalizar\u00e1 en el recinto ferial.<br \/>\n17:00. Exhibici\u00f3n de batucada dentro del recinto ferial.<\/p>\n<p>D\u00eda 25, Domingo.<br \/>\n10:00. Apertura del recinto ferial, que permanecer\u00e1 abierto hasta las 21:00 horas.<br \/>\n10:00. Mundo infantil durante todo el d\u00eda, junto al recinto ferial.<br \/>\n11:00. Exposici\u00f3n del bel\u00e9n. De 11:00 a 14:00 horas, y de 16:30 a 20:30 horas en el sal\u00f3n multiusos de la Casa de la Juventud.<br \/>\n11:00. Taller de pintura y esparto para ni\u00f1os, junto al recinto ferial.<br \/>\n11:00. Concentraci\u00f3n de motos, junto al recinto ferial.<br \/>\n11:00. Concentraci\u00f3n de coches cl\u00e1sicos, junto al recinto ferial.<br \/>\n12:00. Pasacalle de la Uni\u00f3n Musical Casinense que finalizar\u00e1 en el recinto ferial.<br \/>\n13:00. Exhibici\u00f3n matinal de &#8216;Stunt&#8217; (acrobacias de motocicleta), junto al recinto ferial.<br \/>\n17:00. Bailes regional, dentro del recinto ferial.<br \/>\n19:30. Clausura de la XIII Feria del Dulce Artesano, Peladillas y Turrones de Casinos. Al finalizar, degustaci\u00f3n de peladillas, turrones y mistela para los asistentes.<\/p>\n","protected":false},"excerpt":{"rendered":"<div class=\"mh-excerpt\">Cuando quedan pocos d\u00edas para que se celebre la decimotercera edici\u00f3n de la Feria del Dulce de Casinos, ya conocemos la agenda de este certamen. El M.I. Ayuntamiento ha incluido como novedades este a\u00f1o la <a class=\"mh-excerpt-more\" href=\"https:\/\/www.tucomarca.com\/wordpress\/segunda\/un-belen-gigante-sera-una-de-las-novedades-de-la-proxima-edicion-de-la-feria-del-dulce-de-casinos\/\" title=\"Un bel\u00e9n gigante ser\u00e1 una de las novedades de la pr\u00f3xima edici\u00f3n de la Feria del Dulce de Casinos\">[+] <\/a><\/div>\n","protected":false},"author":1,"featured_media":8787,"comment_status":"open","ping_status":"open","sticky":false,"template":"","format":"standard","meta":{"footnotes":""},"categories":[4,169,46,175,8,3],"tags":[],"class_list":{"0":"post-8786","1":"post","2":"type-post","3":"status-publish","4":"format-standard","5":"has-post-thumbnail","7":"category-agenda","8":"category-agricultura-la-comarca","9":"category-camp-de-turia","10":"category-casinos","11":"category-la-comarca","12":"category-seccion"},"_links":{"self":[{"href":"https:\/\/www.tucomarca.com\/wordpress\/segunda\/wp-json\/wp\/v2\/posts\/8786","targetHints":{"allow":["GET"]}}],"collection":[{"href":"https:\/\/www.tucomarca.com\/wordpress\/segunda\/wp-json\/wp\/v2\/posts"}],"about":[{"href":"https:\/\/www.tucomarca.com\/wordpress\/segunda\/wp-json\/wp\/v2\/types\/post"}],"author":[{"embeddable":true,"href":"https:\/\/www.tucomarca.com\/wordpress\/segunda\/wp-json\/wp\/v2\/users\/1"}],"replies":[{"embeddable":true,"href":"https:\/\/www.tucomarca.com\/wordpress\/segunda\/wp-json\/wp\/v2\/comments?post=8786"}],"version-history":[{"count":0,"href":"https:\/\/www.tucomarca.com\/wordpress\/segunda\/wp-json\/wp\/v2\/posts\/8786\/revisions"}],"wp:featuredmedia":[{"embeddable":true,"href":"https:\/\/www.tucomarca.com\/wordpress\/segunda\/wp-json\/wp\/v2\/media\/8787"}],"wp:attachment":[{"href":"https:\/\/www.tucomarca.com\/wordpress\/segunda\/wp-json\/wp\/v2\/media?parent=8786"}],"wp:term":[{"taxonomy":"category","embeddable":true,"href":"https:\/\/www.tucomarca.com\/wordpress\/segunda\/wp-json\/wp\/v2\/categories?post=8786"},{"taxonomy":"post_tag","embeddable":true,"href":"https:\/\/www.tucomarca.com\/wordpress\/segunda\/wp-json\/wp\/v2\/tags?post=8786"}],"curies":[{"name":"wp","href":"https:\/\/api.w.org\/{rel}","templated":true}]}}