{"id":8790,"date":"2012-11-09T09:31:42","date_gmt":"2012-11-09T08:31:42","guid":{"rendered":"http:\/\/www.tucomarca.com\/wordpress\/segunda\/?p=8790"},"modified":"2012-11-09T09:31:44","modified_gmt":"2012-11-09T08:31:44","slug":"educacion-anuncia-que-este-fin-de-semana-se-celebra-el-primer-congreso-de-conservatorios-de-musica","status":"publish","type":"post","link":"https:\/\/www.tucomarca.com\/wordpress\/segunda\/educacion-anuncia-que-este-fin-de-semana-se-celebra-el-primer-congreso-de-conservatorios-de-musica\/","title":{"rendered":"Educaci\u00f3n anuncia que este fin de semana se celebra el primer congreso de Conservatorios de m\u00fasica"},"content":{"rendered":"<p><figure id=\"attachment_8791\" aria-describedby=\"caption-attachment-8791\" style=\"width: 300px\" class=\"wp-caption alignleft\"><a href=\"https:\/\/www.tucomarca.com\/wordpress\/segunda\/?attachment_id=8791\" rel=\"attachment wp-att-8791\"><img loading=\"lazy\" decoding=\"async\" src=\"https:\/\/www.tucomarca.com\/wordpress\/segunda\/wp-content\/uploads\/2012\/11\/catala_2-300x200.jpg\" alt=\"\" title=\"catala_2\" width=\"300\" height=\"200\" class=\"size-medium wp-image-8791\" srcset=\"https:\/\/www.tucomarca.com\/wordpress\/segunda\/wp-content\/uploads\/2012\/11\/catala_2-300x200.jpg 300w, https:\/\/www.tucomarca.com\/wordpress\/segunda\/wp-content\/uploads\/2012\/11\/catala_2-1024x683.jpg 1024w\" sizes=\"auto, (max-width: 300px) 100vw, 300px\" \/><\/a><figcaption id=\"caption-attachment-8791\" class=\"wp-caption-text\">Catal\u00e0 observa a un alumno del conservatorio de Mutxamel. tc.c<\/figcaption><\/figure>La consellera de Educaci\u00f3n, Formaci\u00f3n y Empleo, Mar\u00eda Jos\u00e9 Catal\u00e0, ha visitado, en la localidad alicantina de Mutxamel el Conservatorio Profesional de M\u00fasica \u00abRafael Rodr\u00edguez Albert\u00bb. Esta visita se enmarca dentro de todas las acciones que desde la Conselleria se est\u00e1n realizando para ofrecer a los ciudadanos una ense\u00f1anza de la m\u00fasica de calidad y lo m\u00e1s cercana posible al lugar de residencia del ciudadano.<br \/>\nEn la visita, la consellera ha se\u00f1alado que las ense\u00f1anzas musicales \u00abtienen un gran potencial en nuestra Comunitat y una excepcional relevancia para el desarrollo cognitivo y afectivo\u00bb.<br \/>\nSeg\u00fan Catal\u00e0, \u00abla calidad de los m\u00fasicos valencianos es reconocida en todo el mundo, que est\u00e1n trabajando en bandas internacionales\u00bb. De hecho, la consellera ha afirmado que \u00absomos la comunidad aut\u00f3noma con m\u00e1s titulados en formaci\u00f3n musical y la regi\u00f3n europea con m\u00e1s centros de ense\u00f1anza musical\u00bb<br \/>\nAsimismo, Catal\u00e0 ha mostrado el inter\u00e9s por mantener e impulsar la tradici\u00f3n musical valenciana, as\u00ed como por promover la colaboraci\u00f3n institucional en la docencia musical reglada al objeto de garantizar este tipo de ense\u00f1anzas, tan arraigadas en la Comunitat.<br \/>\nDurante el acto, Catala ha anunciado que, desde ma\u00f1ana, la localidad de Torrent acoger\u00e1 el I Congreso de Conservatorios de M\u00fasica de la Comunitat, que reunir\u00e1 a cerca de 300 profesores de m\u00fasica con la finalidad de impulsar y mejorar estas ense\u00f1anzas.<br \/>\nAdem\u00e1s, Catal\u00e0 ha resaltado el esfuerzo de la Conselleria de Educaci\u00f3n \u00abpor implantar los Centros de Formaci\u00f3n del Profesorado CEFIRE en los conservatorios, para mejorar las posibilidades de formaci\u00f3n y cualificaci\u00f3n de los docentes de las ense\u00f1anzas art\u00edsticas\u00bb.<br \/>\nLa apuesta de la Generalitat por la pr\u00e1ctica musical va m\u00e1s all\u00e1, seg\u00fan la consellera, quien ha afirmado que recientemente ha aprobado una l\u00ednea de ayudas de 300.000 euros \u00abpara aquellos centros que apuesten por aplicar las actividades musicales en el aula para mejorar el rendimiento acad\u00e9mico\u00bb.<\/p>\n<p>\u00abLa \u00faltima evaluaci\u00f3n diagn\u00f3stica de la Comunitat ha demostrado que aquellos alumnos que dedican varias horas a la semana a la pr\u00e1ctica musical obtienen mejores resultados en ling\u00fc\u00edstica y matem\u00e1tica\u00bb, ha afirmado.<\/p>\n<p>3&#8217;4 millones de euros en ayudas para la ense\u00f1anza musical<br \/>\nLa Conselleria de Educaci\u00f3n, Formaci\u00f3n y Empleo ha resuelto, recientemente, conceder 3,4 millones de euros en ayudas dirigidas a 63 conservatorios y centros autorizados de ense\u00f1anzas elementales y profesionales dependientes de corporaciones locales y entidades privadas sin \u00e1nimo de lucro para 2012.<br \/>\nEn esta convocatoria han resultado beneficiarios un total de 63 centros, 1 m\u00e1s que el pasado a\u00f1o, de los que 32 son conservatorios y 31 centros privados autorizados de m\u00fasica. En concreto, se trata de 16 conservatorios de Alicante, 3 conservatorios y 4 centros privados de Castell\u00f3n y 13 conservatorios y 27 centros privados de la provincia de Valencia.<br \/>\nEn suma, todos estos centros escolarizan a un total de 9.917 alumnos, lo que supone un incremento de 521 alumnos con respecto al a\u00f1o 2011.<br \/>\nAsimismo, a los 3,4 millones de euros hay que a\u00f1adir los 107.850 euros que la Conselleria destina a financiar el centro integrado de m\u00fasica Uni\u00f3 Musical de Ll\u00edria.<br \/>\nEl Conservatorio Profesional de M\u00fasica de Mutxamel, que cuenta con 280 puestos escolares y 15 profesores, bajo la direcci\u00f3n de Pedro Francisco Leal, imparte con reconocimiento oficial las ense\u00f1anzas contempladas en la LOE, correspondientes a las especialidades de grado elemental siguientes: Piano, Viol\u00edn, Clarinete, Trompeta, Tromb\u00f3n, Guitarra y Saxof\u00f3n. Asimismo, tambi\u00e9n imparte las especialidades de grado profesional que se detallan a continuaci\u00f3n: Viol\u00edn, Viola, Violonchelo, Clarinete, Flauta Travesera, Trompeta, Tromb\u00f3n, Trompa, Saxof\u00f3n, Guitarra, Piano, Percusi\u00f3n y Canto<\/p>\n","protected":false},"excerpt":{"rendered":"<div class=\"mh-excerpt\">La consellera de Educaci\u00f3n, Formaci\u00f3n y Empleo, Mar\u00eda Jos\u00e9 Catal\u00e0, ha visitado, en la localidad alicantina de Mutxamel el Conservatorio Profesional de M\u00fasica \u00abRafael Rodr\u00edguez Albert\u00bb. Esta visita se enmarca dentro de todas las acciones <a class=\"mh-excerpt-more\" href=\"https:\/\/www.tucomarca.com\/wordpress\/segunda\/educacion-anuncia-que-este-fin-de-semana-se-celebra-el-primer-congreso-de-conservatorios-de-musica\/\" title=\"Educaci\u00f3n anuncia que este fin de semana se celebra el primer congreso de Conservatorios de m\u00fasica\">[+] <\/a><\/div>\n","protected":false},"author":2,"featured_media":8791,"comment_status":"open","ping_status":"open","sticky":false,"template":"","format":"standard","meta":{"footnotes":""},"categories":[66,72,10,7,3,45],"tags":[],"class_list":{"0":"post-8790","1":"post","2":"type-post","3":"status-publish","4":"format-standard","5":"has-post-thumbnail","7":"category-musica","8":"category-sin-categorizar","9":"category-la-hoya","10":"category-ocio-y-cultura","11":"category-seccion","12":"category-ventana"},"_links":{"self":[{"href":"https:\/\/www.tucomarca.com\/wordpress\/segunda\/wp-json\/wp\/v2\/posts\/8790","targetHints":{"allow":["GET"]}}],"collection":[{"href":"https:\/\/www.tucomarca.com\/wordpress\/segunda\/wp-json\/wp\/v2\/posts"}],"about":[{"href":"https:\/\/www.tucomarca.com\/wordpress\/segunda\/wp-json\/wp\/v2\/types\/post"}],"author":[{"embeddable":true,"href":"https:\/\/www.tucomarca.com\/wordpress\/segunda\/wp-json\/wp\/v2\/users\/2"}],"replies":[{"embeddable":true,"href":"https:\/\/www.tucomarca.com\/wordpress\/segunda\/wp-json\/wp\/v2\/comments?post=8790"}],"version-history":[{"count":0,"href":"https:\/\/www.tucomarca.com\/wordpress\/segunda\/wp-json\/wp\/v2\/posts\/8790\/revisions"}],"wp:featuredmedia":[{"embeddable":true,"href":"https:\/\/www.tucomarca.com\/wordpress\/segunda\/wp-json\/wp\/v2\/media\/8791"}],"wp:attachment":[{"href":"https:\/\/www.tucomarca.com\/wordpress\/segunda\/wp-json\/wp\/v2\/media?parent=8790"}],"wp:term":[{"taxonomy":"category","embeddable":true,"href":"https:\/\/www.tucomarca.com\/wordpress\/segunda\/wp-json\/wp\/v2\/categories?post=8790"},{"taxonomy":"post_tag","embeddable":true,"href":"https:\/\/www.tucomarca.com\/wordpress\/segunda\/wp-json\/wp\/v2\/tags?post=8790"}],"curies":[{"name":"wp","href":"https:\/\/api.w.org\/{rel}","templated":true}]}}