{"id":87910,"date":"2019-06-20T22:16:58","date_gmt":"2019-06-20T20:16:58","guid":{"rendered":"http:\/\/www.tucomarca.com\/wordpress\/segunda\/?p=87910"},"modified":"2019-06-20T22:16:58","modified_gmt":"2019-06-20T20:16:58","slug":"luis-francisco-yeves-revalida-su-cargo-como-alcalde-de-venta-del-moro","status":"publish","type":"post","link":"https:\/\/www.tucomarca.com\/wordpress\/segunda\/luis-francisco-yeves-revalida-su-cargo-como-alcalde-de-venta-del-moro\/","title":{"rendered":"Luis Francisco Yeves revalida su cargo como alcalde de Venta del Moro"},"content":{"rendered":"<figure id=\"attachment_87911\" aria-describedby=\"caption-attachment-87911\" style=\"width: 450px\" class=\"wp-caption alignleft\"><img loading=\"lazy\" decoding=\"async\" class=\" wp-image-87911\" src=\"https:\/\/www.tucomarca.com\/wordpress\/segunda\/wp-content\/uploads\/2019\/06\/LuisFranVenta.jpg\" alt=\"Luis Francisco Yeves ha revalidado su cargo como alcalde de Venta del Moro.\" width=\"450\" height=\"253\" srcset=\"https:\/\/www.tucomarca.com\/wordpress\/segunda\/wp-content\/uploads\/2019\/06\/LuisFranVenta.jpg 1024w, https:\/\/www.tucomarca.com\/wordpress\/segunda\/wp-content\/uploads\/2019\/06\/LuisFranVenta-300x169.jpg 300w, https:\/\/www.tucomarca.com\/wordpress\/segunda\/wp-content\/uploads\/2019\/06\/LuisFranVenta-768x432.jpg 768w\" sizes=\"auto, (max-width: 450px) 100vw, 450px\" \/><figcaption id=\"caption-attachment-87911\" class=\"wp-caption-text\">Luis Francisco Yeves ha revalidado su cargo como alcalde de Venta del Moro.<\/figcaption><\/figure>\n<p>La\u00a0corporaci\u00f3n municipal de Venta del Moro\u00a0ha\u00a0ratificado\u00a0este pasado s\u00e1bado como alcalde del municipio al Popular Luis Francisco Yeves, quien repite mandato tras lograr una holgada mayor\u00eda absoluta en las elecciones municipales celebradas el pasado 26 de mayo.<\/p>\n<p>Luis Francisco Yeves\u00a0ha sido investido alcalde con los votos de los siete\u00a0ediles del Partido Popular; mientras que en la oposici\u00f3n se han quedado los dos ediles del PSOE.<\/p>\n<p>El elegido alcalde ha destacado durante su discurso toma de posesi\u00f3n: <em>\u00abQuiero acordarme de todas aquellas personas que nos han precedido como miembros de esta Corporaci\u00f3n por el trabajo que en sus a\u00f1os realizaron por nuestro municipio, en especial, a mis compa\u00f1eros concejales de la pasada legislatura que, con su trabajo exquisito y dedicaci\u00f3n absoluta, pusieron los cimientos para que hoy yo pueda volver a estar delante de vosotros, rodeado de un extraordinario equipo de personas, como alcalde de nuestro municipio. No tengo palabras suficientes para agradecer de coraz\u00f3n a este gran grupo de personas su ilusi\u00f3n, su apoyo y su fuerza para estar hoy donde estamos. Y por supuesto, a quienes por primera vez vais a desempe\u00f1ar vuestras funciones como concejales, gracias. Vuestra energ\u00eda y vuestras ganas de trabajar por nuestro municipio van a ser, estoy convencido de ello, la chispa que aumenten las ganas por hacer de nuestra tierra un lugar lleno de ilusi\u00f3n y de futuro.<\/em><\/p>\n<p><em>No puedo ni debo olvidarme de agradecer en este momento, a todos los funcionarios, t\u00e9cnicos y personal de este ayuntamiento por<span class=\"Apple-converted-space\">\u00a0 <\/span>su ayuda, trabajo, colaboraci\u00f3n y comprensi\u00f3n en el d\u00eda a d\u00eda del funcionamiento de esta instituci\u00f3n ya que, sin ellos, a esta nave le hubiese sido imposible llegar a puerto para seguir avanzando en la direcci\u00f3n correcta.\u00bb<\/em><\/p>\n<p>Luis Francisco tuvo bonitas palabras de agradecimiento para sus amigos y su familia as\u00ed como para <em>\u00abtodos los vecinos del municipio que confiaron y han vuelto a confiar en nuestro proyecto, en nuestras ilusiones y en nuestra forma de trabajar. Agradecer a todos la oportunidad que se abre frente a nosotros, y quiero, desde aqu\u00ed, decir que, no por ser obvio hay que dejar de decirlo, con firmeza y convicci\u00f3n, voy a gobernar para todos, para los que nos han votado y para los que, leg\u00edtimamente, no lo han hecho porque todos somos importantes en este proyecto y todos tenemos cosas a aportar.<\/em><\/p>\n<p><em>M\u00e1s all\u00e1 de nuestras diferencias pol\u00edticas existe un proyecto com\u00fan por el que todos debemos trabajar y por el que no debemos olvidar que estamos hoy aqu\u00ed. Ese proyecto com\u00fan se llama Los Marcos, Las Monjas, Casas de Moya, Casas del Rey, Casas de Pradas, Jaraguas y Venta del Moro. Siete n\u00facleos y un mismo camino.<\/em><\/p>\n<p><em>Mi compromiso, nuestro compromiso es con todos y cada uno de vosotros, de los vecinos de nuestro municipio, con el \u00fanico objetivo de trabajar para conseguir que nuestra tierra, que todos los que aqu\u00ed vivimos, tengamos la oportunidad de avanzar hacia un futuro que debemos construir entre todos con un proyecto claro y concreto. Os pido confianza y os ofrecemos trabajo, esfuerzo, dedicaci\u00f3n y honradez. Esos van a ser los ejes que marquen nuestro d\u00eda a d\u00eda en el ayuntamiento.<\/em><\/p>\n<p><em>Quiero continuar afianzando el modelo de gesti\u00f3n municipal desarrollado hasta ahora, un modelo de atenci\u00f3n cercano, eficaz y eficiente que permita mejorar y que nos permita a los pol\u00edticos actuar con rapidez y acierto, algo primordial y que es la base de la credibilidad de los gobernantes.<\/em><\/p>\n<p><em>Os invito a trabajar juntos, a avanzar juntos, dentro de nuestras l\u00f3gicas discrepancias, para buscar lo mejor para nuestros vecinos y de convertir esta legislatura en la piedra maestra que gu\u00ede y afiance la construcci\u00f3n de una tierra con posibilidades reales de futuro donde sumemos voluntades y restemos diferencias, donde multipliquemos esfuerzos y dividamos problemas.<\/em><\/p>\n<p><em>Desde el minuto cero todos los concejales de esta corporaci\u00f3n comenzaremos nuestro trabajo, un trabajo con un sentido, el servicio a nuestros vecinos. Y as\u00ed ser\u00e1 nuestra gesti\u00f3n, una gesti\u00f3n para todos teng\u00e1is<span class=\"Apple-converted-space\">\u00a0 <\/span>a vuestro ayuntamiento como lo que es, como la administraci\u00f3n m\u00e1s pr\u00f3xima y m\u00e1s eficaz a la hora de resolver problemas y velar por los intereses de todos y cada uno de los que vivimos en este extraordinario municipio.<\/em><\/p>\n<p><em>Lo dije la primera vez que me disteis la responsabilidad de gobierno; lo volv\u00ed a decir en 2015 y vuelvo a repetirlo ahora: Dentro de cuatro a\u00f1os, el pueblo volver\u00e1 a examinar nuestra gesti\u00f3n en las urnas, pero d\u00eda a d\u00eda, desde la transparencia que debe ofrecer esta instituci\u00f3n, nuestros vecinos valorar\u00e1n el trabajo llevado a cabo por el equipo de gobierno. Venta del Moro, Jaraguas, Las Monjas, Los Marcos, Casas del Rey, Casas de Pradas y Casas de Moya construyen su futuro d\u00eda a d\u00eda, y d\u00eda a d\u00eda tenemos la obligaci\u00f3n, y as\u00ed lo haremos, de rendir cuentas a aquellos que son nuestra raz\u00f3n de ser, nuestros vecinos.\u00bb<\/em><\/p>\n<p>&nbsp;<\/p>\n","protected":false},"excerpt":{"rendered":"<div class=\"mh-excerpt\">La\u00a0corporaci\u00f3n municipal de Venta del Moro\u00a0ha\u00a0ratificado\u00a0este pasado s\u00e1bado como alcalde del municipio al Popular Luis Francisco Yeves, quien repite mandato tras lograr una holgada mayor\u00eda absoluta en las elecciones municipales celebradas el pasado 26 de <a class=\"mh-excerpt-more\" href=\"https:\/\/www.tucomarca.com\/wordpress\/segunda\/luis-francisco-yeves-revalida-su-cargo-como-alcalde-de-venta-del-moro\/\" title=\"Luis Francisco Yeves revalida su cargo como alcalde de Venta del Moro\">[+] <\/a><\/div>\n","protected":false},"author":1,"featured_media":87911,"comment_status":"open","ping_status":"open","sticky":false,"template":"","format":"standard","meta":{"footnotes":""},"categories":[8,142,27,3,234,45],"tags":[10454],"class_list":{"0":"post-87910","1":"post","2":"type-post","3":"status-publish","4":"format-standard","5":"has-post-thumbnail","7":"category-la-comarca","8":"category-politica-la-comarca","9":"category-requena-utiel","10":"category-seccion","11":"category-venta-del-moro","12":"category-ventana","13":"tag-venta-del-moro"},"_links":{"self":[{"href":"https:\/\/www.tucomarca.com\/wordpress\/segunda\/wp-json\/wp\/v2\/posts\/87910","targetHints":{"allow":["GET"]}}],"collection":[{"href":"https:\/\/www.tucomarca.com\/wordpress\/segunda\/wp-json\/wp\/v2\/posts"}],"about":[{"href":"https:\/\/www.tucomarca.com\/wordpress\/segunda\/wp-json\/wp\/v2\/types\/post"}],"author":[{"embeddable":true,"href":"https:\/\/www.tucomarca.com\/wordpress\/segunda\/wp-json\/wp\/v2\/users\/1"}],"replies":[{"embeddable":true,"href":"https:\/\/www.tucomarca.com\/wordpress\/segunda\/wp-json\/wp\/v2\/comments?post=87910"}],"version-history":[{"count":0,"href":"https:\/\/www.tucomarca.com\/wordpress\/segunda\/wp-json\/wp\/v2\/posts\/87910\/revisions"}],"wp:featuredmedia":[{"embeddable":true,"href":"https:\/\/www.tucomarca.com\/wordpress\/segunda\/wp-json\/wp\/v2\/media\/87911"}],"wp:attachment":[{"href":"https:\/\/www.tucomarca.com\/wordpress\/segunda\/wp-json\/wp\/v2\/media?parent=87910"}],"wp:term":[{"taxonomy":"category","embeddable":true,"href":"https:\/\/www.tucomarca.com\/wordpress\/segunda\/wp-json\/wp\/v2\/categories?post=87910"},{"taxonomy":"post_tag","embeddable":true,"href":"https:\/\/www.tucomarca.com\/wordpress\/segunda\/wp-json\/wp\/v2\/tags?post=87910"}],"curies":[{"name":"wp","href":"https:\/\/api.w.org\/{rel}","templated":true}]}}