{"id":87936,"date":"2019-06-20T22:38:13","date_gmt":"2019-06-20T20:38:13","guid":{"rendered":"http:\/\/www.tucomarca.com\/wordpress\/segunda\/?p=87936"},"modified":"2019-06-20T22:38:13","modified_gmt":"2019-06-20T20:38:13","slug":"bunol-celebrara-este-domingo-23-la-noche-de-san-juan-en-la-que-se-proclamara-a-la-reina-de-la-feria-y-fiestas-2019","status":"publish","type":"post","link":"https:\/\/www.tucomarca.com\/wordpress\/segunda\/bunol-celebrara-este-domingo-23-la-noche-de-san-juan-en-la-que-se-proclamara-a-la-reina-de-la-feria-y-fiestas-2019\/","title":{"rendered":"Bu\u00f1ol celebrar\u00e1 este domingo 23 la Noche de San Juan en la que se proclamar\u00e1 a la Reina de la Feria y Fiestas 2019"},"content":{"rendered":"<figure id=\"attachment_87937\" aria-describedby=\"caption-attachment-87937\" style=\"width: 346px\" class=\"wp-caption alignleft\"><img loading=\"lazy\" decoding=\"async\" class=\" wp-image-87937\" src=\"https:\/\/www.tucomarca.com\/wordpress\/segunda\/wp-content\/uploads\/2019\/06\/SANJUAN2019.jpg\" alt=\"El pr\u00f3ximo domingo a partir de las 22,00 h. en el parque de Borrunes.\" width=\"346\" height=\"474\" srcset=\"https:\/\/www.tucomarca.com\/wordpress\/segunda\/wp-content\/uploads\/2019\/06\/SANJUAN2019.jpg 576w, https:\/\/www.tucomarca.com\/wordpress\/segunda\/wp-content\/uploads\/2019\/06\/SANJUAN2019-219x300.jpg 219w\" sizes=\"auto, (max-width: 346px) 100vw, 346px\" \/><figcaption id=\"caption-attachment-87937\" class=\"wp-caption-text\">El pr\u00f3ximo domingo a partir de las 22,00 h. en el parque de Borrunes.<\/figcaption><\/figure>\n<p><strong>Como es tradicional, el parque de Borrunes de Bu\u00f1ol acoge este domingo 23 la celebraci\u00f3n de la Noche de San Juan en la localidad.<\/strong><\/p>\n<p>Previa a la verbena, y como ya es costumbre, a partir de las 22,00 h. se realizar\u00e1 una cena de sobaquillo en el recinto de Borrunes organizada por la Asociaci\u00f3n de Empresarios y Comerciantes en colaboraci\u00f3n con la Falla Bu\u00f1ol Pueblo, quienes llevar\u00e1n la barra en esta ocasi\u00f3n, y con la inestimable colaboraci\u00f3n de la concejal\u00eda de Fiestas del Ayuntamiento de Bu\u00f1ol.<\/p>\n<p>Tras la cena comenzar\u00e1 la verbena de la m\u00e1gica noche de San Juan, all\u00ed se realizar\u00e1 la proclamaci\u00f3n de la que va a representar al municipio de Bu\u00f1ol como Reina de la Feria y Fiestas para este a\u00f1o 2019, la joven <strong>Carmen Marzo Belda<\/strong>, acompa\u00f1ada de su corte de honor que tambi\u00e9n ser\u00e1 anunciada en la celebraci\u00f3n y de su antecesora en el reinado, <strong>Pepa Sierra Tamarit<\/strong>.<\/p>\n<p>Amenizar\u00e1 la noche la Macro Disco M\u00f3vil Finito con m\u00fasica de baile hasta que el cuerpo aguante.<\/p>\n<p>Tambi\u00e9n se realizar\u00e1 la tradicional rifa en la que se repartir\u00e1n numerosos regalos para los ganadores del sorteo, entre ellos varios jamones, lotes de vino, una bicicleta BMX y pases para el cami\u00f3n de La Tomatina 2019.<\/p>\n<p>El edil de Fiestas, <strong>Rafa P\u00e9rez<\/strong> y la alcaldesa, <strong>Juncal Carrascosa<\/strong>, ser\u00e1n los encargados de dar la bienvenida tanto a la joven protagonista como a quienes formar\u00e1n parte de su corte de honor. Ser\u00e1 en agosto cuando la Reina y su corte vuelvan a adquirir protagonismo durante el acto de presentaci\u00f3n en el auditorio al aire libre y que marcar\u00e1 el inicio del ciclo festivo de verano.<\/p>\n","protected":false},"excerpt":{"rendered":"<div class=\"mh-excerpt\">Como es tradicional, el parque de Borrunes de Bu\u00f1ol acoge este domingo 23 la celebraci\u00f3n de la Noche de San Juan en la localidad. Previa a la verbena, y como ya es costumbre, a partir <a class=\"mh-excerpt-more\" href=\"https:\/\/www.tucomarca.com\/wordpress\/segunda\/bunol-celebrara-este-domingo-23-la-noche-de-san-juan-en-la-que-se-proclamara-a-la-reina-de-la-feria-y-fiestas-2019\/\" title=\"Bu\u00f1ol celebrar\u00e1 este domingo 23 la Noche de San Juan en la que se proclamar\u00e1 a la Reina de la Feria y Fiestas 2019\">[+] <\/a><\/div>\n","protected":false},"author":2,"featured_media":87937,"comment_status":"open","ping_status":"open","sticky":false,"template":"","format":"standard","meta":{"footnotes":""},"categories":[4,18,10,383,3],"tags":[10385],"class_list":{"0":"post-87936","1":"post","2":"type-post","3":"status-publish","4":"format-standard","5":"has-post-thumbnail","7":"category-agenda","8":"category-bunol","9":"category-la-hoya","10":"category-pueblos-en-fiestas","11":"category-seccion","12":"tag-bunol"},"_links":{"self":[{"href":"https:\/\/www.tucomarca.com\/wordpress\/segunda\/wp-json\/wp\/v2\/posts\/87936","targetHints":{"allow":["GET"]}}],"collection":[{"href":"https:\/\/www.tucomarca.com\/wordpress\/segunda\/wp-json\/wp\/v2\/posts"}],"about":[{"href":"https:\/\/www.tucomarca.com\/wordpress\/segunda\/wp-json\/wp\/v2\/types\/post"}],"author":[{"embeddable":true,"href":"https:\/\/www.tucomarca.com\/wordpress\/segunda\/wp-json\/wp\/v2\/users\/2"}],"replies":[{"embeddable":true,"href":"https:\/\/www.tucomarca.com\/wordpress\/segunda\/wp-json\/wp\/v2\/comments?post=87936"}],"version-history":[{"count":0,"href":"https:\/\/www.tucomarca.com\/wordpress\/segunda\/wp-json\/wp\/v2\/posts\/87936\/revisions"}],"wp:featuredmedia":[{"embeddable":true,"href":"https:\/\/www.tucomarca.com\/wordpress\/segunda\/wp-json\/wp\/v2\/media\/87937"}],"wp:attachment":[{"href":"https:\/\/www.tucomarca.com\/wordpress\/segunda\/wp-json\/wp\/v2\/media?parent=87936"}],"wp:term":[{"taxonomy":"category","embeddable":true,"href":"https:\/\/www.tucomarca.com\/wordpress\/segunda\/wp-json\/wp\/v2\/categories?post=87936"},{"taxonomy":"post_tag","embeddable":true,"href":"https:\/\/www.tucomarca.com\/wordpress\/segunda\/wp-json\/wp\/v2\/tags?post=87936"}],"curies":[{"name":"wp","href":"https:\/\/api.w.org\/{rel}","templated":true}]}}