{"id":87964,"date":"2019-06-20T22:45:18","date_gmt":"2019-06-20T20:45:18","guid":{"rendered":"http:\/\/www.tucomarca.com\/wordpress\/segunda\/?p=87964"},"modified":"2019-06-20T22:45:18","modified_gmt":"2019-06-20T20:45:18","slug":"ximo-puig-asiste-al-acto-presidido-por-su-majestad-el-rey-felipe-vi-con-motivo-de-las-maniobras-angel-guardian-19-en-betera","status":"publish","type":"post","link":"https:\/\/www.tucomarca.com\/wordpress\/segunda\/ximo-puig-asiste-al-acto-presidido-por-su-majestad-el-rey-felipe-vi-con-motivo-de-las-maniobras-angel-guardian-19-en-betera\/","title":{"rendered":"Ximo Puig asiste al acto presidido por Su Majestad el Rey Felipe VI con motivo de las maniobras \u2018\u00c1ngel Guardi\u00e1n 19\u2019 en B\u00e9tera"},"content":{"rendered":"<figure id=\"attachment_87965\" aria-describedby=\"caption-attachment-87965\" style=\"width: 469px\" class=\"wp-caption alignnone\"><img loading=\"lazy\" decoding=\"async\" class=\" wp-image-87965\" src=\"https:\/\/www.tucomarca.com\/wordpress\/segunda\/wp-content\/uploads\/2019\/06\/ReyBetera.jpg\" alt=\"Ximo Puig asiste al acto presidido por Su Majestad el Rey Felipe VI con motivo de las maniobras \u2018\u00c1ngel Guardi\u00e1n 19\u2019 en B\u00e9tera.\" width=\"469\" height=\"326\" srcset=\"https:\/\/www.tucomarca.com\/wordpress\/segunda\/wp-content\/uploads\/2019\/06\/ReyBetera.jpg 1575w, https:\/\/www.tucomarca.com\/wordpress\/segunda\/wp-content\/uploads\/2019\/06\/ReyBetera-300x208.jpg 300w, https:\/\/www.tucomarca.com\/wordpress\/segunda\/wp-content\/uploads\/2019\/06\/ReyBetera-768x533.jpg 768w, https:\/\/www.tucomarca.com\/wordpress\/segunda\/wp-content\/uploads\/2019\/06\/ReyBetera-1024x711.jpg 1024w\" sizes=\"auto, (max-width: 469px) 100vw, 469px\" \/><figcaption id=\"caption-attachment-87965\" class=\"wp-caption-text\">Ximo Puig asiste al acto presidido por Su Majestad el Rey Felipe VI con motivo de las maniobras \u2018\u00c1ngel Guardi\u00e1n 19\u2019 en B\u00e9tera.<\/figcaption><\/figure>\n<p align=\"justify\"><span style=\"font-family: Times, serif;\"><span style=\"font-size: small;\"><span style=\"font-family: 'Times New Roman', serif;\"><span style=\"font-size: medium;\">El <\/span><\/span><span style=\"font-family: 'Times New Roman', serif;\"><span style=\"font-size: medium;\">p<\/span><\/span><span style=\"font-family: 'Times New Roman', serif;\"><span style=\"font-size: medium;\">resident de la Generalitat, Ximo Puig, ha asistido al acto protocolario presidido por Su Majestad el Rey Felipe VI con motivo de las maniobras &#8216;\u00c1ngel Guardi\u00e1n 19&#8217;, realizadas en la base Jaime I de B\u00e9tera <\/span><\/span><span style=\"font-family: 'Times New Roman', serif;\"><span style=\"font-size: medium;\">por la polic\u00eda militar dependiente del Cuartel General Terrestre de Alta Disponibilidad.<\/span><\/span><\/span><\/span><\/p>\n<p align=\"justify\"><span style=\"font-family: Times, serif;\"><span style=\"font-size: small;\"><span style=\"font-family: 'Times New Roman', serif;\"><span style=\"font-size: medium;\">Al acto tambi\u00e9n han asistido la consellera <\/span><\/span><span style=\"font-family: 'Times New Roman', serif;\"><span style=\"font-size: medium;\">de <\/span><\/span><span style=\"font-family: 'Times New Roman', serif;\"><span style=\"font-size: medium;\">Justicia, Interior y Administraci\u00f3n P\u00fablica, Gabriela Bravo, y el director general de la Agencia de Seguridad y Respuesta a <\/span><\/span><span style=\"font-family: 'Times New Roman', serif;\"><span style=\"font-size: medium;\">las <\/span><\/span><span style=\"font-family: 'Times New Roman', serif;\"><span style=\"font-size: medium;\">Emergencias, Jos\u00e9 Mar\u00eda \u00c1ngel.<\/span><\/span><\/span><\/span><\/p>\n","protected":false},"excerpt":{"rendered":"<div class=\"mh-excerpt\">El president de la Generalitat, Ximo Puig, ha asistido al acto protocolario presidido por Su Majestad el Rey Felipe VI con motivo de las maniobras &#8216;\u00c1ngel Guardi\u00e1n 19&#8217;, realizadas en la base Jaime I de <a class=\"mh-excerpt-more\" href=\"https:\/\/www.tucomarca.com\/wordpress\/segunda\/ximo-puig-asiste-al-acto-presidido-por-su-majestad-el-rey-felipe-vi-con-motivo-de-las-maniobras-angel-guardian-19-en-betera\/\" title=\"Ximo Puig asiste al acto presidido por Su Majestad el Rey Felipe VI con motivo de las maniobras \u2018\u00c1ngel Guardi\u00e1n 19\u2019 en B\u00e9tera\">[+] <\/a><\/div>\n","protected":false},"author":1,"featured_media":87965,"comment_status":"open","ping_status":"open","sticky":false,"template":"","format":"standard","meta":{"footnotes":""},"categories":[51,46,8,72,142,3,45],"tags":[10398],"class_list":{"0":"post-87964","1":"post","2":"type-post","3":"status-publish","4":"format-standard","5":"has-post-thumbnail","7":"category-betera","8":"category-camp-de-turia","9":"category-la-comarca","10":"category-sin-categorizar","11":"category-politica-la-comarca","12":"category-seccion","13":"category-ventana","14":"tag-betera"},"_links":{"self":[{"href":"https:\/\/www.tucomarca.com\/wordpress\/segunda\/wp-json\/wp\/v2\/posts\/87964","targetHints":{"allow":["GET"]}}],"collection":[{"href":"https:\/\/www.tucomarca.com\/wordpress\/segunda\/wp-json\/wp\/v2\/posts"}],"about":[{"href":"https:\/\/www.tucomarca.com\/wordpress\/segunda\/wp-json\/wp\/v2\/types\/post"}],"author":[{"embeddable":true,"href":"https:\/\/www.tucomarca.com\/wordpress\/segunda\/wp-json\/wp\/v2\/users\/1"}],"replies":[{"embeddable":true,"href":"https:\/\/www.tucomarca.com\/wordpress\/segunda\/wp-json\/wp\/v2\/comments?post=87964"}],"version-history":[{"count":0,"href":"https:\/\/www.tucomarca.com\/wordpress\/segunda\/wp-json\/wp\/v2\/posts\/87964\/revisions"}],"wp:featuredmedia":[{"embeddable":true,"href":"https:\/\/www.tucomarca.com\/wordpress\/segunda\/wp-json\/wp\/v2\/media\/87965"}],"wp:attachment":[{"href":"https:\/\/www.tucomarca.com\/wordpress\/segunda\/wp-json\/wp\/v2\/media?parent=87964"}],"wp:term":[{"taxonomy":"category","embeddable":true,"href":"https:\/\/www.tucomarca.com\/wordpress\/segunda\/wp-json\/wp\/v2\/categories?post=87964"},{"taxonomy":"post_tag","embeddable":true,"href":"https:\/\/www.tucomarca.com\/wordpress\/segunda\/wp-json\/wp\/v2\/tags?post=87964"}],"curies":[{"name":"wp","href":"https:\/\/api.w.org\/{rel}","templated":true}]}}