{"id":87983,"date":"2019-06-20T22:18:48","date_gmt":"2019-06-20T20:18:48","guid":{"rendered":"http:\/\/www.tucomarca.com\/wordpress\/segunda\/?p=87983"},"modified":"2019-06-20T22:18:48","modified_gmt":"2019-06-20T20:18:48","slug":"compromis-y-eu-rechazan-la-oferta-del-psoe-de-consensuar-un-acuerdo-programatico-un-presupuesto-para-2019-y-entrar-en-la-junta-de-gobierno-de-riba-roja","status":"publish","type":"post","link":"https:\/\/www.tucomarca.com\/wordpress\/segunda\/compromis-y-eu-rechazan-la-oferta-del-psoe-de-consensuar-un-acuerdo-programatico-un-presupuesto-para-2019-y-entrar-en-la-junta-de-gobierno-de-riba-roja\/","title":{"rendered":"Comprom\u00eds y EU rechazan la oferta del PSOE de consensuar un acuerdo program\u00e1tico, un presupuesto para 2019 y entrar en la Junta de Gobierno de Riba-roja"},"content":{"rendered":"<p>Comprom\u00eds y Esquerra Unida han rechazado, finalmente, la oferta del PSOE de Riba-roja de T\u00faria para consensuar un acuerdo program\u00e1tico vigente para toda la legislatura 2019-2023, la elaboraci\u00f3n de un presupuesto econ\u00f3mico para 2019 y, por \u00faltimo, la entrada de ambas formaciones en la Junta de Gobierno Local, en la que tendr\u00edan voz y voto.<span class=\"Apple-converted-space\">\u00a0<\/span><\/p>\n<p>La oferta del PSOE inclu\u00eda adem\u00e1s la posibilidad de que ambos partidos se encargasen de la gesti\u00f3n de diversas \u00e1reas municipales, entre las que destacaban Vivienda y Memoria Hist\u00f3rica para Esquerra Unida, a imagen y semejanza de la distribuci\u00f3n en la Generalitat, y por su parte Comprom\u00eds se encargar\u00eda de Comercio, Pol\u00edtica Ling\u00fc\u00edstica y Asuntos Jur\u00eddicos. <span class=\"Apple-converted-space\">\u00a0<\/span><\/p>\n<p>Sin embargo, los dos partidos pol\u00edticos han rechazado la oferta del PSOE ya que reclaman las mismas competencias que ostentaban en la legislatura pasada en la que Esquerra Unida se encargaba de Asuntos Sociales y R\u00e9gimen Jur\u00eddico mientras que Comprom\u00eds hac\u00eda lo propio con Fomento Econ\u00f3mico, Trabajo y Agricultura adem\u00e1s de una liberaci\u00f3n total en el caso de EU y una liberaci\u00f3n parcial por parte de Comprom\u00eds.<span class=\"Apple-converted-space\">\u00a0<\/span><\/p>\n<p>El PSOE ha rechazado las peticiones de ambas formaciones y les ha emplazado a continuar dialogando y conversando para llegar a acuerdos que permitan trazar una hoja de ruta en programas y proyectos comunes para Riba-roja en el que primen los intereses generales de todos los ciudadanos ya que a lo largo de esta pasada legislatura ha habido un buen clima de trabajo entre las tres formaciones pol\u00edticas.<span class=\"Apple-converted-space\">\u00a0<\/span><\/p>\n<p>Por su parte, Ciudadanos s\u00ed ha aceptado la oferta del PSOE de entrar en la Junta de Gobierno de Riba-roja en la que tendr\u00edan voz y voto con el objetivo de trabajar en la l\u00ednea que esta formaci\u00f3n ha mantenido en esta pasada legislatura en la que ha existido una buena entente, con aportaciones y propuestas en las diversas \u00e1reas de gesti\u00f3n.<span class=\"Apple-converted-space\">\u00a0<\/span><\/p>\n<p>El PSOE ha recalcado que esta negativa de EU y Comprom\u00eds a aceptar la propuesta socialista \u00abno impedir\u00e1 que continuemos el clima de di\u00e1logo y consenso que ha existido en esta legislatura en la que hemos trabajado con un \u00fanico prop\u00f3sito, resolver todos los problemas y cuestiones que heredamos del anterior gobierno y cuyos resultados pueden verse completamente en la realidad\u00bb.<span class=\"Apple-converted-space\">\u00a0<\/span><\/p>\n","protected":false},"excerpt":{"rendered":"<div class=\"mh-excerpt\">Comprom\u00eds y Esquerra Unida han rechazado, finalmente, la oferta del PSOE de Riba-roja de T\u00faria para consensuar un acuerdo program\u00e1tico vigente para toda la legislatura 2019-2023, la elaboraci\u00f3n de un presupuesto econ\u00f3mico para 2019 y, <a class=\"mh-excerpt-more\" href=\"https:\/\/www.tucomarca.com\/wordpress\/segunda\/compromis-y-eu-rechazan-la-oferta-del-psoe-de-consensuar-un-acuerdo-programatico-un-presupuesto-para-2019-y-entrar-en-la-junta-de-gobierno-de-riba-roja\/\" title=\"Comprom\u00eds y EU rechazan la oferta del PSOE de consensuar un acuerdo program\u00e1tico, un presupuesto para 2019 y entrar en la Junta de Gobierno de Riba-roja\">[+] <\/a><\/div>\n","protected":false},"author":1,"featured_media":87985,"comment_status":"open","ping_status":"open","sticky":false,"template":"","format":"standard","meta":{"footnotes":""},"categories":[46,8,142,182,3,45],"tags":[1504],"class_list":{"0":"post-87983","1":"post","2":"type-post","3":"status-publish","4":"format-standard","5":"has-post-thumbnail","7":"category-camp-de-turia","8":"category-la-comarca","9":"category-politica-la-comarca","10":"category-riba-roja","11":"category-seccion","12":"category-ventana","13":"tag-riba-roja-2"},"_links":{"self":[{"href":"https:\/\/www.tucomarca.com\/wordpress\/segunda\/wp-json\/wp\/v2\/posts\/87983","targetHints":{"allow":["GET"]}}],"collection":[{"href":"https:\/\/www.tucomarca.com\/wordpress\/segunda\/wp-json\/wp\/v2\/posts"}],"about":[{"href":"https:\/\/www.tucomarca.com\/wordpress\/segunda\/wp-json\/wp\/v2\/types\/post"}],"author":[{"embeddable":true,"href":"https:\/\/www.tucomarca.com\/wordpress\/segunda\/wp-json\/wp\/v2\/users\/1"}],"replies":[{"embeddable":true,"href":"https:\/\/www.tucomarca.com\/wordpress\/segunda\/wp-json\/wp\/v2\/comments?post=87983"}],"version-history":[{"count":0,"href":"https:\/\/www.tucomarca.com\/wordpress\/segunda\/wp-json\/wp\/v2\/posts\/87983\/revisions"}],"wp:featuredmedia":[{"embeddable":true,"href":"https:\/\/www.tucomarca.com\/wordpress\/segunda\/wp-json\/wp\/v2\/media\/87985"}],"wp:attachment":[{"href":"https:\/\/www.tucomarca.com\/wordpress\/segunda\/wp-json\/wp\/v2\/media?parent=87983"}],"wp:term":[{"taxonomy":"category","embeddable":true,"href":"https:\/\/www.tucomarca.com\/wordpress\/segunda\/wp-json\/wp\/v2\/categories?post=87983"},{"taxonomy":"post_tag","embeddable":true,"href":"https:\/\/www.tucomarca.com\/wordpress\/segunda\/wp-json\/wp\/v2\/tags?post=87983"}],"curies":[{"name":"wp","href":"https:\/\/api.w.org\/{rel}","templated":true}]}}