{"id":88038,"date":"2019-06-26T13:19:53","date_gmt":"2019-06-26T11:19:53","guid":{"rendered":"http:\/\/www.tucomarca.com\/wordpress\/segunda\/?p=88038"},"modified":"2019-06-26T13:19:53","modified_gmt":"2019-06-26T11:19:53","slug":"el-juez-da-la-razon-en-el-ayuntamiento-de-la-pobla-de-vallbona-en-la-convocatoria-de-la-plaza-de-inspector-de-policia","status":"publish","type":"post","link":"https:\/\/www.tucomarca.com\/wordpress\/segunda\/el-juez-da-la-razon-en-el-ayuntamiento-de-la-pobla-de-vallbona-en-la-convocatoria-de-la-plaza-de-inspector-de-policia\/","title":{"rendered":"El juez da la raz\u00f3n en el Ayuntamiento de la Pobla de Vallbona en la convocatoria de la plaza de Inspector de Polic\u00eda"},"content":{"rendered":"<figure id=\"attachment_88039\" aria-describedby=\"caption-attachment-88039\" style=\"width: 480px\" class=\"wp-caption alignleft\"><img loading=\"lazy\" decoding=\"async\" class=\" wp-image-88039\" src=\"https:\/\/www.tucomarca.com\/wordpress\/segunda\/wp-content\/uploads\/2019\/06\/policialocalpobla.jpeg\" alt=\"Ret\u00e9n de la Polic\u00eda Local de la Pobla.\" width=\"480\" height=\"270\" srcset=\"https:\/\/www.tucomarca.com\/wordpress\/segunda\/wp-content\/uploads\/2019\/06\/policialocalpobla.jpeg 640w, https:\/\/www.tucomarca.com\/wordpress\/segunda\/wp-content\/uploads\/2019\/06\/policialocalpobla-300x169.jpeg 300w\" sizes=\"auto, (max-width: 480px) 100vw, 480px\" \/><figcaption id=\"caption-attachment-88039\" class=\"wp-caption-text\">Ret\u00e9n de la Polic\u00eda Local de la Pobla.<\/figcaption><\/figure>\n<p>El Juzgado de lo contencioso-administrativo ha dado la raz\u00f3n en el Ayuntamiento de la Pobla de Vallbona en el recurso presentado por el CSIF a la convocatoria de la plaza de inspector de la Polic\u00eda Local. El juez ha desestimado la totalidad de los argumentos presentados por el sindicato CSIF a la convocatoria de las oposiciones al considerar que se ha cumplido escrupulosamente la ley y las bases se ajustaban a la legalidad vigente.<\/p>\n<p>En este sentido, la sentencia ratifica que la convocatoria mediante promoci\u00f3n interna era la \u00fanica contemplada por el art\u00edculo 18 del decreto 88\/2001 del 24 de abril para oposiciones con solo una plaza. Desestima el recurso de CSIF que ped\u00eda oposiciones donde pudieron presentarse agentes de fuera del cuerpo de la polic\u00eda local de la Pobla, una posibilidad que hubiera supuesto una vulneraci\u00f3n de la ley.<\/p>\n<p>El Juzgado desestima tambi\u00e9n el recurso de CSIF que pretend\u00eda que fuera obligatorio tener una licenciatura o grado para poder presentarse a las oposiciones a inspector de polic\u00eda. La sentencia recoge que de acuerdo con la ley, al tratarse de una categor\u00eda laboral en escala A2, era suficiente una diplomatura para poder optar en esta plaza.<\/p>\n<p>El juez es tajante a la hora de dar la raz\u00f3n en el Ayuntamiento en todos los puntos planteados por CSIF a la convocatoria de las oposiciones a inspector de polic\u00eda y desestimar el recurso presentado por el sindicato.<\/p>\n<p>El alcalde, Josep Vicent Garcia, ha acogido con satisfacci\u00f3n la sentencia que asegura demuestra que el Ayuntamiento ha hecho las cosas bien en la convocatoria de la oposici\u00f3n de inspector de<span class=\"Apple-converted-space\">\u00a0 <\/span>polic\u00eda local. Garcia lamenta \u201cla actitud beligerante que CSIF ha mantenido durante la pasada legislatura, en especial en esta plaza, acusando al consistorio de sacar una plaza a dedo cuando finalmente la persona que se presentaba no super\u00f3 el examen y la justicia nos ha acabado dado la raz\u00f3n\u201d.<\/p>\n<p>El recurso del CSIF a esta convocatoria se present\u00f3 en contra de la voluntad de la mayor\u00eda de los representantes del mismo sindicato a la Pobla, lo que supuso una ruptura interna en la organizaci\u00f3n local. De hecho, muchos de los representantes abandonaron el sindicato que no consigui\u00f3 presentar lista este a\u00f1o en las elecciones sindicales para personal laboral.<\/p>\n","protected":false},"excerpt":{"rendered":"<div class=\"mh-excerpt\">El Juzgado de lo contencioso-administrativo ha dado la raz\u00f3n en el Ayuntamiento de la Pobla de Vallbona en el recurso presentado por el CSIF a la convocatoria de la plaza de inspector de la Polic\u00eda <a class=\"mh-excerpt-more\" href=\"https:\/\/www.tucomarca.com\/wordpress\/segunda\/el-juez-da-la-razon-en-el-ayuntamiento-de-la-pobla-de-vallbona-en-la-convocatoria-de-la-plaza-de-inspector-de-policia\/\" title=\"El juez da la raz\u00f3n en el Ayuntamiento de la Pobla de Vallbona en la convocatoria de la plaza de Inspector de Polic\u00eda\">[+] <\/a><\/div>\n","protected":false},"author":2,"featured_media":88039,"comment_status":"open","ping_status":"open","sticky":false,"template":"","format":"standard","meta":{"footnotes":""},"categories":[46,8,174,3,45],"tags":[1335],"class_list":{"0":"post-88038","1":"post","2":"type-post","3":"status-publish","4":"format-standard","5":"has-post-thumbnail","7":"category-camp-de-turia","8":"category-la-comarca","9":"category-la-pobla","10":"category-seccion","11":"category-ventana","12":"tag-la-pobla-de-vallbona"},"_links":{"self":[{"href":"https:\/\/www.tucomarca.com\/wordpress\/segunda\/wp-json\/wp\/v2\/posts\/88038","targetHints":{"allow":["GET"]}}],"collection":[{"href":"https:\/\/www.tucomarca.com\/wordpress\/segunda\/wp-json\/wp\/v2\/posts"}],"about":[{"href":"https:\/\/www.tucomarca.com\/wordpress\/segunda\/wp-json\/wp\/v2\/types\/post"}],"author":[{"embeddable":true,"href":"https:\/\/www.tucomarca.com\/wordpress\/segunda\/wp-json\/wp\/v2\/users\/2"}],"replies":[{"embeddable":true,"href":"https:\/\/www.tucomarca.com\/wordpress\/segunda\/wp-json\/wp\/v2\/comments?post=88038"}],"version-history":[{"count":0,"href":"https:\/\/www.tucomarca.com\/wordpress\/segunda\/wp-json\/wp\/v2\/posts\/88038\/revisions"}],"wp:featuredmedia":[{"embeddable":true,"href":"https:\/\/www.tucomarca.com\/wordpress\/segunda\/wp-json\/wp\/v2\/media\/88039"}],"wp:attachment":[{"href":"https:\/\/www.tucomarca.com\/wordpress\/segunda\/wp-json\/wp\/v2\/media?parent=88038"}],"wp:term":[{"taxonomy":"category","embeddable":true,"href":"https:\/\/www.tucomarca.com\/wordpress\/segunda\/wp-json\/wp\/v2\/categories?post=88038"},{"taxonomy":"post_tag","embeddable":true,"href":"https:\/\/www.tucomarca.com\/wordpress\/segunda\/wp-json\/wp\/v2\/tags?post=88038"}],"curies":[{"name":"wp","href":"https:\/\/api.w.org\/{rel}","templated":true}]}}