{"id":88044,"date":"2019-06-26T13:27:13","date_gmt":"2019-06-26T11:27:13","guid":{"rendered":"http:\/\/www.tucomarca.com\/wordpress\/segunda\/?p=88044"},"modified":"2019-06-26T13:27:13","modified_gmt":"2019-06-26T11:27:13","slug":"els-barris-de-turis-nombra-a-sus-falleras-mayores-para-2020","status":"publish","type":"post","link":"https:\/\/www.tucomarca.com\/wordpress\/segunda\/els-barris-de-turis-nombra-a-sus-falleras-mayores-para-2020\/","title":{"rendered":"Els Barris de Tur\u00eds nombra a sus falleras mayores para 2020"},"content":{"rendered":"<figure id=\"attachment_88045\" aria-describedby=\"caption-attachment-88045\" style=\"width: 425px\" class=\"wp-caption alignleft\"><img loading=\"lazy\" decoding=\"async\" class=\" wp-image-88045\" src=\"https:\/\/www.tucomarca.com\/wordpress\/segunda\/wp-content\/uploads\/2019\/06\/ElsBarris2020.jpeg\" alt=\"Iv\u00e1n Torres junto a la nueva Fallera Mayor, Silvia Torres Borred\u00e1, Ainhoa Agust\u00ed Iranzo, y Pablo Lashayas Blasco, Fallera Mayor y Presidente Infantil de 2020.\" width=\"425\" height=\"319\" srcset=\"https:\/\/www.tucomarca.com\/wordpress\/segunda\/wp-content\/uploads\/2019\/06\/ElsBarris2020.jpeg 640w, https:\/\/www.tucomarca.com\/wordpress\/segunda\/wp-content\/uploads\/2019\/06\/ElsBarris2020-300x225.jpeg 300w\" sizes=\"auto, (max-width: 425px) 100vw, 425px\" \/><figcaption id=\"caption-attachment-88045\" class=\"wp-caption-text\">Iv\u00e1n Torres junto a la nueva Fallera Mayor, Silvia Torres Borred\u00e1, Ainhoa Agust\u00ed Iranzo, y Pablo Lashayas Blasco, Fallera Mayor y Presidente Infantil de 2020.<\/figcaption><\/figure>\n<p>La Falla Els Barris ha hecho p\u00fablico el nombramiento de sus m\u00e1ximos representantes para el pr\u00f3ximo a\u00f1o. El cargo de Fallera Mayor recaer\u00e1 en Silvia Torres Borred\u00e1, que compartir\u00e1 el cuadro de honor con Ainhoa Agust\u00ed Iranzo y Pablo Lashayas Blasco, Fallera Mayor y Presidente Infantil de 2020.<\/p>\n<p>Ser\u00e1n ellos tres quienes acompa\u00f1en al presidente de la comisi\u00f3n, Iv\u00e1n Torres, en su s\u00e9ptimo a\u00f1o al frente de las fiestas, que como ya es tradici\u00f3n se celebraran en la localidad valenciana despu\u00e9s de San Jos\u00e9.<\/p>\n<p>Con este anuncio, la comisi\u00f3n m\u00e1s numerosa de Tur\u00eds, con alrededor de 460 falleros censados, da un paso m\u00e1s en su preparaci\u00f3n para las fallas despu\u00e9s de renovar a Santaeulalia Tematizaciones por cuarto a\u00f1o consecutivo y esta vez por partida doble, ya que se encargar\u00e1 de realizar los dos monumentos que plantar\u00e1n en su demarcaci\u00f3n.<\/p>\n","protected":false},"excerpt":{"rendered":"<div class=\"mh-excerpt\">La Falla Els Barris ha hecho p\u00fablico el nombramiento de sus m\u00e1ximos representantes para el pr\u00f3ximo a\u00f1o. El cargo de Fallera Mayor recaer\u00e1 en Silvia Torres Borred\u00e1, que compartir\u00e1 el cuadro de honor con Ainhoa <a class=\"mh-excerpt-more\" href=\"https:\/\/www.tucomarca.com\/wordpress\/segunda\/els-barris-de-turis-nombra-a-sus-falleras-mayores-para-2020\/\" title=\"Els Barris de Tur\u00eds nombra a sus falleras mayores para 2020\">[+] <\/a><\/div>\n","protected":false},"author":2,"featured_media":88045,"comment_status":"open","ping_status":"open","sticky":false,"template":"","format":"standard","meta":{"footnotes":""},"categories":[42,5,383,3,43],"tags":[3027,10394],"class_list":{"0":"post-88044","1":"post","2":"type-post","3":"status-publish","4":"format-standard","5":"has-post-thumbnail","7":"category-la-ribera","8":"category-la-semana-en-imagenes","9":"category-pueblos-en-fiestas","10":"category-seccion","11":"category-turis","12":"tag-falla-els-barris","13":"tag-turis"},"_links":{"self":[{"href":"https:\/\/www.tucomarca.com\/wordpress\/segunda\/wp-json\/wp\/v2\/posts\/88044","targetHints":{"allow":["GET"]}}],"collection":[{"href":"https:\/\/www.tucomarca.com\/wordpress\/segunda\/wp-json\/wp\/v2\/posts"}],"about":[{"href":"https:\/\/www.tucomarca.com\/wordpress\/segunda\/wp-json\/wp\/v2\/types\/post"}],"author":[{"embeddable":true,"href":"https:\/\/www.tucomarca.com\/wordpress\/segunda\/wp-json\/wp\/v2\/users\/2"}],"replies":[{"embeddable":true,"href":"https:\/\/www.tucomarca.com\/wordpress\/segunda\/wp-json\/wp\/v2\/comments?post=88044"}],"version-history":[{"count":0,"href":"https:\/\/www.tucomarca.com\/wordpress\/segunda\/wp-json\/wp\/v2\/posts\/88044\/revisions"}],"wp:featuredmedia":[{"embeddable":true,"href":"https:\/\/www.tucomarca.com\/wordpress\/segunda\/wp-json\/wp\/v2\/media\/88045"}],"wp:attachment":[{"href":"https:\/\/www.tucomarca.com\/wordpress\/segunda\/wp-json\/wp\/v2\/media?parent=88044"}],"wp:term":[{"taxonomy":"category","embeddable":true,"href":"https:\/\/www.tucomarca.com\/wordpress\/segunda\/wp-json\/wp\/v2\/categories?post=88044"},{"taxonomy":"post_tag","embeddable":true,"href":"https:\/\/www.tucomarca.com\/wordpress\/segunda\/wp-json\/wp\/v2\/tags?post=88044"}],"curies":[{"name":"wp","href":"https:\/\/api.w.org\/{rel}","templated":true}]}}