{"id":88095,"date":"2019-06-28T10:37:38","date_gmt":"2019-06-28T08:37:38","guid":{"rendered":"http:\/\/www.tucomarca.com\/wordpress\/segunda\/?p=88095"},"modified":"2019-06-28T10:37:38","modified_gmt":"2019-06-28T08:37:38","slug":"bunol-inicia-la-primera-de-las-tres-fases-de-asfaltados-que-mejoraran-el-firme-de-calles-badenes-y-caminos-rurales","status":"publish","type":"post","link":"https:\/\/www.tucomarca.com\/wordpress\/segunda\/bunol-inicia-la-primera-de-las-tres-fases-de-asfaltados-que-mejoraran-el-firme-de-calles-badenes-y-caminos-rurales\/","title":{"rendered":"Bu\u00f1ol inicia la primera de las tres fases de asfaltados que mejorar\u00e1n el firme de calles, badenes y caminos rurales"},"content":{"rendered":"<figure id=\"attachment_88096\" aria-describedby=\"caption-attachment-88096\" style=\"width: 266px\" class=\"wp-caption alignleft\"><img loading=\"lazy\" decoding=\"async\" class=\" wp-image-88096\" src=\"https:\/\/www.tucomarca.com\/wordpress\/segunda\/wp-content\/uploads\/2019\/06\/01-1.jpg\" alt=\"Bu\u00f1ol arranca la primera de las tres fases de asfaltados que mejorar\u00e1n el firme de calles, badenes y caminos rurales.\" width=\"266\" height=\"354\" srcset=\"https:\/\/www.tucomarca.com\/wordpress\/segunda\/wp-content\/uploads\/2019\/06\/01-1.jpg 1200w, https:\/\/www.tucomarca.com\/wordpress\/segunda\/wp-content\/uploads\/2019\/06\/01-1-225x300.jpg 225w, https:\/\/www.tucomarca.com\/wordpress\/segunda\/wp-content\/uploads\/2019\/06\/01-1-768x1024.jpg 768w, https:\/\/www.tucomarca.com\/wordpress\/segunda\/wp-content\/uploads\/2019\/06\/01-1-1024x1365.jpg 1024w\" sizes=\"auto, (max-width: 266px) 100vw, 266px\" \/><figcaption id=\"caption-attachment-88096\" class=\"wp-caption-text\">Bu\u00f1ol arranca la primera de las tres fases de asfaltados que mejorar\u00e1n el firme de calles, badenes y caminos rurales.<\/figcaption><\/figure>\n<p><strong>Rafa P\u00e9rez: \u201cEsta semana y la pr\u00f3xima, calles, badenes peligrosos y caminos rurales en mal estado de Bu\u00f1ol ver\u00e1n notablemente mejorado su firme y con ello reducida su peligrosidad para los usuarios\u201d<\/strong><\/p>\n<p>Rafa P\u00e9rez, concejal de Obras y Servicios y primer teniente de alcalde del Ayuntamiento de Bu\u00f1ol, ha informado a la poblaci\u00f3n del comienzo de asfaltados en la poblaci\u00f3n. Se trata de tres fases, de las cuales la primera ya ha comenzado esta semana y puede verse en numerosas calles de la localidad que contaban con un firme muy deteriorado y requer\u00edan de inversi\u00f3n inmediata.<\/p>\n<p>P\u00e9rez destaca que \u00e9sta es la primera fase de asfaltados. Contin\u00faa diciendo: \u201cLa segunda es la realizaci\u00f3n de badenes de velocidad en los puntos m\u00e1s negros de tr\u00e1fico y velocidad de Bu\u00f1ol, y la tercera fase ser\u00e1 el plan de caminos rurales\u201d. Ambas actuaciones se llevar\u00e1n a cabo a partir de la semana pr\u00f3xima.<span class=\"Apple-converted-space\">\u00a0<\/span><\/p>\n<p>El edil bu\u00f1olense recuerda que el montante total de inversi\u00f3n para estas tres fases de asfaltados en la localidad es superior a los 150.000 euros. <em>\u201cEl equipo de gobierno nos hemos mostrado muy satisfechos por el comienzo de estas fases de asfaltados, que desde hac\u00eda m\u00e1s de un a\u00f1o y medio que ten\u00edamos y no hab\u00edamos podido llevarla a cabo. Ahora es una realidad y los vecinos ya pueden comprobar la mejora del estado de sus firmes, y que en breve ser\u00e1n sus badenes y sus caminos rurales los que se ver\u00e1n notablemente beneficiados. Por lo tanto, muy contentos por esta gesti\u00f3n municipal\u201d<\/em>.<span class=\"Apple-converted-space\">\u00a0<\/span><\/p>\n<div id='gallery-1' class='gallery galleryid-88095 gallery-columns-3 gallery-size-large'><figure class='gallery-item'>\n\t\t\t<div class='gallery-icon portrait'>\n\t\t\t\t<a href='https:\/\/www.tucomarca.com\/wordpress\/segunda\/bunol-inicia-la-primera-de-las-tres-fases-de-asfaltados-que-mejoraran-el-firme-de-calles-badenes-y-caminos-rurales\/02-20\/'><img loading=\"lazy\" decoding=\"async\" width=\"768\" height=\"1024\" src=\"https:\/\/www.tucomarca.com\/wordpress\/segunda\/wp-content\/uploads\/2019\/06\/02-1-768x1024.jpg\" class=\"attachment-large size-large\" alt=\"\" srcset=\"https:\/\/www.tucomarca.com\/wordpress\/segunda\/wp-content\/uploads\/2019\/06\/02-1-768x1024.jpg 768w, https:\/\/www.tucomarca.com\/wordpress\/segunda\/wp-content\/uploads\/2019\/06\/02-1-225x300.jpg 225w, https:\/\/www.tucomarca.com\/wordpress\/segunda\/wp-content\/uploads\/2019\/06\/02-1-1024x1365.jpg 1024w, https:\/\/www.tucomarca.com\/wordpress\/segunda\/wp-content\/uploads\/2019\/06\/02-1.jpg 1200w\" sizes=\"auto, (max-width: 768px) 100vw, 768px\" \/><\/a>\n\t\t\t<\/div><\/figure><figure class='gallery-item'>\n\t\t\t<div class='gallery-icon portrait'>\n\t\t\t\t<a href='https:\/\/www.tucomarca.com\/wordpress\/segunda\/bunol-inicia-la-primera-de-las-tres-fases-de-asfaltados-que-mejoraran-el-firme-de-calles-badenes-y-caminos-rurales\/03-15\/'><img loading=\"lazy\" decoding=\"async\" width=\"768\" height=\"1024\" src=\"https:\/\/www.tucomarca.com\/wordpress\/segunda\/wp-content\/uploads\/2019\/06\/03-768x1024.jpg\" class=\"attachment-large size-large\" alt=\"\" srcset=\"https:\/\/www.tucomarca.com\/wordpress\/segunda\/wp-content\/uploads\/2019\/06\/03-768x1024.jpg 768w, https:\/\/www.tucomarca.com\/wordpress\/segunda\/wp-content\/uploads\/2019\/06\/03-225x300.jpg 225w, https:\/\/www.tucomarca.com\/wordpress\/segunda\/wp-content\/uploads\/2019\/06\/03-1024x1365.jpg 1024w, https:\/\/www.tucomarca.com\/wordpress\/segunda\/wp-content\/uploads\/2019\/06\/03.jpg 1200w\" sizes=\"auto, (max-width: 768px) 100vw, 768px\" \/><\/a>\n\t\t\t<\/div><\/figure><figure class='gallery-item'>\n\t\t\t<div class='gallery-icon portrait'>\n\t\t\t\t<a href='https:\/\/www.tucomarca.com\/wordpress\/segunda\/bunol-inicia-la-primera-de-las-tres-fases-de-asfaltados-que-mejoraran-el-firme-de-calles-badenes-y-caminos-rurales\/04-11\/'><img loading=\"lazy\" decoding=\"async\" width=\"768\" height=\"1024\" src=\"https:\/\/www.tucomarca.com\/wordpress\/segunda\/wp-content\/uploads\/2019\/06\/04-768x1024.jpg\" class=\"attachment-large size-large\" alt=\"\" srcset=\"https:\/\/www.tucomarca.com\/wordpress\/segunda\/wp-content\/uploads\/2019\/06\/04-768x1024.jpg 768w, https:\/\/www.tucomarca.com\/wordpress\/segunda\/wp-content\/uploads\/2019\/06\/04-225x300.jpg 225w, https:\/\/www.tucomarca.com\/wordpress\/segunda\/wp-content\/uploads\/2019\/06\/04-1024x1365.jpg 1024w, https:\/\/www.tucomarca.com\/wordpress\/segunda\/wp-content\/uploads\/2019\/06\/04.jpg 1200w\" sizes=\"auto, (max-width: 768px) 100vw, 768px\" \/><\/a>\n\t\t\t<\/div><\/figure><figure class='gallery-item'>\n\t\t\t<div class='gallery-icon portrait'>\n\t\t\t\t<a href='https:\/\/www.tucomarca.com\/wordpress\/segunda\/bunol-inicia-la-primera-de-las-tres-fases-de-asfaltados-que-mejoraran-el-firme-de-calles-badenes-y-caminos-rurales\/05-11\/'><img loading=\"lazy\" decoding=\"async\" width=\"768\" height=\"1024\" src=\"https:\/\/www.tucomarca.com\/wordpress\/segunda\/wp-content\/uploads\/2019\/06\/05-768x1024.jpg\" class=\"attachment-large size-large\" alt=\"\" srcset=\"https:\/\/www.tucomarca.com\/wordpress\/segunda\/wp-content\/uploads\/2019\/06\/05-768x1024.jpg 768w, https:\/\/www.tucomarca.com\/wordpress\/segunda\/wp-content\/uploads\/2019\/06\/05-225x300.jpg 225w, https:\/\/www.tucomarca.com\/wordpress\/segunda\/wp-content\/uploads\/2019\/06\/05-1024x1365.jpg 1024w, https:\/\/www.tucomarca.com\/wordpress\/segunda\/wp-content\/uploads\/2019\/06\/05.jpg 1200w\" sizes=\"auto, (max-width: 768px) 100vw, 768px\" \/><\/a>\n\t\t\t<\/div><\/figure><figure class='gallery-item'>\n\t\t\t<div class='gallery-icon portrait'>\n\t\t\t\t<a href='https:\/\/www.tucomarca.com\/wordpress\/segunda\/bunol-inicia-la-primera-de-las-tres-fases-de-asfaltados-que-mejoraran-el-firme-de-calles-badenes-y-caminos-rurales\/06-12\/'><img loading=\"lazy\" decoding=\"async\" width=\"768\" height=\"1024\" src=\"https:\/\/www.tucomarca.com\/wordpress\/segunda\/wp-content\/uploads\/2019\/06\/06-768x1024.jpg\" class=\"attachment-large size-large\" alt=\"\" srcset=\"https:\/\/www.tucomarca.com\/wordpress\/segunda\/wp-content\/uploads\/2019\/06\/06-768x1024.jpg 768w, https:\/\/www.tucomarca.com\/wordpress\/segunda\/wp-content\/uploads\/2019\/06\/06-225x300.jpg 225w, https:\/\/www.tucomarca.com\/wordpress\/segunda\/wp-content\/uploads\/2019\/06\/06-1024x1365.jpg 1024w, https:\/\/www.tucomarca.com\/wordpress\/segunda\/wp-content\/uploads\/2019\/06\/06.jpg 1200w\" sizes=\"auto, (max-width: 768px) 100vw, 768px\" \/><\/a>\n\t\t\t<\/div><\/figure><figure class='gallery-item'>\n\t\t\t<div class='gallery-icon portrait'>\n\t\t\t\t<a href='https:\/\/www.tucomarca.com\/wordpress\/segunda\/bunol-inicia-la-primera-de-las-tres-fases-de-asfaltados-que-mejoraran-el-firme-de-calles-badenes-y-caminos-rurales\/07-8\/'><img loading=\"lazy\" decoding=\"async\" width=\"768\" height=\"1024\" src=\"https:\/\/www.tucomarca.com\/wordpress\/segunda\/wp-content\/uploads\/2019\/06\/07-768x1024.jpg\" class=\"attachment-large size-large\" alt=\"\" srcset=\"https:\/\/www.tucomarca.com\/wordpress\/segunda\/wp-content\/uploads\/2019\/06\/07-768x1024.jpg 768w, https:\/\/www.tucomarca.com\/wordpress\/segunda\/wp-content\/uploads\/2019\/06\/07-225x300.jpg 225w, https:\/\/www.tucomarca.com\/wordpress\/segunda\/wp-content\/uploads\/2019\/06\/07-1024x1365.jpg 1024w, https:\/\/www.tucomarca.com\/wordpress\/segunda\/wp-content\/uploads\/2019\/06\/07.jpg 1200w\" sizes=\"auto, (max-width: 768px) 100vw, 768px\" \/><\/a>\n\t\t\t<\/div><\/figure><figure class='gallery-item'>\n\t\t\t<div class='gallery-icon portrait'>\n\t\t\t\t<a href='https:\/\/www.tucomarca.com\/wordpress\/segunda\/bunol-inicia-la-primera-de-las-tres-fases-de-asfaltados-que-mejoraran-el-firme-de-calles-badenes-y-caminos-rurales\/08-5\/'><img loading=\"lazy\" decoding=\"async\" width=\"768\" height=\"1024\" src=\"https:\/\/www.tucomarca.com\/wordpress\/segunda\/wp-content\/uploads\/2019\/06\/08-768x1024.jpg\" class=\"attachment-large size-large\" alt=\"\" srcset=\"https:\/\/www.tucomarca.com\/wordpress\/segunda\/wp-content\/uploads\/2019\/06\/08-768x1024.jpg 768w, https:\/\/www.tucomarca.com\/wordpress\/segunda\/wp-content\/uploads\/2019\/06\/08-225x300.jpg 225w, https:\/\/www.tucomarca.com\/wordpress\/segunda\/wp-content\/uploads\/2019\/06\/08-1024x1365.jpg 1024w, https:\/\/www.tucomarca.com\/wordpress\/segunda\/wp-content\/uploads\/2019\/06\/08.jpg 1200w\" sizes=\"auto, (max-width: 768px) 100vw, 768px\" \/><\/a>\n\t\t\t<\/div><\/figure>\n\t\t<\/div>\n\n","protected":false},"excerpt":{"rendered":"<div class=\"mh-excerpt\">Rafa P\u00e9rez: \u201cEsta semana y la pr\u00f3xima, calles, badenes peligrosos y caminos rurales en mal estado de Bu\u00f1ol ver\u00e1n notablemente mejorado su firme y con ello reducida su peligrosidad para los usuarios\u201d Rafa P\u00e9rez, concejal <a class=\"mh-excerpt-more\" href=\"https:\/\/www.tucomarca.com\/wordpress\/segunda\/bunol-inicia-la-primera-de-las-tres-fases-de-asfaltados-que-mejoraran-el-firme-de-calles-badenes-y-caminos-rurales\/\" title=\"Bu\u00f1ol inicia la primera de las tres fases de asfaltados que mejorar\u00e1n el firme de calles, badenes y caminos rurales\">[+] <\/a><\/div>\n","protected":false},"author":2,"featured_media":88096,"comment_status":"open","ping_status":"open","sticky":false,"template":"","format":"standard","meta":{"footnotes":""},"categories":[18,128,8,10,3],"tags":[10385,9906],"class_list":{"0":"post-88095","1":"post","2":"type-post","3":"status-publish","4":"format-standard","5":"has-post-thumbnail","7":"category-bunol","8":"category-infraestructuras","9":"category-la-comarca","10":"category-la-hoya","11":"category-seccion","12":"tag-bunol","13":"tag-bunyol"},"_links":{"self":[{"href":"https:\/\/www.tucomarca.com\/wordpress\/segunda\/wp-json\/wp\/v2\/posts\/88095","targetHints":{"allow":["GET"]}}],"collection":[{"href":"https:\/\/www.tucomarca.com\/wordpress\/segunda\/wp-json\/wp\/v2\/posts"}],"about":[{"href":"https:\/\/www.tucomarca.com\/wordpress\/segunda\/wp-json\/wp\/v2\/types\/post"}],"author":[{"embeddable":true,"href":"https:\/\/www.tucomarca.com\/wordpress\/segunda\/wp-json\/wp\/v2\/users\/2"}],"replies":[{"embeddable":true,"href":"https:\/\/www.tucomarca.com\/wordpress\/segunda\/wp-json\/wp\/v2\/comments?post=88095"}],"version-history":[{"count":0,"href":"https:\/\/www.tucomarca.com\/wordpress\/segunda\/wp-json\/wp\/v2\/posts\/88095\/revisions"}],"wp:featuredmedia":[{"embeddable":true,"href":"https:\/\/www.tucomarca.com\/wordpress\/segunda\/wp-json\/wp\/v2\/media\/88096"}],"wp:attachment":[{"href":"https:\/\/www.tucomarca.com\/wordpress\/segunda\/wp-json\/wp\/v2\/media?parent=88095"}],"wp:term":[{"taxonomy":"category","embeddable":true,"href":"https:\/\/www.tucomarca.com\/wordpress\/segunda\/wp-json\/wp\/v2\/categories?post=88095"},{"taxonomy":"post_tag","embeddable":true,"href":"https:\/\/www.tucomarca.com\/wordpress\/segunda\/wp-json\/wp\/v2\/tags?post=88095"}],"curies":[{"name":"wp","href":"https:\/\/api.w.org\/{rel}","templated":true}]}}