{"id":8810,"date":"2012-11-09T18:15:03","date_gmt":"2012-11-09T17:15:03","guid":{"rendered":"http:\/\/www.tucomarca.com\/wordpress\/segunda\/?p=8810"},"modified":"2012-11-09T18:15:03","modified_gmt":"2012-11-09T17:15:03","slug":"lola-johnson-presenta-los-detalles-del-gran-premio-de-motociclismo-de-la-comunidad-valenciana","status":"publish","type":"post","link":"https:\/\/www.tucomarca.com\/wordpress\/segunda\/lola-johnson-presenta-los-detalles-del-gran-premio-de-motociclismo-de-la-comunidad-valenciana\/","title":{"rendered":"Lola Johnson presenta los detalles del Gran Premio de Motociclismo de la Comunidad Valenciana"},"content":{"rendered":"<figure id=\"attachment_8813\" aria-describedby=\"caption-attachment-8813\" style=\"width: 300px\" class=\"wp-caption alignleft\"><a href=\"https:\/\/www.tucomarca.com\/wordpress\/segunda\/wp-content\/uploads\/2012\/11\/7112mejor_circuito.jpg\"><img loading=\"lazy\" decoding=\"async\" class=\"size-medium wp-image-8813\" title=\"7112mejor_circuito\" src=\"https:\/\/www.tucomarca.com\/wordpress\/segunda\/wp-content\/uploads\/2012\/11\/7112mejor_circuito-300x196.jpg\" alt=\"Lola Johnson junto a los pilotos valencianos en el Circuito de Cheste.\" width=\"300\" height=\"196\" srcset=\"https:\/\/www.tucomarca.com\/wordpress\/segunda\/wp-content\/uploads\/2012\/11\/7112mejor_circuito-300x196.jpg 300w, https:\/\/www.tucomarca.com\/wordpress\/segunda\/wp-content\/uploads\/2012\/11\/7112mejor_circuito-1024x670.jpg 1024w\" sizes=\"auto, (max-width: 300px) 100vw, 300px\" \/><\/a><figcaption id=\"caption-attachment-8813\" class=\"wp-caption-text\">Lola Johnson junto a los pilotos valencianos en el Circuito de Cheste.<\/figcaption><\/figure>\n<p>La consellera de Turismo, Cultura y Deporte, Lola Johnson, ha asegurado  que la Generalitat \u00abtrabaja para organizar cada a\u00f1o el mejor Gran Premio  en el mejor circuito del Mundial\u00bb.<\/p>\n<p>Johnson ha presentado, junto a los pilotos valencianos que  participan en el Mundial, H\u00e9ctor Barber\u00e1, Nico Terol, Elena Rosell,  Adri\u00e1n Mart\u00edn y el piloto de la Cuna de Campeones David Mart\u00ednez, la  d\u00e9cimo cuarta edici\u00f3n del Gran Premio Generali de la Comunitat  Valenciana de motociclismo, que se disputa del 9 al 11 de noviembre en  el Circuit de la Comunitat Valenciana Ricardo Tormo.<\/p>\n<p>\u00abPor primera vez el Circuit lucir\u00e1 las marcas tur\u00edsticas de la  Comunitat, reflejo de la sinergia entre deporte y turismo\u00bb, ha  anunciado Johnson, quien considera que el Gran Premio \u00abes un generador  de riqueza y de proyecci\u00f3n internacional de la Comunitat Valenciana\u00bb.<\/p>\n<p>Nico Terol dar\u00e1 nombre a una de las 14 curvas del trazado. El  alcoyano, \u00faltimo Campe\u00f3n del Mundo de 125cc, ha elegido la primera a  derechas de la pista, cuarta del circuito, \u00abun giro que no siempre hago  bien y esta elecci\u00f3n me motiva para hacer mejor la trazada cada vez que  pase por ah\u00ed\u00bb.<br \/>\nTerol se une as\u00ed a Jorge Mart\u00ednez &#8216;Aspar&#8217;, Manuel &#8216;Champi&#8217;  Herreros, Mick Doohan, Adri\u00e1n Campos y La Afici\u00f3n, como pilotos que  bautizan un tramo del circuito con su nombre.<\/p>\n<p>Como en anteriores ediciones, la ONCE conmemora la celebraci\u00f3n  de la prueba dedic\u00e1ndole el cup\u00f3n para el sorteo de ma\u00f1ana jueves 8 de  noviembre. \u00abEs una colaboraci\u00f3n de 5.000.000 de invitaciones para  asistir al Gran Premio; una alianza social y econ\u00f3mica\u00bb, ha subrayado el  delegado territorial de la entidad en la Comunidad Valenciana, Jos\u00e9  Manuel Pichel.<\/p>\n<p><strong>Pack AVE+entrada <\/strong><\/p>\n<p>Asimismo, el Circuit y Renfe han lanzado una promoci\u00f3n para la  adquisici\u00f3n on line de un pack de billetes de AVE y entrada al Gran  Premio con descuentos que alcanzan el 60%. Adem\u00e1s, los usuarios del AVE  tienen la opci\u00f3n de validar el billete para utilizar el servicio de  Cercan\u00edas Renfe para desplazarse al circuito.<\/p>\n<p>En este sentido, Renfe ha programado un servicio especial de  180 trenes con parada en el apeadero del Circuit y con capacidad para  30.000 viajeros entre el 8 y el 11 de noviembre. El dispositivo incluye  tambi\u00e9n 10 trenes nocturnos con salida desde Sant Isidre y parada tanto  en el circuito como en la localidad de Cheste.<\/p>\n<p><strong>Riders for Health <\/strong><\/p>\n<p>El Gran Premio Generali de la Comunitat Valenciana arranca  ma\u00f1ana jueves con la tradicional jornada dedicada a la ONG Riders for  Health &#8211; Motos Solidarias, que desarrolla proyectos solidarios en  \u00c1frica.  Adquiriendo en la taquilla del circuito entradas al precio de  20 euros, los aficionados podr\u00e1n acceder al interior del recinto,  recorrer la calle de boxes o participar en una subasta ben\u00e9fica a la que  asisten los pilotos, que donan material personal para la causa.<\/p>\n","protected":false},"excerpt":{"rendered":"<div class=\"mh-excerpt\">La consellera de Turismo, Cultura y Deporte, Lola Johnson, ha asegurado que la Generalitat \u00abtrabaja para organizar cada a\u00f1o el mejor Gran Premio en el mejor circuito del Mundial\u00bb. Johnson ha presentado, junto a los <a class=\"mh-excerpt-more\" href=\"https:\/\/www.tucomarca.com\/wordpress\/segunda\/lola-johnson-presenta-los-detalles-del-gran-premio-de-motociclismo-de-la-comunidad-valenciana\/\" title=\"Lola Johnson presenta los detalles del Gran Premio de Motociclismo de la Comunidad Valenciana\">[+] <\/a><\/div>\n","protected":false},"author":1,"featured_media":8813,"comment_status":"open","ping_status":"open","sticky":false,"template":"","format":"standard","meta":{"footnotes":""},"categories":[17,6,10,91,3,45],"tags":[],"class_list":{"0":"post-8810","1":"post","2":"type-post","3":"status-publish","4":"format-standard","5":"has-post-thumbnail","7":"category-cheste","8":"category-deportes","9":"category-la-hoya","10":"category-motociclismo","11":"category-seccion","12":"category-ventana"},"_links":{"self":[{"href":"https:\/\/www.tucomarca.com\/wordpress\/segunda\/wp-json\/wp\/v2\/posts\/8810","targetHints":{"allow":["GET"]}}],"collection":[{"href":"https:\/\/www.tucomarca.com\/wordpress\/segunda\/wp-json\/wp\/v2\/posts"}],"about":[{"href":"https:\/\/www.tucomarca.com\/wordpress\/segunda\/wp-json\/wp\/v2\/types\/post"}],"author":[{"embeddable":true,"href":"https:\/\/www.tucomarca.com\/wordpress\/segunda\/wp-json\/wp\/v2\/users\/1"}],"replies":[{"embeddable":true,"href":"https:\/\/www.tucomarca.com\/wordpress\/segunda\/wp-json\/wp\/v2\/comments?post=8810"}],"version-history":[{"count":0,"href":"https:\/\/www.tucomarca.com\/wordpress\/segunda\/wp-json\/wp\/v2\/posts\/8810\/revisions"}],"wp:featuredmedia":[{"embeddable":true,"href":"https:\/\/www.tucomarca.com\/wordpress\/segunda\/wp-json\/wp\/v2\/media\/8813"}],"wp:attachment":[{"href":"https:\/\/www.tucomarca.com\/wordpress\/segunda\/wp-json\/wp\/v2\/media?parent=8810"}],"wp:term":[{"taxonomy":"category","embeddable":true,"href":"https:\/\/www.tucomarca.com\/wordpress\/segunda\/wp-json\/wp\/v2\/categories?post=8810"},{"taxonomy":"post_tag","embeddable":true,"href":"https:\/\/www.tucomarca.com\/wordpress\/segunda\/wp-json\/wp\/v2\/tags?post=8810"}],"curies":[{"name":"wp","href":"https:\/\/api.w.org\/{rel}","templated":true}]}}