{"id":88127,"date":"2019-06-28T15:49:07","date_gmt":"2019-06-28T13:49:07","guid":{"rendered":"http:\/\/www.tucomarca.com\/wordpress\/segunda\/?p=88127"},"modified":"2019-06-28T15:49:07","modified_gmt":"2019-06-28T13:49:07","slug":"cheste-comienza-la-cuenta-atras-para-las-fiestas-de-julio-2019","status":"publish","type":"post","link":"https:\/\/www.tucomarca.com\/wordpress\/segunda\/cheste-comienza-la-cuenta-atras-para-las-fiestas-de-julio-2019\/","title":{"rendered":"Cheste comienza la cuenta atr\u00e1s para las Fiestas de Julio 2019"},"content":{"rendered":"<div class=\"\">\n<figure id=\"attachment_88128\" aria-describedby=\"caption-attachment-88128\" style=\"width: 333px\" class=\"wp-caption alignleft\"><img loading=\"lazy\" decoding=\"async\" class=\" wp-image-88128\" src=\"https:\/\/www.tucomarca.com\/wordpress\/segunda\/wp-content\/uploads\/2019\/06\/fiestasdejulio.jpg\" alt=\"Cheste comienza la cuenta atr\u00e1s para las Fiestas de Julio 2019.\" width=\"333\" height=\"471\" srcset=\"https:\/\/www.tucomarca.com\/wordpress\/segunda\/wp-content\/uploads\/2019\/06\/fiestasdejulio.jpg 2338w, https:\/\/www.tucomarca.com\/wordpress\/segunda\/wp-content\/uploads\/2019\/06\/fiestasdejulio-212x300.jpg 212w, https:\/\/www.tucomarca.com\/wordpress\/segunda\/wp-content\/uploads\/2019\/06\/fiestasdejulio-768x1086.jpg 768w, https:\/\/www.tucomarca.com\/wordpress\/segunda\/wp-content\/uploads\/2019\/06\/fiestasdejulio-724x1024.jpg 724w, https:\/\/www.tucomarca.com\/wordpress\/segunda\/wp-content\/uploads\/2019\/06\/fiestasdejulio-1024x1448.jpg 1024w\" sizes=\"auto, (max-width: 333px) 100vw, 333px\" \/><figcaption id=\"caption-attachment-88128\" class=\"wp-caption-text\">Cheste comienza la cuenta atr\u00e1s para las Fiestas de Julio 2019.<\/figcaption><\/figure>\n<p><span class=\"\">Muy pronto se celebrar\u00e1n las esperadas Fiestas de Julio en Cheste y, para la ocasi\u00f3n, el Ayuntamiento ha preparado un programa que cuenta con actividades de juventud, deporte, m\u00fasica y actos festivos. Las fiestas, que se desarrollar\u00e1n durante todo el mes de julio, tambi\u00e9n cuentan con actos taurinos, organizados por la Pe\u00f1a Taurina de Cheste.<\/span><\/p>\n<\/div>\n<div class=\"\"><span class=\"\">Un campeonato de Rubik dar\u00e1 el pistoletazo de salida al programa. Se trata de una competici\u00f3n que se celebrar\u00e1 a lo largo del fin de semana del 6 y 7 de julio, en horario de 8:30 a 20 horas en el pabell\u00f3n deportivo municipal. Toda la informaci\u00f3n sobre el campeonato y las inscripciones se pueden consultar en la web de la Asociaci\u00f3n de Rubik de Cheste (asociaci\u00f3nrubik.es\/c\/Cheste2019). El viernes 12 de julio a las 17 horas continuar\u00e1n los actos deportivos con la celebraci\u00f3n del Gran Premio de Ciclismo; la salida y punto de encuentro se situar\u00e1 junto al ret\u00e9n de la Polic\u00eda Local de Cheste. Esa misma noche, a las 21:30 horas, chestanos y chestanas est\u00e1n invitados a participar en la ya tradicional \u201cCena contra el c\u00e1ncer\u201d, organizada por la\u00a0 junta local de la AECC de Cheste, en la calle Laurel.\u00a0<\/span><\/div>\n<div class=\"\"><\/div>\n<div class=\"\"><span class=\"\">El s\u00e1bado 13 de julio, a las 10 horas, se celebrar\u00e1 la tercera edici\u00f3n de la carrera <i class=\"\">Holly Run<\/i>, inspirada en la festividad india \u2018Holi\u2019 que celebra la llegada de la primavera. La concejal\u00eda de Fiestas invita a toda la poblaci\u00f3n a participar y a realizar el trayecto de esta peculiar marcha llena de color que empezar\u00e1 en el Antiguo Matadero.\u00a0<\/span><\/div>\n<div class=\"\"><\/div>\n<div class=\"\"><span class=\"\">El jueves 18 de julio tendr\u00e1 lugar el desfile de disfraces infantiles con un recorrido que se iniciar\u00e1 en la plaza Doctor Cajal y finalizar\u00e1 en la plaza II Rep\u00fablica. El evento contar\u00e1 con animaci\u00f3n y regalos para todos los ni\u00f1os y ni\u00f1as que participen.\u00a0<\/span><\/div>\n<div class=\"\"><\/div>\n<div class=\"\"><span class=\"\">Las fiestas continuar\u00e1n el viernes 19 de julio a las 22 horas con la primera de las cenas con espect\u00e1culo de estas Fiestas de Julio 2019. En esta ocasi\u00f3n, se representar\u00e1 el espect\u00e1culo \u201cWe love Queen\u201d, un show musical que rinde homenaje y tributo a la banda Queen. La Falla Industria y Comercio proporcionar\u00e1 la sangr\u00eda que se ofrecer\u00e1 a los y las asistentes a la cena, en la plaza de la II Rep\u00fablica.\u00a0<\/span><\/div>\n<div class=\"\"><\/div>\n<div class=\"\"><span class=\"\">El s\u00e1bado 20 de Julio al as 22 horas, chestanos y chestanas podr\u00e1n repetir la sesi\u00f3n de cena a la fresca, esta vez amenizada por el espect\u00e1culo \u201cAbba live TV\u201d, que propone al p\u00fablico sumergirse en un programa de televisi\u00f3n en directo dedicado a la vida y obra de la banda de m\u00fasica ABBA. En esta segunda cena con espect\u00e1culo la sangr\u00eda correr\u00e1 a cargo de la Falla Barrio de la Alegr\u00eda. La segunda semana de fiestas se cerrar\u00e1 con una partida de pelota valenciana, el domingo 21 de julio, a las 12 horas, en el Front\u00f3n Bar\u00f3n de Cheste.\u00a0<\/span><\/div>\n<div class=\"\"><\/div>\n<div class=\"\"><span class=\"\">Del 23 al 28 de julio, las fiestas continuar\u00e1n con la Semana de Toros, a cargo de la Pe\u00f1a Taurina de Cheste. Durante esa semana se suceder\u00e1n diversas actividades de \u00e1mbito taurino para todas las edades: animaciones infantiles con carretones, toro embolado, vaquillas en la plaza y toro de cuerda. Adem\u00e1s, el 27 de julio, s\u00e1bado, se celebrar\u00e1 la fiesta de los almuerzos y de la espuma.<\/span><\/div>\n","protected":false},"excerpt":{"rendered":"<div class=\"mh-excerpt\">Muy pronto se celebrar\u00e1n las esperadas Fiestas de Julio en Cheste y, para la ocasi\u00f3n, el Ayuntamiento ha preparado un programa que cuenta con actividades de juventud, deporte, m\u00fasica y actos festivos. Las fiestas, que <a class=\"mh-excerpt-more\" href=\"https:\/\/www.tucomarca.com\/wordpress\/segunda\/cheste-comienza-la-cuenta-atras-para-las-fiestas-de-julio-2019\/\" title=\"Cheste comienza la cuenta atr\u00e1s para las Fiestas de Julio 2019\">[+] <\/a><\/div>\n","protected":false},"author":2,"featured_media":88128,"comment_status":"open","ping_status":"open","sticky":false,"template":"","format":"standard","meta":{"footnotes":""},"categories":[4,17,10,383,3],"tags":[339],"class_list":{"0":"post-88127","1":"post","2":"type-post","3":"status-publish","4":"format-standard","5":"has-post-thumbnail","7":"category-agenda","8":"category-cheste","9":"category-la-hoya","10":"category-pueblos-en-fiestas","11":"category-seccion","12":"tag-cheste-2"},"_links":{"self":[{"href":"https:\/\/www.tucomarca.com\/wordpress\/segunda\/wp-json\/wp\/v2\/posts\/88127","targetHints":{"allow":["GET"]}}],"collection":[{"href":"https:\/\/www.tucomarca.com\/wordpress\/segunda\/wp-json\/wp\/v2\/posts"}],"about":[{"href":"https:\/\/www.tucomarca.com\/wordpress\/segunda\/wp-json\/wp\/v2\/types\/post"}],"author":[{"embeddable":true,"href":"https:\/\/www.tucomarca.com\/wordpress\/segunda\/wp-json\/wp\/v2\/users\/2"}],"replies":[{"embeddable":true,"href":"https:\/\/www.tucomarca.com\/wordpress\/segunda\/wp-json\/wp\/v2\/comments?post=88127"}],"version-history":[{"count":0,"href":"https:\/\/www.tucomarca.com\/wordpress\/segunda\/wp-json\/wp\/v2\/posts\/88127\/revisions"}],"wp:featuredmedia":[{"embeddable":true,"href":"https:\/\/www.tucomarca.com\/wordpress\/segunda\/wp-json\/wp\/v2\/media\/88128"}],"wp:attachment":[{"href":"https:\/\/www.tucomarca.com\/wordpress\/segunda\/wp-json\/wp\/v2\/media?parent=88127"}],"wp:term":[{"taxonomy":"category","embeddable":true,"href":"https:\/\/www.tucomarca.com\/wordpress\/segunda\/wp-json\/wp\/v2\/categories?post=88127"},{"taxonomy":"post_tag","embeddable":true,"href":"https:\/\/www.tucomarca.com\/wordpress\/segunda\/wp-json\/wp\/v2\/tags?post=88127"}],"curies":[{"name":"wp","href":"https:\/\/api.w.org\/{rel}","templated":true}]}}