{"id":88255,"date":"2019-07-01T22:17:08","date_gmt":"2019-07-01T20:17:08","guid":{"rendered":"http:\/\/www.tucomarca.com\/wordpress\/segunda\/?p=88255"},"modified":"2019-07-01T22:17:08","modified_gmt":"2019-07-01T20:17:08","slug":"las-elecciones-en-las-pedanias-de-requena-se-celebraran-del-8-al-14-de-julio","status":"publish","type":"post","link":"https:\/\/www.tucomarca.com\/wordpress\/segunda\/las-elecciones-en-las-pedanias-de-requena-se-celebraran-del-8-al-14-de-julio\/","title":{"rendered":"Las elecciones en las pedan\u00edas de Requena se celebrar\u00e1n del 8 al 14 de julio"},"content":{"rendered":"<p>El Ayuntamiento de Requena ha convocado del 8 al 14 de julio las elecciones a alcaldes o alcaldesas en las 25 pedan\u00edas que forman parte del t\u00e9rmino municipal.<\/p>\n<p>Podr\u00e1n ser electores todos los que, siendo mayores de edad, figuren empadronados en la aldea. Por su parte, podr\u00e1n ser candidatos todas las personas espa\u00f1olas o de cualquier otra nacionalidad de la Uni\u00f3n Europea que, siendo mayores de edad, presenten formalmente en el registro del Ayuntamiento de Requena (SAT) su candidatura a la alcald\u00eda de la correspondiente poblaci\u00f3n hasta el pr\u00f3ximo 4 de julio a las 14.00 horas.<span class=\"Apple-converted-space\">\u00a0<\/span><\/p>\n<p>Si \u00fanicamente se presentara un candidato, los electores presentes podr\u00e1n refrendar \u00e9sta candidatura para su nombramiento como alcalde ped\u00e1neo en una votaci\u00f3n inicial. Si se obtiene una mayor\u00eda de votos frente a una mayor\u00eda resultante de la suma de votos nulos, votos en blanco y votos a otras personas, ser\u00e1 proclamado alcalde. Si por el contrario esta mayor\u00eda supera al n\u00famero de votos de apoyos al candidato presentado, se iniciar\u00e1 un proceso de selecci\u00f3n id\u00e9ntico al de un proceso donde no se han presentado candidatos.<\/p>\n<p>Si no se presentan candidaturas, el proceso electoral se llevar\u00e1 a cabo por el procedimiento de \u201cdoble vuelta\u201d: En primera votaci\u00f3n, los electores podr\u00e1n votar a la persona que consideren m\u00e1s adecuada para el cargo, pudiendo alcanzar propuesta de nombramiento a su favor, la persona que hubiera obtenido la mitad m\u00e1s uno de los votos v\u00e1lidos emitidos y declare aceptar el cargo.<\/p>\n<p>Si ninguna persona alcanzara en la primera votaci\u00f3n el n\u00famero de votos citado, se ir\u00e1 a una segunda votaci\u00f3n, que habr\u00e1 de circunscribirse a los dos candidatos m\u00e1s votados en la primera y que acepten ser candidatos en la segunda votaci\u00f3n. En esta segunda votaci\u00f3n, obtendr\u00e1 propuesta de nombramiento el candidato que m\u00e1s votos obtenga<\/p>\n<p>Las elecciones ped\u00e1neas se celebrar\u00e1n los d\u00edas que a continuaci\u00f3n se indican:<\/p>\n<table style=\"height: 1523px;\" width=\"836\" cellspacing=\"0\" cellpadding=\"0\">\n<tbody>\n<tr>\n<td valign=\"top\"><b>D\u00cdA<\/b><\/td>\n<td valign=\"top\"><b>PEDAN\u00cdA<\/b><\/td>\n<td valign=\"top\"><b>LUGAR<\/b><\/td>\n<td valign=\"top\"><b>HORA<\/b><\/td>\n<\/tr>\n<tr>\n<td valign=\"top\">8\/07\/19<\/td>\n<td valign=\"top\">SAN JUAN<\/td>\n<td valign=\"top\">ANTIGUAS ESCUELAS<\/td>\n<td valign=\"top\">20.30<\/td>\n<\/tr>\n<tr>\n<td valign=\"top\">8\/07\/19<\/td>\n<td valign=\"top\">CALDER\u00d3N<\/td>\n<td valign=\"top\">ANTIGUAS ESCUELAS<\/td>\n<td valign=\"top\">20.30<\/td>\n<\/tr>\n<tr>\n<td valign=\"top\">8\/07\/19<\/td>\n<td valign=\"top\">BARRIO ARROYO<\/td>\n<td valign=\"top\">CENTRO CULTURAL<\/td>\n<td valign=\"top\">20.30<\/td>\n<\/tr>\n<tr>\n<td valign=\"top\">8\/07\/19<\/td>\n<td valign=\"top\">EL PONT\u00d3N<\/td>\n<td valign=\"top\">CENTRO CULTURAL<\/td>\n<td valign=\"top\">20,30<\/td>\n<\/tr>\n<tr>\n<td valign=\"top\">8\/07\/19<\/td>\n<td valign=\"top\">ROMA<\/td>\n<td valign=\"top\">HOGAR DEL JUBILADO<\/td>\n<td valign=\"top\">20,30<\/td>\n<\/tr>\n<tr>\n<td valign=\"top\"><\/td>\n<td valign=\"top\"><\/td>\n<td valign=\"top\"><\/td>\n<td valign=\"top\"><\/td>\n<\/tr>\n<tr>\n<td valign=\"top\">9\/07\/19<\/td>\n<td valign=\"top\">FUEN VICH<\/td>\n<td valign=\"top\"><\/td>\n<td valign=\"top\">20,30<\/td>\n<\/tr>\n<tr>\n<td valign=\"top\">9\/07\/19<\/td>\n<td valign=\"top\">DERRAMADOR<\/td>\n<td valign=\"top\">HOGAR DEL JUBILADO<\/td>\n<td valign=\"top\">20,30<\/td>\n<\/tr>\n<tr>\n<td valign=\"top\">9\/07\/19<\/td>\n<td valign=\"top\">AZAGADOR<\/td>\n<td valign=\"top\">CENTRO CULTURAL<\/td>\n<td valign=\"top\">20,30<\/td>\n<\/tr>\n<tr>\n<td valign=\"top\">9\/07\/19<\/td>\n<td valign=\"top\">LOS RUICES<\/td>\n<td valign=\"top\">CENTRO SOCIAL<\/td>\n<td valign=\"top\">20,30<\/td>\n<\/tr>\n<tr>\n<td valign=\"top\"><\/td>\n<td valign=\"top\"><\/td>\n<td valign=\"top\"><\/td>\n<td valign=\"top\"><\/td>\n<\/tr>\n<tr>\n<td valign=\"top\">10\/07\/19<\/td>\n<td valign=\"top\">CASAS DE CUADRA<\/td>\n<td valign=\"top\"><\/td>\n<td valign=\"top\">20,30<\/td>\n<\/tr>\n<tr>\n<td valign=\"top\">10\/07\/19<\/td>\n<td valign=\"top\">CASAS DE EUFEMIA<\/td>\n<td valign=\"top\">CENTRO SOCIAL<\/td>\n<td valign=\"top\">20,30<\/td>\n<\/tr>\n<tr>\n<td valign=\"top\">10\/07\/19<\/td>\n<td valign=\"top\">LOS DUQUES<\/td>\n<td valign=\"top\">CENTRO SOCIAL<\/td>\n<td valign=\"top\">20,30<\/td>\n<\/tr>\n<tr>\n<td valign=\"top\">10\/07\/19<\/td>\n<td valign=\"top\">LOS COJOS<\/td>\n<td valign=\"top\">ANTIGUAS ESCUELAS<\/td>\n<td valign=\"top\">20,30<\/td>\n<\/tr>\n<tr>\n<td valign=\"top\">10\/07\/19<\/td>\n<td valign=\"top\">CAMPO ARC\u00cdS<\/td>\n<td valign=\"top\">CENTRO CULTURAL<\/td>\n<td valign=\"top\">20,30<\/td>\n<\/tr>\n<tr>\n<td valign=\"top\"><\/td>\n<td valign=\"top\"><\/td>\n<td valign=\"top\"><\/td>\n<td valign=\"top\"><\/td>\n<\/tr>\n<tr>\n<td valign=\"top\">11\/07\/19<\/td>\n<td valign=\"top\">EL REBOLLAR<\/td>\n<td valign=\"top\">CENTRO SOCIAL<\/td>\n<td valign=\"top\">20,30<\/td>\n<\/tr>\n<tr>\n<td valign=\"top\">11\/07\/19<\/td>\n<td valign=\"top\">LAS NOGUERAS<\/td>\n<td valign=\"top\">CENTRO SOCIAL<\/td>\n<td valign=\"top\">20,30<\/td>\n<\/tr>\n<tr>\n<td valign=\"top\">11\/07\/19<\/td>\n<td valign=\"top\">LOS ISIDROS<\/td>\n<td valign=\"top\">CENTRO CULTURAL<\/td>\n<td valign=\"top\">20,30<\/td>\n<\/tr>\n<tr>\n<td valign=\"top\">11\/07\/19<\/td>\n<td valign=\"top\">PENEN DE ALBOLSA<\/td>\n<td valign=\"top\">CENTROCULTURAL<\/td>\n<td valign=\"top\">20,30<\/td>\n<\/tr>\n<tr>\n<td valign=\"top\"><\/td>\n<td valign=\"top\"><\/td>\n<td valign=\"top\"><\/td>\n<td valign=\"top\"><\/td>\n<\/tr>\n<tr>\n<td valign=\"top\">12\/07\/19<\/td>\n<td valign=\"top\">LOS PEDRONES<\/td>\n<td valign=\"top\">CENTRO CULTURAL<\/td>\n<td valign=\"top\">20,30<\/td>\n<\/tr>\n<tr>\n<td valign=\"top\">12\/07\/19<\/td>\n<td valign=\"top\">HORTUNAS<\/td>\n<td valign=\"top\">LOCAL DEL JUBILADO<\/td>\n<td valign=\"top\">20,30<\/td>\n<\/tr>\n<tr>\n<td valign=\"top\">12\/07\/19<\/td>\n<td valign=\"top\">LA PORTERA<\/td>\n<td valign=\"top\">CENTRO SOCIAL<\/td>\n<td valign=\"top\">20,30<\/td>\n<\/tr>\n<tr>\n<td valign=\"top\">12\/07\/19<\/td>\n<td valign=\"top\">CASAS DE SOTO<\/td>\n<td valign=\"top\"><\/td>\n<td valign=\"top\">20,30<\/td>\n<\/tr>\n<tr>\n<td valign=\"top\">12\/07\/19<\/td>\n<td valign=\"top\">CASAS DEL RIO<\/td>\n<td valign=\"top\">CONSULTORIO M\u00c9DICO<\/td>\n<td valign=\"top\">20,30<\/td>\n<\/tr>\n<tr>\n<td valign=\"top\">12\/07\/19<\/td>\n<td valign=\"top\">VILLAR DE OLMOS<span class=\"Apple-converted-space\">\u00a0<\/span><\/td>\n<td valign=\"top\">CENTRO SOCIAL<\/td>\n<td valign=\"top\">20,30<\/td>\n<\/tr>\n<tr>\n<td valign=\"top\"><\/td>\n<td valign=\"top\"><\/td>\n<td valign=\"top\"><\/td>\n<td valign=\"top\"><\/td>\n<\/tr>\n<tr>\n<td valign=\"top\">13\/07\/19<\/td>\n<td valign=\"top\">SAN ANTONIO<\/td>\n<td valign=\"top\">COLEGIO<\/td>\n<td valign=\"top\">9,00-14,00<\/td>\n<\/tr>\n<\/tbody>\n<\/table>\n","protected":false},"excerpt":{"rendered":"<div class=\"mh-excerpt\">El Ayuntamiento de Requena ha convocado del 8 al 14 de julio las elecciones a alcaldes o alcaldesas en las 25 pedan\u00edas que forman parte del t\u00e9rmino municipal. Podr\u00e1n ser electores todos los que, siendo <a class=\"mh-excerpt-more\" href=\"https:\/\/www.tucomarca.com\/wordpress\/segunda\/las-elecciones-en-las-pedanias-de-requena-se-celebraran-del-8-al-14-de-julio\/\" title=\"Las elecciones en las pedan\u00edas de Requena se celebrar\u00e1n del 8 al 14 de julio\">[+] <\/a><\/div>\n","protected":false},"author":1,"featured_media":79937,"comment_status":"open","ping_status":"open","sticky":false,"template":"","format":"standard","meta":{"footnotes":""},"categories":[8,142,28,27,3,45],"tags":[10387],"class_list":{"0":"post-88255","1":"post","2":"type-post","3":"status-publish","4":"format-standard","5":"has-post-thumbnail","7":"category-la-comarca","8":"category-politica-la-comarca","9":"category-requena","10":"category-requena-utiel","11":"category-seccion","12":"category-ventana","13":"tag-requena-utiel"},"_links":{"self":[{"href":"https:\/\/www.tucomarca.com\/wordpress\/segunda\/wp-json\/wp\/v2\/posts\/88255","targetHints":{"allow":["GET"]}}],"collection":[{"href":"https:\/\/www.tucomarca.com\/wordpress\/segunda\/wp-json\/wp\/v2\/posts"}],"about":[{"href":"https:\/\/www.tucomarca.com\/wordpress\/segunda\/wp-json\/wp\/v2\/types\/post"}],"author":[{"embeddable":true,"href":"https:\/\/www.tucomarca.com\/wordpress\/segunda\/wp-json\/wp\/v2\/users\/1"}],"replies":[{"embeddable":true,"href":"https:\/\/www.tucomarca.com\/wordpress\/segunda\/wp-json\/wp\/v2\/comments?post=88255"}],"version-history":[{"count":0,"href":"https:\/\/www.tucomarca.com\/wordpress\/segunda\/wp-json\/wp\/v2\/posts\/88255\/revisions"}],"wp:featuredmedia":[{"embeddable":true,"href":"https:\/\/www.tucomarca.com\/wordpress\/segunda\/wp-json\/wp\/v2\/media\/79937"}],"wp:attachment":[{"href":"https:\/\/www.tucomarca.com\/wordpress\/segunda\/wp-json\/wp\/v2\/media?parent=88255"}],"wp:term":[{"taxonomy":"category","embeddable":true,"href":"https:\/\/www.tucomarca.com\/wordpress\/segunda\/wp-json\/wp\/v2\/categories?post=88255"},{"taxonomy":"post_tag","embeddable":true,"href":"https:\/\/www.tucomarca.com\/wordpress\/segunda\/wp-json\/wp\/v2\/tags?post=88255"}],"curies":[{"name":"wp","href":"https:\/\/api.w.org\/{rel}","templated":true}]}}