{"id":88549,"date":"2019-07-03T09:54:10","date_gmt":"2019-07-03T07:54:10","guid":{"rendered":"http:\/\/www.tucomarca.com\/wordpress\/segunda\/?p=88549"},"modified":"2019-07-03T09:54:10","modified_gmt":"2019-07-03T07:54:10","slug":"el-martes-9-de-julio-se-pondran-a-la-venta-las-entradas-para-el-concierto-que-zenet-ofrecera-en-bunol-el-proximo-19-de-julio","status":"publish","type":"post","link":"https:\/\/www.tucomarca.com\/wordpress\/segunda\/el-martes-9-de-julio-se-pondran-a-la-venta-las-entradas-para-el-concierto-que-zenet-ofrecera-en-bunol-el-proximo-19-de-julio\/","title":{"rendered":"El martes 9 de julio se pondr\u00e1n a la venta las entradas para el concierto que Zenet ofrecer\u00e1 en Bu\u00f1ol el pr\u00f3ximo 19 de julio"},"content":{"rendered":"<figure id=\"attachment_88553\" aria-describedby=\"caption-attachment-88553\" style=\"width: 454px\" class=\"wp-caption alignleft\"><img loading=\"lazy\" decoding=\"async\" class=\" wp-image-88553\" src=\"https:\/\/www.tucomarca.com\/wordpress\/segunda\/wp-content\/uploads\/2019\/07\/laguaperiaprevia.jpg\" alt=\"Zenet actuar\u00e1 en el Auditorio Municipal de San Luis, el pr\u00f3ximo viernes 19 de julio a las 22,30 h.\" width=\"454\" height=\"454\" srcset=\"https:\/\/www.tucomarca.com\/wordpress\/segunda\/wp-content\/uploads\/2019\/07\/laguaperiaprevia.jpg 1276w, https:\/\/www.tucomarca.com\/wordpress\/segunda\/wp-content\/uploads\/2019\/07\/laguaperiaprevia-290x290.jpg 290w, https:\/\/www.tucomarca.com\/wordpress\/segunda\/wp-content\/uploads\/2019\/07\/laguaperiaprevia-300x300.jpg 300w, https:\/\/www.tucomarca.com\/wordpress\/segunda\/wp-content\/uploads\/2019\/07\/laguaperiaprevia-768x768.jpg 768w, https:\/\/www.tucomarca.com\/wordpress\/segunda\/wp-content\/uploads\/2019\/07\/laguaperiaprevia-1024x1024.jpg 1024w, https:\/\/www.tucomarca.com\/wordpress\/segunda\/wp-content\/uploads\/2019\/07\/laguaperiaprevia-50x50.jpg 50w\" sizes=\"auto, (max-width: 454px) 100vw, 454px\" \/><figcaption id=\"caption-attachment-88553\" class=\"wp-caption-text\">Zenet actuar\u00e1 en el Auditorio Municipal de San Luis, el pr\u00f3ximo viernes 19 de julio a las 22,30 h.<\/figcaption><\/figure>\n<p>Las entradas se pueden adquirir por 10 euros en la Biblioteca Municipal, en +Que Chuches Desi y en Moda Marina. El d\u00eda del concierto en taquilla tendr\u00e1n un precio de 12 euros. Zenet actuar\u00e1 en el Auditorio Municipal de San Luis, el pr\u00f3ximo viernes 19 de julio a las 22:30 h.<\/p>\n<p>Zenet llega a Bu\u00f1ol con su nuevo trabajo \u00abLa Guaper\u00eda\u00bb, <i>\u00ab<\/i><i>un nuevo disco de versiones de boleros cubanos antiguos que se publicar\u00e1 el 1 de marzo de 2019. Zenet los hizo suyos, no importa si esas canciones son recientes o de hace sesenta a\u00f1os o m\u00e1s; no importa si cantarlos hoy a su manera, implica retar el recuerdo de aquellas voces que los hicieron ic\u00f3nicos: Bola de Nieve o Celeste Mendoza, Olga Guillot o Rolando Laseire; Nelson Pinedo o Marta Vald\u00e9s, o estrenar en su voz un bolero de ahora mismo con el estilo y el fraseo de los a\u00f1os cincuenta.<\/i><\/p>\n<p><i>La guaper\u00eda con que Zenet aborda estas canciones va m\u00e1s all\u00e1 del arrojo galante que describe la definici\u00f3n de esta palabra, que es como la entienden los cubanos: es la actitud retadora, pero a la vez convencida y convincente, es la estampa callejera de lo superior y lo definitivo. As\u00ed es como Zenet avanza sobre textos rotundos, armon\u00edas complicadas, ritmos contagiosos, sin obviar su esencia original, pero tray\u00e9ndolos a este momento, al ahora mismo, con un halo de modernidad, un estilo personal y hasta un toque de aquello que nunca esperas, pero que ocurre cuando Zenet se decide a cantar\u00bb<\/i> seg\u00fan palabras de Rosa Marquetti.<\/p>\n<p>Sus canciones han sido utilizadas en m\u00faltiples campa\u00f1as publicitarias (Loewe o Roca) en series de TV como Anatom\u00eda de Grey y en pel\u00edculas como \u00abUna palabra tuya\u00bb de Angeles Gonzalez Sinde cuya canci\u00f3n \u00abDesde tu balc\u00f3n a mi ventana\u00bb fue nominada como mejor tema musical en los Premios Goya 2009. Su canci\u00f3n m\u00e1s conocida \u00abSo\u00f1ar contigo\u00bb ha sido recientemente cantada en el programa de TVE \u00abOperaci\u00f3n Triunfo\u00bb y en \u00bb Tu cara me suena\u00bb.<\/p>\n<p>Actualmente compagina sus trabajos de composici\u00f3n e investigaci\u00f3n para su siguiente trabajo, con la gira de Si Sucede Conviene por Espa\u00f1a y Am\u00e9rica.<\/p>\n","protected":false},"excerpt":{"rendered":"<div class=\"mh-excerpt\">Las entradas se pueden adquirir por 10 euros en la Biblioteca Municipal, en +Que Chuches Desi y en Moda Marina. El d\u00eda del concierto en taquilla tendr\u00e1n un precio de 12 euros. Zenet actuar\u00e1 en <a class=\"mh-excerpt-more\" href=\"https:\/\/www.tucomarca.com\/wordpress\/segunda\/el-martes-9-de-julio-se-pondran-a-la-venta-las-entradas-para-el-concierto-que-zenet-ofrecera-en-bunol-el-proximo-19-de-julio\/\" title=\"El martes 9 de julio se pondr\u00e1n a la venta las entradas para el concierto que Zenet ofrecer\u00e1 en Bu\u00f1ol el pr\u00f3ximo 19 de julio\">[+] <\/a><\/div>\n","protected":false},"author":2,"featured_media":88553,"comment_status":"open","ping_status":"open","sticky":false,"template":"","format":"standard","meta":{"footnotes":""},"categories":[4,18,72,10,7,3],"tags":[10385,9906,11724],"class_list":{"0":"post-88549","1":"post","2":"type-post","3":"status-publish","4":"format-standard","5":"has-post-thumbnail","7":"category-agenda","8":"category-bunol","9":"category-sin-categorizar","10":"category-la-hoya","11":"category-ocio-y-cultura","12":"category-seccion","13":"tag-bunol","14":"tag-bunyol","15":"tag-zenet"},"_links":{"self":[{"href":"https:\/\/www.tucomarca.com\/wordpress\/segunda\/wp-json\/wp\/v2\/posts\/88549","targetHints":{"allow":["GET"]}}],"collection":[{"href":"https:\/\/www.tucomarca.com\/wordpress\/segunda\/wp-json\/wp\/v2\/posts"}],"about":[{"href":"https:\/\/www.tucomarca.com\/wordpress\/segunda\/wp-json\/wp\/v2\/types\/post"}],"author":[{"embeddable":true,"href":"https:\/\/www.tucomarca.com\/wordpress\/segunda\/wp-json\/wp\/v2\/users\/2"}],"replies":[{"embeddable":true,"href":"https:\/\/www.tucomarca.com\/wordpress\/segunda\/wp-json\/wp\/v2\/comments?post=88549"}],"version-history":[{"count":0,"href":"https:\/\/www.tucomarca.com\/wordpress\/segunda\/wp-json\/wp\/v2\/posts\/88549\/revisions"}],"wp:featuredmedia":[{"embeddable":true,"href":"https:\/\/www.tucomarca.com\/wordpress\/segunda\/wp-json\/wp\/v2\/media\/88553"}],"wp:attachment":[{"href":"https:\/\/www.tucomarca.com\/wordpress\/segunda\/wp-json\/wp\/v2\/media?parent=88549"}],"wp:term":[{"taxonomy":"category","embeddable":true,"href":"https:\/\/www.tucomarca.com\/wordpress\/segunda\/wp-json\/wp\/v2\/categories?post=88549"},{"taxonomy":"post_tag","embeddable":true,"href":"https:\/\/www.tucomarca.com\/wordpress\/segunda\/wp-json\/wp\/v2\/tags?post=88549"}],"curies":[{"name":"wp","href":"https:\/\/api.w.org\/{rel}","templated":true}]}}