{"id":8871,"date":"2012-11-12T10:29:59","date_gmt":"2012-11-12T09:29:59","guid":{"rendered":"http:\/\/www.tucomarca.com\/wordpress\/segunda\/?p=8871"},"modified":"2012-11-12T10:32:18","modified_gmt":"2012-11-12T09:32:18","slug":"alberto-fabra-afirma-que-la-comunidad-valenciana-se-ha-convertido-en-centro-neuralgico-del-deporte-al-mas-alto-nivel-durante-el-gran-premio-de-cheste","status":"publish","type":"post","link":"https:\/\/www.tucomarca.com\/wordpress\/segunda\/alberto-fabra-afirma-que-la-comunidad-valenciana-se-ha-convertido-en-centro-neuralgico-del-deporte-al-mas-alto-nivel-durante-el-gran-premio-de-cheste\/","title":{"rendered":"Alberto Fabra afirma que la Comunidad Valenciana se ha convertido en \u00abcentro neur\u00e1lgico del deporte al m\u00e1s alto nivel\u00bb durante el Gran Premio de Cheste"},"content":{"rendered":"<p><figure id=\"attachment_8872\" aria-describedby=\"caption-attachment-8872\" style=\"width: 300px\" class=\"wp-caption alignleft\"><a href=\"https:\/\/www.tucomarca.com\/wordpress\/segunda\/?attachment_id=8872\" rel=\"attachment wp-att-8872\"><img loading=\"lazy\" decoding=\"async\" src=\"https:\/\/www.tucomarca.com\/wordpress\/segunda\/wp-content\/uploads\/2012\/11\/gala3-300x246.jpg\" alt=\"\" title=\"gala3\" width=\"300\" height=\"246\" class=\"size-medium wp-image-8872\" \/><\/a><figcaption id=\"caption-attachment-8872\" class=\"wp-caption-text\">Gala de entrega de premios acontecida en Valencia. tc.c<\/figcaption><\/figure>El President de la Generalitat, Alberto Fabra, ha destacado que, un a\u00f1o m\u00e1s, \u201cla Comunitat Valenciana se ha convertido en el centro neur\u00e1lgico del deporte al m\u00e1s alto nivel gracias al Gran Premio de Motociclismo que se celebra en Cheste desde hace 14 a\u00f1os\u201d.<br \/>\nEl jefe del Consell ha realizado estas declaraciones durante su intervenci\u00f3n en la gala de entrega de premios de MotoGP 2012, donde ha destacado que esta edici\u00f3n ha vuelto a ser un \u00e9xito a todos los niveles, al tiempo que ha recordado que \u201cen esta tierra nos sentimos muy afortunados por poder organizar este Gran Premio que sentimos como propio despu\u00e9s de 14 a\u00f1os y del que han salido grandes hitos, como nuestros pilotos valencianos, muchos de ellos entre los mejores del mundo\u201d.<br \/>\nEn este sentido, ha recordado que en la pasada edici\u00f3n del Gran Premio de Motociclismo de la Comunitat Valenciana se vivi\u00f3 una jornada especialmente emotiva gracias a la victoria del alicantino Nico Terol que, \u201cdespu\u00e9s de 22 a\u00f1os, volv\u00eda a grabar el nombre de nuestra tierra y el suyo propio en los anales de la historia del motociclismo\u201d.<br \/>\nPor otro lado, Alberto Fabra ha querido felicitar a Jorge Lorenzo, Marc M\u00e1rquez y Sandro Cortese por sus victorias y por convertirse en los nuevos campeones del mundo.<br \/>\n\u201cSois un ejemplo de perseverancia, esfuerzo y superaci\u00f3n para muchas personas y, en especial, para la gente joven. Adem\u00e1s transmit\u00eds valores inherentes al deporte que influyen positivamente en la sociedad y nos hacen sentirnos m\u00e1s motivados\u201d, ha dicho.<br \/>\nEl President tambi\u00e9n ha tenido palabras de \u00e1nimo para los pilotos que han quedado en segunda posici\u00f3n y que han demostrado \u201cun gran esp\u00edritu competitivo\u201d luchando por hacer su mejor marca: los espa\u00f1oles Lu\u00eds Salom, Pol Espargar\u00f3 y Dani Pedrosa, as\u00ed como para todos los pilotos que \u201cnos han hecho vivir momentos realmente emocionantes, con una carrera, como la que hemos vivido hoy, al m\u00e1ximo nivel deportivo que ha hecho vibrar a casi 30.000 personas en el Circuito de Cheste y a m\u00e1s de 300.000 aficionados de todo el mundo a trav\u00e9s de la televisi\u00f3n\u201d.<br \/>\nEl Jefe del Consell ha aprovechado la ocasi\u00f3n para remarcar los valores positivos del deporte en general y del motociclismo en particular porque \u201cen el deporte, como en la vida, la convicci\u00f3n, el optimismo y la sana competencia son imprescindibles para alcanzar las metas m\u00e1s ambiciosas\u201d.<br \/>\nAsimismo, Fabra ha manifestado que esta competici\u00f3n es una muestra para la sociedad de lo que podemos alcanzar cuando trabajamos en equipo, \u201ctrabajando duro por lo que uno cree y apostando por una sociedad que pueda mejorar y arriesgar para ganar\u201d.<br \/>\nPor \u00faltimo, ha agradecido a los patrocinadores y a la organizaci\u00f3n de este Gran Premio el trabajo que han hecho de nuevo en esta edici\u00f3n y la confianza que han depositado en la Comunitat valenciana para ser sede y testigo de excepci\u00f3n de este evento deportivo de tan alto nivel.<\/p>\n","protected":false},"excerpt":{"rendered":"<div class=\"mh-excerpt\">El President de la Generalitat, Alberto Fabra, ha destacado que, un a\u00f1o m\u00e1s, \u201cla Comunitat Valenciana se ha convertido en el centro neur\u00e1lgico del deporte al m\u00e1s alto nivel gracias al Gran Premio de Motociclismo <a class=\"mh-excerpt-more\" href=\"https:\/\/www.tucomarca.com\/wordpress\/segunda\/alberto-fabra-afirma-que-la-comunidad-valenciana-se-ha-convertido-en-centro-neuralgico-del-deporte-al-mas-alto-nivel-durante-el-gran-premio-de-cheste\/\" title=\"Alberto Fabra afirma que la Comunidad Valenciana se ha convertido en \u00abcentro neur\u00e1lgico del deporte al m\u00e1s alto nivel\u00bb durante el Gran Premio de Cheste\">[+] <\/a><\/div>\n","protected":false},"author":2,"featured_media":8872,"comment_status":"open","ping_status":"open","sticky":false,"template":"","format":"standard","meta":{"footnotes":""},"categories":[17,8,72,10,3,45],"tags":[502],"class_list":{"0":"post-8871","1":"post","2":"type-post","3":"status-publish","4":"format-standard","5":"has-post-thumbnail","7":"category-cheste","8":"category-la-comarca","9":"category-sin-categorizar","10":"category-la-hoya","11":"category-seccion","12":"category-ventana","13":"tag-cheste-motociclismo"},"_links":{"self":[{"href":"https:\/\/www.tucomarca.com\/wordpress\/segunda\/wp-json\/wp\/v2\/posts\/8871","targetHints":{"allow":["GET"]}}],"collection":[{"href":"https:\/\/www.tucomarca.com\/wordpress\/segunda\/wp-json\/wp\/v2\/posts"}],"about":[{"href":"https:\/\/www.tucomarca.com\/wordpress\/segunda\/wp-json\/wp\/v2\/types\/post"}],"author":[{"embeddable":true,"href":"https:\/\/www.tucomarca.com\/wordpress\/segunda\/wp-json\/wp\/v2\/users\/2"}],"replies":[{"embeddable":true,"href":"https:\/\/www.tucomarca.com\/wordpress\/segunda\/wp-json\/wp\/v2\/comments?post=8871"}],"version-history":[{"count":0,"href":"https:\/\/www.tucomarca.com\/wordpress\/segunda\/wp-json\/wp\/v2\/posts\/8871\/revisions"}],"wp:featuredmedia":[{"embeddable":true,"href":"https:\/\/www.tucomarca.com\/wordpress\/segunda\/wp-json\/wp\/v2\/media\/8872"}],"wp:attachment":[{"href":"https:\/\/www.tucomarca.com\/wordpress\/segunda\/wp-json\/wp\/v2\/media?parent=8871"}],"wp:term":[{"taxonomy":"category","embeddable":true,"href":"https:\/\/www.tucomarca.com\/wordpress\/segunda\/wp-json\/wp\/v2\/categories?post=8871"},{"taxonomy":"post_tag","embeddable":true,"href":"https:\/\/www.tucomarca.com\/wordpress\/segunda\/wp-json\/wp\/v2\/tags?post=8871"}],"curies":[{"name":"wp","href":"https:\/\/api.w.org\/{rel}","templated":true}]}}