{"id":88813,"date":"2019-07-15T19:22:23","date_gmt":"2019-07-15T17:22:23","guid":{"rendered":"http:\/\/www.tucomarca.com\/wordpress\/segunda\/?p=88813"},"modified":"2019-07-15T19:22:23","modified_gmt":"2019-07-15T17:22:23","slug":"fotogaleria-la-banda-turisense-y-la-lira-de-cheste-clausuran-el-ciclo-de-serenatas-2019-en-cheste","status":"publish","type":"post","link":"https:\/\/www.tucomarca.com\/wordpress\/segunda\/fotogaleria-la-banda-turisense-y-la-lira-de-cheste-clausuran-el-ciclo-de-serenatas-2019-en-cheste\/","title":{"rendered":"Fotogaler\u00eda: La banda \u00abTurisense\u00bb y \u00abLa Lira\u00bb de Cheste clausuran el ciclo de serenatas 2019 en Cheste"},"content":{"rendered":"<div class=\"\">\n<figure id=\"attachment_88812\" aria-describedby=\"caption-attachment-88812\" style=\"width: 371px\" class=\"wp-caption alignleft\"><img loading=\"lazy\" decoding=\"async\" class=\" wp-image-88812\" src=\"https:\/\/www.tucomarca.com\/wordpress\/segunda\/wp-content\/uploads\/2019\/07\/5_Entregadeplaca.jpg\" alt=\"Entrega de una placa a la banda invitada de manos de la concejala de Cultura, M\u00aa \u00c1ngeles Llorente.\" width=\"371\" height=\"278\" srcset=\"https:\/\/www.tucomarca.com\/wordpress\/segunda\/wp-content\/uploads\/2019\/07\/5_Entregadeplaca.jpg 4608w, https:\/\/www.tucomarca.com\/wordpress\/segunda\/wp-content\/uploads\/2019\/07\/5_Entregadeplaca-300x225.jpg 300w, https:\/\/www.tucomarca.com\/wordpress\/segunda\/wp-content\/uploads\/2019\/07\/5_Entregadeplaca-768x576.jpg 768w, https:\/\/www.tucomarca.com\/wordpress\/segunda\/wp-content\/uploads\/2019\/07\/5_Entregadeplaca-1024x768.jpg 1024w\" sizes=\"auto, (max-width: 371px) 100vw, 371px\" \/><figcaption id=\"caption-attachment-88812\" class=\"wp-caption-text\">Entrega de una placa a la banda invitada de manos de la concejala de Cultura, M\u00aa \u00c1ngeles Llorente.<\/figcaption><\/figure>\n<p><span class=\"\">El ciclo de serenatas 2019 llegaba ayer a su fin con la celebraci\u00f3n del Festival de Bandas, que cont\u00f3 con la participaci\u00f3n de las bandas sinf\u00f3nicas de la Societat Musical Turisense de Tur\u00eds y de la Asociaci\u00f3n Musical La Lira de Cheste.<\/span><\/p>\n<\/div>\n<div class=\"\"><span class=\"\">Como en cada edici\u00f3n, el Festival arranc\u00f3 con un desfile desde la calle Chiva hasta la plaza Doctor Cajal, donde cada agrupaci\u00f3n interpret\u00f3 un pasodoble, antes de subir al escenario. La banda Turisense ejecut\u00f3 el pasodoble <i class=\"\">Miquel el Truc<\/i>, del compositor, m\u00fasico y director valenciano Esteban Esteve, natural de Sot de Chera. Por su parte, La Lira interpret\u00f3 <i class=\"\">Tercio de Quites<\/i>, de Rafael Talens, compositor y pedagogo musical nacido en Cullera.<\/span><\/div>\n<div class=\"\"><\/div>\n<div class=\"\"><span class=\"\">\u201cDesde el Ayuntamiento queremos agradecer a la Sociedad Musical Turisense y a la Asociaci\u00f3n Musical La Lira su gran contribuci\u00f3n al desarrollo de la educaci\u00f3n y la cultura. A veces no valoramos lo suficiente aquello que tenemos m\u00e1s cerca: tener una asociaci\u00f3n musical en una poblaci\u00f3n es un lujo de valor incalculable del que muchas veces no somos conscientes\u201d, declaraba la concejala de Cultura, M\u00aa \u00c1ngeles Llorente, durante la presentaci\u00f3n del acto. \u201cLa m\u00fasica estimula el pensamiento l\u00f3gico, matem\u00e1tico, acelera la adquisici\u00f3n del lenguaje, favorece las relaciones interpersonales y la inteligencia emocional, pero nada de esto se consigue sin esfuerzo y amor. \u2018Por amor al arte\u2019 los y las m\u00fasicas ensayan, estudian y tocan; compaginan esta actividad con sus estudios y su trabajo, quitando horas a la familia y al sue\u00f1o. \u2018Por amor al arte\u2019 est\u00e1n hoy aqu\u00ed pasando calor en las tardes y las noches de verano para deleitarnos con su m\u00fasica. As\u00ed que, muchas gracias a m\u00fasicos, m\u00fasicas, profesorado, directores, juntas directivas de las dos sociedades musicales presentes hoy en este festival y en concreto a sus bandas sinf\u00f3nicas, a las que deseamos una larga lista de premios y \u00e9xito y muchos a\u00f1os de vida\u201d.<\/span><\/div>\n<div class=\"\"><\/div>\n<div class=\"\"><span class=\"\">La Banda Sinf\u00f3nica de la Sociedad Musical Turisense fue la encargada de abrir el concierto con la interpretaci\u00f3n del pasodoble <i class=\"\">Larga Cordobesa<\/i>, de Francisco Jos\u00e9 Mart\u00ednez Gallego; <i class=\"\">Nostradamus<\/i>, de Otto M. Schwarz; y la Sinfon\u00eda n\u00ba 1 <i class=\"\">The Lord of the Rings<\/i>, de Johan de Meij. Todo ello bajo la batuta de Pere Sanz Alcover. Al finalizar la primera parte, la concejala y la junta directiva de la Asociaci\u00f3n Musical La Lira hicieron entrega de una placa conmemorativa a la Banda Turisense por su participaci\u00f3n en el Ciclo de Serenatas 2019.<\/span><\/div>\n<div class=\"\"><\/div>\n<div class=\"\"><span class=\"\">Tras un breve descanso, la Banda Sinf\u00f3nica de la Asociaci\u00f3n Musical La Lira, dirigida por Javier Engu\u00eddanos Morat\u00f3, interpret\u00f3 <i class=\"\">Strike up the band<\/i>, de George Gershwin y <i class=\"\">Mare Nostrum<\/i>, de Miquel Asins Arb\u00f3.<\/span><\/div>\n<div class=\"\">\n<div id='gallery-1' class='gallery galleryid-88813 gallery-columns-3 gallery-size-large'><figure class='gallery-item'>\n\t\t\t<div class='gallery-icon landscape'>\n\t\t\t\t<a href='https:\/\/www.tucomarca.com\/wordpress\/segunda\/fotogaleria-la-banda-turisense-y-la-lira-de-cheste-clausuran-el-ciclo-de-serenatas-2019-en-cheste\/1_festival-de-bandas_turisense\/'><img loading=\"lazy\" decoding=\"async\" width=\"1024\" height=\"768\" src=\"https:\/\/www.tucomarca.com\/wordpress\/segunda\/wp-content\/uploads\/2019\/07\/1_Festival-de-Bandas_Turisense-1024x768.jpg\" class=\"attachment-large size-large\" alt=\"\" srcset=\"https:\/\/www.tucomarca.com\/wordpress\/segunda\/wp-content\/uploads\/2019\/07\/1_Festival-de-Bandas_Turisense-1024x768.jpg 1024w, https:\/\/www.tucomarca.com\/wordpress\/segunda\/wp-content\/uploads\/2019\/07\/1_Festival-de-Bandas_Turisense-300x225.jpg 300w, https:\/\/www.tucomarca.com\/wordpress\/segunda\/wp-content\/uploads\/2019\/07\/1_Festival-de-Bandas_Turisense-768x576.jpg 768w\" sizes=\"auto, (max-width: 1024px) 100vw, 1024px\" \/><\/a>\n\t\t\t<\/div><\/figure><figure class='gallery-item'>\n\t\t\t<div class='gallery-icon landscape'>\n\t\t\t\t<a href='https:\/\/www.tucomarca.com\/wordpress\/segunda\/fotogaleria-la-banda-turisense-y-la-lira-de-cheste-clausuran-el-ciclo-de-serenatas-2019-en-cheste\/2_festivaldebandas_lalira\/'><img loading=\"lazy\" decoding=\"async\" width=\"1024\" height=\"768\" src=\"https:\/\/www.tucomarca.com\/wordpress\/segunda\/wp-content\/uploads\/2019\/07\/2_FestivaldeBandas_LaLira-1024x768.jpg\" class=\"attachment-large size-large\" alt=\"\" srcset=\"https:\/\/www.tucomarca.com\/wordpress\/segunda\/wp-content\/uploads\/2019\/07\/2_FestivaldeBandas_LaLira-1024x768.jpg 1024w, https:\/\/www.tucomarca.com\/wordpress\/segunda\/wp-content\/uploads\/2019\/07\/2_FestivaldeBandas_LaLira-300x225.jpg 300w, https:\/\/www.tucomarca.com\/wordpress\/segunda\/wp-content\/uploads\/2019\/07\/2_FestivaldeBandas_LaLira-768x576.jpg 768w\" sizes=\"auto, (max-width: 1024px) 100vw, 1024px\" \/><\/a>\n\t\t\t<\/div><\/figure><figure class='gallery-item'>\n\t\t\t<div class='gallery-icon landscape'>\n\t\t\t\t<a href='https:\/\/www.tucomarca.com\/wordpress\/segunda\/fotogaleria-la-banda-turisense-y-la-lira-de-cheste-clausuran-el-ciclo-de-serenatas-2019-en-cheste\/3_festivaldebandas_lalira\/'><img loading=\"lazy\" decoding=\"async\" width=\"1024\" height=\"768\" src=\"https:\/\/www.tucomarca.com\/wordpress\/segunda\/wp-content\/uploads\/2019\/07\/3_FestivaldeBandas_LaLira-1024x768.jpg\" class=\"attachment-large size-large\" alt=\"\" srcset=\"https:\/\/www.tucomarca.com\/wordpress\/segunda\/wp-content\/uploads\/2019\/07\/3_FestivaldeBandas_LaLira-1024x768.jpg 1024w, https:\/\/www.tucomarca.com\/wordpress\/segunda\/wp-content\/uploads\/2019\/07\/3_FestivaldeBandas_LaLira-300x225.jpg 300w, https:\/\/www.tucomarca.com\/wordpress\/segunda\/wp-content\/uploads\/2019\/07\/3_FestivaldeBandas_LaLira-768x576.jpg 768w\" sizes=\"auto, (max-width: 1024px) 100vw, 1024px\" \/><\/a>\n\t\t\t<\/div><\/figure><figure class='gallery-item'>\n\t\t\t<div class='gallery-icon landscape'>\n\t\t\t\t<a href='https:\/\/www.tucomarca.com\/wordpress\/segunda\/fotogaleria-la-banda-turisense-y-la-lira-de-cheste-clausuran-el-ciclo-de-serenatas-2019-en-cheste\/6_mangelesllorente_reina-de-la-vendimiaacompanante\/'><img loading=\"lazy\" decoding=\"async\" width=\"1024\" height=\"768\" src=\"https:\/\/www.tucomarca.com\/wordpress\/segunda\/wp-content\/uploads\/2019\/07\/6_MAngelesLlorente_Reina-de-la-Vendimiaacompa\u00f1ante-1024x768.jpg\" class=\"attachment-large size-large\" alt=\"\" srcset=\"https:\/\/www.tucomarca.com\/wordpress\/segunda\/wp-content\/uploads\/2019\/07\/6_MAngelesLlorente_Reina-de-la-Vendimiaacompa\u00f1ante-1024x768.jpg 1024w, https:\/\/www.tucomarca.com\/wordpress\/segunda\/wp-content\/uploads\/2019\/07\/6_MAngelesLlorente_Reina-de-la-Vendimiaacompa\u00f1ante-300x225.jpg 300w, https:\/\/www.tucomarca.com\/wordpress\/segunda\/wp-content\/uploads\/2019\/07\/6_MAngelesLlorente_Reina-de-la-Vendimiaacompa\u00f1ante-768x576.jpg 768w\" sizes=\"auto, (max-width: 1024px) 100vw, 1024px\" \/><\/a>\n\t\t\t<\/div><\/figure><figure class='gallery-item'>\n\t\t\t<div class='gallery-icon landscape'>\n\t\t\t\t<a href='https:\/\/www.tucomarca.com\/wordpress\/segunda\/fotogaleria-la-banda-turisense-y-la-lira-de-cheste-clausuran-el-ciclo-de-serenatas-2019-en-cheste\/11_festivaldebandas_turisense\/'><img loading=\"lazy\" decoding=\"async\" width=\"1024\" height=\"683\" src=\"https:\/\/www.tucomarca.com\/wordpress\/segunda\/wp-content\/uploads\/2019\/07\/11_FestivaldeBandas_Turisense-1024x683.jpg\" class=\"attachment-large size-large\" alt=\"\" srcset=\"https:\/\/www.tucomarca.com\/wordpress\/segunda\/wp-content\/uploads\/2019\/07\/11_FestivaldeBandas_Turisense-1024x683.jpg 1024w, https:\/\/www.tucomarca.com\/wordpress\/segunda\/wp-content\/uploads\/2019\/07\/11_FestivaldeBandas_Turisense-300x200.jpg 300w, https:\/\/www.tucomarca.com\/wordpress\/segunda\/wp-content\/uploads\/2019\/07\/11_FestivaldeBandas_Turisense-768x512.jpg 768w\" sizes=\"auto, (max-width: 1024px) 100vw, 1024px\" \/><\/a>\n\t\t\t<\/div><\/figure><figure class='gallery-item'>\n\t\t\t<div class='gallery-icon landscape'>\n\t\t\t\t<a href='https:\/\/www.tucomarca.com\/wordpress\/segunda\/fotogaleria-la-banda-turisense-y-la-lira-de-cheste-clausuran-el-ciclo-de-serenatas-2019-en-cheste\/4_festivaldebandas_turisense\/'><img loading=\"lazy\" decoding=\"async\" width=\"1024\" height=\"768\" src=\"https:\/\/www.tucomarca.com\/wordpress\/segunda\/wp-content\/uploads\/2019\/07\/4_FestivaldeBandas_Turisense-1024x768.jpg\" class=\"attachment-large size-large\" alt=\"\" srcset=\"https:\/\/www.tucomarca.com\/wordpress\/segunda\/wp-content\/uploads\/2019\/07\/4_FestivaldeBandas_Turisense-1024x768.jpg 1024w, https:\/\/www.tucomarca.com\/wordpress\/segunda\/wp-content\/uploads\/2019\/07\/4_FestivaldeBandas_Turisense-300x225.jpg 300w, https:\/\/www.tucomarca.com\/wordpress\/segunda\/wp-content\/uploads\/2019\/07\/4_FestivaldeBandas_Turisense-768x576.jpg 768w\" sizes=\"auto, (max-width: 1024px) 100vw, 1024px\" \/><\/a>\n\t\t\t<\/div><\/figure><figure class='gallery-item'>\n\t\t\t<div class='gallery-icon landscape'>\n\t\t\t\t<a href='https:\/\/www.tucomarca.com\/wordpress\/segunda\/fotogaleria-la-banda-turisense-y-la-lira-de-cheste-clausuran-el-ciclo-de-serenatas-2019-en-cheste\/7_festivaldebandas_lalira\/'><img loading=\"lazy\" decoding=\"async\" width=\"1024\" height=\"768\" src=\"https:\/\/www.tucomarca.com\/wordpress\/segunda\/wp-content\/uploads\/2019\/07\/7_FestivaldeBandas_LaLira-1024x768.jpg\" class=\"attachment-large size-large\" alt=\"\" srcset=\"https:\/\/www.tucomarca.com\/wordpress\/segunda\/wp-content\/uploads\/2019\/07\/7_FestivaldeBandas_LaLira-1024x768.jpg 1024w, https:\/\/www.tucomarca.com\/wordpress\/segunda\/wp-content\/uploads\/2019\/07\/7_FestivaldeBandas_LaLira-300x225.jpg 300w, https:\/\/www.tucomarca.com\/wordpress\/segunda\/wp-content\/uploads\/2019\/07\/7_FestivaldeBandas_LaLira-768x576.jpg 768w\" sizes=\"auto, (max-width: 1024px) 100vw, 1024px\" \/><\/a>\n\t\t\t<\/div><\/figure><figure class='gallery-item'>\n\t\t\t<div class='gallery-icon landscape'>\n\t\t\t\t<a href='https:\/\/www.tucomarca.com\/wordpress\/segunda\/fotogaleria-la-banda-turisense-y-la-lira-de-cheste-clausuran-el-ciclo-de-serenatas-2019-en-cheste\/8_festivaldebandas_lalira\/'><img loading=\"lazy\" decoding=\"async\" width=\"1024\" height=\"768\" src=\"https:\/\/www.tucomarca.com\/wordpress\/segunda\/wp-content\/uploads\/2019\/07\/8_FestivaldeBandas_LaLira-1024x768.jpg\" class=\"attachment-large size-large\" alt=\"\" srcset=\"https:\/\/www.tucomarca.com\/wordpress\/segunda\/wp-content\/uploads\/2019\/07\/8_FestivaldeBandas_LaLira-1024x768.jpg 1024w, https:\/\/www.tucomarca.com\/wordpress\/segunda\/wp-content\/uploads\/2019\/07\/8_FestivaldeBandas_LaLira-300x225.jpg 300w, https:\/\/www.tucomarca.com\/wordpress\/segunda\/wp-content\/uploads\/2019\/07\/8_FestivaldeBandas_LaLira-768x576.jpg 768w\" sizes=\"auto, (max-width: 1024px) 100vw, 1024px\" \/><\/a>\n\t\t\t<\/div><\/figure><figure class='gallery-item'>\n\t\t\t<div class='gallery-icon landscape'>\n\t\t\t\t<a href='https:\/\/www.tucomarca.com\/wordpress\/segunda\/fotogaleria-la-banda-turisense-y-la-lira-de-cheste-clausuran-el-ciclo-de-serenatas-2019-en-cheste\/9_festivaldebandas__lalira\/'><img loading=\"lazy\" decoding=\"async\" width=\"1024\" height=\"768\" src=\"https:\/\/www.tucomarca.com\/wordpress\/segunda\/wp-content\/uploads\/2019\/07\/9_FestivaldeBandas__LaLira-1024x768.jpg\" class=\"attachment-large size-large\" alt=\"\" srcset=\"https:\/\/www.tucomarca.com\/wordpress\/segunda\/wp-content\/uploads\/2019\/07\/9_FestivaldeBandas__LaLira-1024x768.jpg 1024w, https:\/\/www.tucomarca.com\/wordpress\/segunda\/wp-content\/uploads\/2019\/07\/9_FestivaldeBandas__LaLira-300x225.jpg 300w, https:\/\/www.tucomarca.com\/wordpress\/segunda\/wp-content\/uploads\/2019\/07\/9_FestivaldeBandas__LaLira-768x576.jpg 768w\" sizes=\"auto, (max-width: 1024px) 100vw, 1024px\" \/><\/a>\n\t\t\t<\/div><\/figure><figure class='gallery-item'>\n\t\t\t<div class='gallery-icon landscape'>\n\t\t\t\t<a href='https:\/\/www.tucomarca.com\/wordpress\/segunda\/fotogaleria-la-banda-turisense-y-la-lira-de-cheste-clausuran-el-ciclo-de-serenatas-2019-en-cheste\/10_festivaldebandas_turisense\/'><img loading=\"lazy\" decoding=\"async\" width=\"1024\" height=\"683\" src=\"https:\/\/www.tucomarca.com\/wordpress\/segunda\/wp-content\/uploads\/2019\/07\/10_FestivaldeBandas_Turisense-1024x683.jpg\" class=\"attachment-large size-large\" alt=\"\" srcset=\"https:\/\/www.tucomarca.com\/wordpress\/segunda\/wp-content\/uploads\/2019\/07\/10_FestivaldeBandas_Turisense-1024x683.jpg 1024w, https:\/\/www.tucomarca.com\/wordpress\/segunda\/wp-content\/uploads\/2019\/07\/10_FestivaldeBandas_Turisense-300x200.jpg 300w, https:\/\/www.tucomarca.com\/wordpress\/segunda\/wp-content\/uploads\/2019\/07\/10_FestivaldeBandas_Turisense-768x512.jpg 768w\" sizes=\"auto, (max-width: 1024px) 100vw, 1024px\" \/><\/a>\n\t\t\t<\/div><\/figure><figure class='gallery-item'>\n\t\t\t<div class='gallery-icon landscape'>\n\t\t\t\t<a href='https:\/\/www.tucomarca.com\/wordpress\/segunda\/fotogaleria-la-banda-turisense-y-la-lira-de-cheste-clausuran-el-ciclo-de-serenatas-2019-en-cheste\/5_entregadeplaca\/'><img loading=\"lazy\" decoding=\"async\" width=\"1024\" height=\"768\" src=\"https:\/\/www.tucomarca.com\/wordpress\/segunda\/wp-content\/uploads\/2019\/07\/5_Entregadeplaca-1-1024x768.jpg\" class=\"attachment-large size-large\" alt=\"\" srcset=\"https:\/\/www.tucomarca.com\/wordpress\/segunda\/wp-content\/uploads\/2019\/07\/5_Entregadeplaca-1-1024x768.jpg 1024w, https:\/\/www.tucomarca.com\/wordpress\/segunda\/wp-content\/uploads\/2019\/07\/5_Entregadeplaca-1-300x225.jpg 300w, https:\/\/www.tucomarca.com\/wordpress\/segunda\/wp-content\/uploads\/2019\/07\/5_Entregadeplaca-1-768x576.jpg 768w\" sizes=\"auto, (max-width: 1024px) 100vw, 1024px\" \/><\/a>\n\t\t\t<\/div><\/figure>\n\t\t<\/div>\n\n<\/div>\n","protected":false},"excerpt":{"rendered":"<div class=\"mh-excerpt\">El ciclo de serenatas 2019 llegaba ayer a su fin con la celebraci\u00f3n del Festival de Bandas, que cont\u00f3 con la participaci\u00f3n de las bandas sinf\u00f3nicas de la Societat Musical Turisense de Tur\u00eds y de <a class=\"mh-excerpt-more\" href=\"https:\/\/www.tucomarca.com\/wordpress\/segunda\/fotogaleria-la-banda-turisense-y-la-lira-de-cheste-clausuran-el-ciclo-de-serenatas-2019-en-cheste\/\" title=\"Fotogaler\u00eda: La banda \u00abTurisense\u00bb y \u00abLa Lira\u00bb de Cheste clausuran el ciclo de serenatas 2019 en Cheste\">[+] <\/a><\/div>\n","protected":false},"author":2,"featured_media":88812,"comment_status":"open","ping_status":"open","sticky":false,"template":"","format":"standard","meta":{"footnotes":""},"categories":[66,17,10,5,7,383,3,45],"tags":[339,11111],"class_list":{"0":"post-88813","1":"post","2":"type-post","3":"status-publish","4":"format-standard","5":"has-post-thumbnail","7":"category-musica","8":"category-cheste","9":"category-la-hoya","10":"category-la-semana-en-imagenes","11":"category-ocio-y-cultura","12":"category-pueblos-en-fiestas","13":"category-seccion","14":"category-ventana","15":"tag-cheste-2","16":"tag-xest-2"},"_links":{"self":[{"href":"https:\/\/www.tucomarca.com\/wordpress\/segunda\/wp-json\/wp\/v2\/posts\/88813","targetHints":{"allow":["GET"]}}],"collection":[{"href":"https:\/\/www.tucomarca.com\/wordpress\/segunda\/wp-json\/wp\/v2\/posts"}],"about":[{"href":"https:\/\/www.tucomarca.com\/wordpress\/segunda\/wp-json\/wp\/v2\/types\/post"}],"author":[{"embeddable":true,"href":"https:\/\/www.tucomarca.com\/wordpress\/segunda\/wp-json\/wp\/v2\/users\/2"}],"replies":[{"embeddable":true,"href":"https:\/\/www.tucomarca.com\/wordpress\/segunda\/wp-json\/wp\/v2\/comments?post=88813"}],"version-history":[{"count":0,"href":"https:\/\/www.tucomarca.com\/wordpress\/segunda\/wp-json\/wp\/v2\/posts\/88813\/revisions"}],"wp:featuredmedia":[{"embeddable":true,"href":"https:\/\/www.tucomarca.com\/wordpress\/segunda\/wp-json\/wp\/v2\/media\/88812"}],"wp:attachment":[{"href":"https:\/\/www.tucomarca.com\/wordpress\/segunda\/wp-json\/wp\/v2\/media?parent=88813"}],"wp:term":[{"taxonomy":"category","embeddable":true,"href":"https:\/\/www.tucomarca.com\/wordpress\/segunda\/wp-json\/wp\/v2\/categories?post=88813"},{"taxonomy":"post_tag","embeddable":true,"href":"https:\/\/www.tucomarca.com\/wordpress\/segunda\/wp-json\/wp\/v2\/tags?post=88813"}],"curies":[{"name":"wp","href":"https:\/\/api.w.org\/{rel}","templated":true}]}}