{"id":8897,"date":"2012-11-12T10:31:56","date_gmt":"2012-11-12T09:31:56","guid":{"rendered":"http:\/\/www.tucomarca.com\/wordpress\/segunda\/?p=8897"},"modified":"2012-11-12T12:47:32","modified_gmt":"2012-11-12T11:47:32","slug":"los-socialistas-de-la-hoya-participan-en-la-primera-convencion-de-pueblos-y-ciudades-del-pspv-psoe","status":"publish","type":"post","link":"https:\/\/www.tucomarca.com\/wordpress\/segunda\/los-socialistas-de-la-hoya-participan-en-la-primera-convencion-de-pueblos-y-ciudades-del-pspv-psoe\/","title":{"rendered":"Los socialistas de La Hoya participan en la primera convenci\u00f3n de pueblos y ciudades del PSPV-PSOE"},"content":{"rendered":"<figure id=\"attachment_8898\" aria-describedby=\"caption-attachment-8898\" style=\"width: 300px\" class=\"wp-caption alignleft\"><a href=\"https:\/\/www.tucomarca.com\/wordpress\/segunda\/wp-content\/uploads\/2012\/11\/DSC_0001.jpg\"><img loading=\"lazy\" decoding=\"async\" class=\"size-medium wp-image-8898\" title=\"DSC_0001\" src=\"https:\/\/www.tucomarca.com\/wordpress\/segunda\/wp-content\/uploads\/2012\/11\/DSC_0001-300x225.jpg\" alt=\"Integrantes de la delegaci\u00f3n socialista de La Hoya participantes en la convenci\u00f3n.\" width=\"300\" height=\"225\" srcset=\"https:\/\/www.tucomarca.com\/wordpress\/segunda\/wp-content\/uploads\/2012\/11\/DSC_0001-300x225.jpg 300w, https:\/\/www.tucomarca.com\/wordpress\/segunda\/wp-content\/uploads\/2012\/11\/DSC_0001-1024x768.jpg 1024w\" sizes=\"auto, (max-width: 300px) 100vw, 300px\" \/><\/a><figcaption id=\"caption-attachment-8898\" class=\"wp-caption-text\">Integrantes de la delegaci\u00f3n socialista de La Hoya participantes en la convenci\u00f3n.<\/figcaption><\/figure>\n<p>Este s\u00e1bado el PSPV-PSOE ha celebrado su I Convenci\u00f3n de Pueblos y Ciudades, en la ciudad de Orihuela, situada en la comarca de la Vega Baja. El acto lo ha abierto Antonia Moreno, 1\u00ba Teniente alcalde de Orihuela. \u00abLa compa\u00f1era Moreno ha dado las gracias a Ximo Puig por elegir Orihuela para esta primera convenci\u00f3n y ha recordado que si Orihuela, despu\u00e9s de 25 a\u00f1os de gobierno conservador, vot\u00f3 cambio en las pasadas municipales, ese cambio tambi\u00e9n puede llegar en la Comunitat Valenciana, pero para eso, hay que cre\u00e9rselo y actuar desde ya, como alternativa pol\u00edtica al PP de Fabra\u00bb, tal como han informado desde el PSOE de La Hoya.<\/p>\n<p>\u00abPosteriormente ha dirigido unas palabras a todos los asistentes, la Presidenta de la CEN, M\u00aa Teresa Sempere, haciendo gala en su discurso, del municipalismo del PSPV. Seg\u00fan Sempere, que s\u00f3lo desde los municipios, lograremos recuperar la Generalitat. Antes de comenzar con las ponencias del acto, el organizador del evento y Vicesecretario de Relaciones Instituciones de la CEN, Jos\u00e9 Manuel Orengo, ha recordado que el PSPV-PSOE es la \u00fanica alternativa de gobierno a la derecha, ya que tenemos representaci\u00f3n en todos los municipios de nuestra comunidad\u201d y que esta convenci\u00f3n deb\u00eda de ser \u201cla fuerza de arranque del cambio para los pr\u00f3ximos comicios auton\u00f3micos\u00bb.<\/p>\n<p>Una vez hechas las presentaciones, se han comenzado con las cuatro ponencias preparadas para el acto, que han sido: \u2018Comprometidos con las personas. Trabajar es un derecho\u2019, defendida por Joan Calabuig, Secretario de Grandes Ciudades de la CEN. Joan Calabuig ha recordado que el paro \u201cha crecido el doble este a\u00f1o bajo el gobierno de Rajoy, que el pasado con gobierno socialista\u201d, haciendo ver que los recortes ideol\u00f3gicos del PP, tienen como \u00fanico objetivo \u201cdestruir el modelo social europeo\u201d y que no valen para recuperar el Estado del Bienestar.<\/p>\n<p>La segunda ha sido la ponencia \u2018Exigimos lo que es de los ciudadanos. Reclamamos la deuda de la Generalitat\u2019, defendida por Concha Andr\u00e9s, miembro de la CEN, Secretaria de Coordinaci\u00f3n de las Diputaciones. Concha Andr\u00e9s ha hecho autocr\u00edtica en su discurso reconociendo, que los ciudadanos, en los \u00faltimos a\u00f1os, ha habido ocasiones que nos han \u201cechado en falta\u201d\u00a0 y que hab\u00eda llegado el momento de recuperar la \u201ccredibilidad ciudadana\u201d.<\/p>\n<p>Y la tercera ponencia fue \u2018Defendemos la ciudad y los derechos de los ciudadanos\u2019, defendida por Josep Gisbert, Secretario de Peque\u00f1os Municipios y Comarcas de la CEN. Josep Gisbert ha defendido que el PSPV es por encima de todo, \u201cun partido municipalista\u201d. Gisbert cree que antes que estudiar la desaparici\u00f3n de los municipios, \u201chabr\u00eda que reformar las actuales mancomunidades controladas por el PP, mancomunidades fantasmas, que no han cumplido con los objetivos por las que se crearon\u201d. Por \u00faltimo Gisbert, ha hecho una defensa de los concejales y alcaldes socialistas de toda la Comunitat Valenciana, defini\u00e9ndolos como \u201cpersonas trabajadoras, que trabajan en muchas ocasiones, sin recibir ning\u00fan sueldo por parte de las administraciones locales\u201d, por lo cree, que la campa\u00f1a lanzada por el PP, en contra de las corporaciones, culpabiliz\u00e1ndolas de la crisis econ\u00f3mica, \u201ces injusta y falsa, no siendo m\u00e1s que una cortina de humo del PP, para que no se hablen de los seis millones de parados\u201d.<\/p>\n<p>La cuarta ponencia ha sido \u2018Abiertos a la ciudadan\u00eda. M\u00e1s democracia y m\u00e1s participaci\u00f3n\u2019, defendida por Elvira Garc\u00eda, Alcaldesa de Alaqu\u00e0s. Elvira Garc\u00eda ha defendido la celebraci\u00f3n de unas \u201cprimarias abiertas para la elecci\u00f3n del candidato a la Generalitat por parte del PSPV-PSOE\u201d, adem\u00e1s de defender la necesidad de que nuestro partido est\u00e9 junto a todas las nuevas plataformas ciudadanas, en defensa de los derechos sociales.<\/p>\n<p>Una vez defendidas y aprobadas por los presentes las ponencias, se ha le\u00eddo un manifiesto por el alcalde de Rafal, Manuel Pineda, donde se recog\u00edan las ideas m\u00e1s potentes de la convenci\u00f3n (defensa del municipalismo, profundizar en la democracia interna, situar como prioridad n\u00famero uno la creaci\u00f3n de trabajo para los miles de valencianos en el paro). El manifiesto se le ha llamado Manifiesto de Orihuela y a \u00e9l, se han adherido todos los asistentes a la convenci\u00f3n.<\/p>\n<p>El acto ha concluido con las intervenciones de David Cerd\u00e1n, Secretario General de la provincia de Alicante y de Ximo Puig, Secretario General del PSPV-PSOE. David Cerd\u00e1n ha recordado todos los avances en derechos sociales, que se consiguieron en los gobiernos socialistas de 2004 a 2011, avances que seg\u00fan Cerd\u00e1n, \u201cson un indicativo claro de que el PP y el PSOE no somos ni de lejos, lo mismo\u201d. Ximo Puig ha agradecido la gran asistencia de compa\u00f1eros a esta primera convenci\u00f3n, demostraci\u00f3n seg\u00fan Puig, \u201cde la vitalidad de nuestro partido\u201d. Ximo Puig ha recordado sus m\u00e1s de 16 a\u00f1os como alcalde de Morella, recordando que si \u201csi te portas bien con la gente, si est\u00e1s con ellos, hasta en los peque\u00f1os detalles, ellos, se portan bien contigo\u201d. Por \u00faltimo el secretario general se ha mostrado convencido de que la reconquista de la Generalitat comienza \u201choy aqu\u00ed en Orihuela, con esta convenci\u00f3n\u201d, agradeciendo la hospitalidad de la agrupaci\u00f3n local de Orihuela y convocando a todos los presentes a una nueva convenci\u00f3n para el a\u00f1o que viene.<\/p>\n","protected":false},"excerpt":{"rendered":"<div class=\"mh-excerpt\">Este s\u00e1bado el PSPV-PSOE ha celebrado su I Convenci\u00f3n de Pueblos y Ciudades, en la ciudad de Orihuela, situada en la comarca de la Vega Baja. El acto lo ha abierto Antonia Moreno, 1\u00ba Teniente <a class=\"mh-excerpt-more\" href=\"https:\/\/www.tucomarca.com\/wordpress\/segunda\/los-socialistas-de-la-hoya-participan-en-la-primera-convencion-de-pueblos-y-ciudades-del-pspv-psoe\/\" title=\"Los socialistas de La Hoya participan en la primera convenci\u00f3n de pueblos y ciudades del PSPV-PSOE\">[+] <\/a><\/div>\n","protected":false},"author":1,"featured_media":8898,"comment_status":"open","ping_status":"open","sticky":false,"template":"","format":"standard","meta":{"footnotes":""},"categories":[19,18,8,10,142,3],"tags":[],"class_list":{"0":"post-8897","1":"post","2":"type-post","3":"status-publish","4":"format-standard","5":"has-post-thumbnail","7":"category-alborache","8":"category-bunol","9":"category-la-comarca","10":"category-la-hoya","11":"category-politica-la-comarca","12":"category-seccion"},"_links":{"self":[{"href":"https:\/\/www.tucomarca.com\/wordpress\/segunda\/wp-json\/wp\/v2\/posts\/8897","targetHints":{"allow":["GET"]}}],"collection":[{"href":"https:\/\/www.tucomarca.com\/wordpress\/segunda\/wp-json\/wp\/v2\/posts"}],"about":[{"href":"https:\/\/www.tucomarca.com\/wordpress\/segunda\/wp-json\/wp\/v2\/types\/post"}],"author":[{"embeddable":true,"href":"https:\/\/www.tucomarca.com\/wordpress\/segunda\/wp-json\/wp\/v2\/users\/1"}],"replies":[{"embeddable":true,"href":"https:\/\/www.tucomarca.com\/wordpress\/segunda\/wp-json\/wp\/v2\/comments?post=8897"}],"version-history":[{"count":0,"href":"https:\/\/www.tucomarca.com\/wordpress\/segunda\/wp-json\/wp\/v2\/posts\/8897\/revisions"}],"wp:featuredmedia":[{"embeddable":true,"href":"https:\/\/www.tucomarca.com\/wordpress\/segunda\/wp-json\/wp\/v2\/media\/8898"}],"wp:attachment":[{"href":"https:\/\/www.tucomarca.com\/wordpress\/segunda\/wp-json\/wp\/v2\/media?parent=8897"}],"wp:term":[{"taxonomy":"category","embeddable":true,"href":"https:\/\/www.tucomarca.com\/wordpress\/segunda\/wp-json\/wp\/v2\/categories?post=8897"},{"taxonomy":"post_tag","embeddable":true,"href":"https:\/\/www.tucomarca.com\/wordpress\/segunda\/wp-json\/wp\/v2\/tags?post=8897"}],"curies":[{"name":"wp","href":"https:\/\/api.w.org\/{rel}","templated":true}]}}