{"id":89073,"date":"2019-07-17T14:46:00","date_gmt":"2019-07-17T12:46:00","guid":{"rendered":"http:\/\/www.tucomarca.com\/wordpress\/segunda\/?p=89073"},"modified":"2019-07-17T14:46:00","modified_gmt":"2019-07-17T12:46:00","slug":"la-escuela-de-adultos-de-turis-celebra-el-fin-de-curso-con-una-cena-de-hermandad","status":"publish","type":"post","link":"https:\/\/www.tucomarca.com\/wordpress\/segunda\/la-escuela-de-adultos-de-turis-celebra-el-fin-de-curso-con-una-cena-de-hermandad\/","title":{"rendered":"La escuela de adultos de Tur\u00eds celebra el fin de curso con una cena de hermandad"},"content":{"rendered":"<figure id=\"attachment_89074\" aria-describedby=\"caption-attachment-89074\" style=\"width: 354px\" class=\"wp-caption alignleft\"><img loading=\"lazy\" decoding=\"async\" class=\" wp-image-89074\" src=\"https:\/\/www.tucomarca.com\/wordpress\/segunda\/wp-content\/uploads\/2019\/07\/cena1.jpg\" alt=\"El Centro de Formaci\u00f3n de Personas Adultas de Tur\u00eds celebr\u00f3 el fin del curso 2018-2019 con la primera gran cena de hermandad que acoge este verano la plaza Vicent Ribes.\" width=\"354\" height=\"265\" srcset=\"https:\/\/www.tucomarca.com\/wordpress\/segunda\/wp-content\/uploads\/2019\/07\/cena1.jpg 960w, https:\/\/www.tucomarca.com\/wordpress\/segunda\/wp-content\/uploads\/2019\/07\/cena1-300x225.jpg 300w, https:\/\/www.tucomarca.com\/wordpress\/segunda\/wp-content\/uploads\/2019\/07\/cena1-768x576.jpg 768w\" sizes=\"auto, (max-width: 354px) 100vw, 354px\" \/><figcaption id=\"caption-attachment-89074\" class=\"wp-caption-text\">El Centro de Formaci\u00f3n de Personas Adultas de Tur\u00eds celebr\u00f3 el fin del curso 2018-2019 con la primera gran cena de hermandad que acoge este verano la plaza Vicent Ribes.<\/figcaption><\/figure>\n<p>El Centro de Formaci\u00f3n de Personas Adultas de Tur\u00eds celebr\u00f3 el fin del curso 2018-2019 con la primera gran cena de hermandad que acoge este verano la plaza Vicent Ribes.<\/p>\n<p>Fue una noche muy especial para hacer escuela en la que se reunieron m\u00e1s de 170 alumnos de los cursos de graduado ESO, castellano para extranjeros, ingl\u00e9s, valenciano, taller de inform\u00e1tica, de corte y confecci\u00f3n, de pintura art\u00edstica y de artes pl\u00e1sticas.<\/p>\n","protected":false},"excerpt":{"rendered":"<div class=\"mh-excerpt\">El Centro de Formaci\u00f3n de Personas Adultas de Tur\u00eds celebr\u00f3 el fin del curso 2018-2019 con la primera gran cena de hermandad que acoge este verano la plaza Vicent Ribes. Fue una noche muy especial <a class=\"mh-excerpt-more\" href=\"https:\/\/www.tucomarca.com\/wordpress\/segunda\/la-escuela-de-adultos-de-turis-celebra-el-fin-de-curso-con-una-cena-de-hermandad\/\" title=\"La escuela de adultos de Tur\u00eds celebra el fin de curso con una cena de hermandad\">[+] <\/a><\/div>\n","protected":false},"author":1,"featured_media":89074,"comment_status":"open","ping_status":"open","sticky":false,"template":"","format":"standard","meta":{"footnotes":""},"categories":[42,5,383,3,43],"tags":[3640,10394],"class_list":{"0":"post-89073","1":"post","2":"type-post","3":"status-publish","4":"format-standard","5":"has-post-thumbnail","7":"category-la-ribera","8":"category-la-semana-en-imagenes","9":"category-pueblos-en-fiestas","10":"category-seccion","11":"category-turis","12":"tag-la-ribera-alta","13":"tag-turis"},"_links":{"self":[{"href":"https:\/\/www.tucomarca.com\/wordpress\/segunda\/wp-json\/wp\/v2\/posts\/89073","targetHints":{"allow":["GET"]}}],"collection":[{"href":"https:\/\/www.tucomarca.com\/wordpress\/segunda\/wp-json\/wp\/v2\/posts"}],"about":[{"href":"https:\/\/www.tucomarca.com\/wordpress\/segunda\/wp-json\/wp\/v2\/types\/post"}],"author":[{"embeddable":true,"href":"https:\/\/www.tucomarca.com\/wordpress\/segunda\/wp-json\/wp\/v2\/users\/1"}],"replies":[{"embeddable":true,"href":"https:\/\/www.tucomarca.com\/wordpress\/segunda\/wp-json\/wp\/v2\/comments?post=89073"}],"version-history":[{"count":0,"href":"https:\/\/www.tucomarca.com\/wordpress\/segunda\/wp-json\/wp\/v2\/posts\/89073\/revisions"}],"wp:featuredmedia":[{"embeddable":true,"href":"https:\/\/www.tucomarca.com\/wordpress\/segunda\/wp-json\/wp\/v2\/media\/89074"}],"wp:attachment":[{"href":"https:\/\/www.tucomarca.com\/wordpress\/segunda\/wp-json\/wp\/v2\/media?parent=89073"}],"wp:term":[{"taxonomy":"category","embeddable":true,"href":"https:\/\/www.tucomarca.com\/wordpress\/segunda\/wp-json\/wp\/v2\/categories?post=89073"},{"taxonomy":"post_tag","embeddable":true,"href":"https:\/\/www.tucomarca.com\/wordpress\/segunda\/wp-json\/wp\/v2\/tags?post=89073"}],"curies":[{"name":"wp","href":"https:\/\/api.w.org\/{rel}","templated":true}]}}