{"id":89202,"date":"2019-07-18T08:30:11","date_gmt":"2019-07-18T06:30:11","guid":{"rendered":"http:\/\/www.tucomarca.com\/wordpress\/segunda\/?p=89202"},"modified":"2019-07-18T08:30:11","modified_gmt":"2019-07-18T06:30:11","slug":"el-bosque-y-el-actor-imanol-arias-presentan-la-primera-urbanizacion-cardioprotegida-de-la-comunitat","status":"publish","type":"post","link":"https:\/\/www.tucomarca.com\/wordpress\/segunda\/el-bosque-y-el-actor-imanol-arias-presentan-la-primera-urbanizacion-cardioprotegida-de-la-comunitat\/","title":{"rendered":"El Bosque y el actor Imanol Arias presentan la primera urbanizaci\u00f3n cardioprotegida de la Comunitat"},"content":{"rendered":"<figure id=\"attachment_89199\" aria-describedby=\"caption-attachment-89199\" style=\"width: 640px\" class=\"wp-caption alignnone\"><img loading=\"lazy\" decoding=\"async\" class=\"size-full wp-image-89199\" src=\"https:\/\/www.tucomarca.com\/wordpress\/segunda\/wp-content\/uploads\/2019\/07\/proyecto-cardiosaludable.jpeg\" alt=\"Imanol Arias acudi\u00f3 al evento como padrino de la ONG AIZAN, encargada de la formaci\u00f3n homologada necesaria para el uso de los desfibriladores autom\u00e1ticos\" width=\"640\" height=\"427\" srcset=\"https:\/\/www.tucomarca.com\/wordpress\/segunda\/wp-content\/uploads\/2019\/07\/proyecto-cardiosaludable.jpeg 640w, https:\/\/www.tucomarca.com\/wordpress\/segunda\/wp-content\/uploads\/2019\/07\/proyecto-cardiosaludable-300x200.jpeg 300w\" sizes=\"auto, (max-width: 640px) 100vw, 640px\" \/><figcaption id=\"caption-attachment-89199\" class=\"wp-caption-text\"><b><\/b>Imanol Arias acudi\u00f3 al evento como padrino de la ONG AIZAN, encargada de la formaci\u00f3n homologada necesaria para el uso de los desfibriladores autom\u00e1ticos<\/figcaption><\/figure>\n<p>La Ciudad Residencial El Bosque y el actor Imanol Arias presentaron el proyecto \u201cLa Urbanizaci\u00f3n El Bosque cuida de tu coraz\u00f3n\u201d, un proyecto por el que se ha convertido en la primera urbanizaci\u00f3n cardioprotegida de la Comunitat Valenciana, al ubicar 8 desfibriladores con el objetivo de dar servicio a los vecinos de la urbanizaci\u00f3n y alrededores, en el caso de que se produzca una emergencia cardiovascular.<span class=\"Apple-converted-space\">\u00a0<\/span><\/p>\n<p>Al acto asistieron autoridades locales de los municipios entre los que se encuentra ubicada la Ciudad Residencial, as\u00ed como representantes de clubes deportivos, del Instituto Valenciano del Coraz\u00f3n, de la Sociedad Valenciana de Medicina Intensiva y vecinos de la urbanizaci\u00f3n.<span class=\"Apple-converted-space\">\u00a0<\/span><\/p>\n<p>Durante la presentaci\u00f3n del proyecto, el presidente de la Ciudad Residencial El Bosque, el Dr. Juan Ca\u00f1izares, detall\u00f3 la ubicaci\u00f3n de los desfibriladores autom\u00e1ticos, distribuidos en columnas fijas debidamente se\u00f1alizadas y en las unidades m\u00f3viles de seguridad de la urbanizaci\u00f3n, teniendo en cuenta la dispersi\u00f3n geogr\u00e1fica de la poblaci\u00f3n, los tiempos de acceso a cada uno de los desfibriladores y la poblaci\u00f3n de riesgo de la ciudad residencial.<span class=\"Apple-converted-space\">\u00a0<\/span><\/p>\n<p>\u201cCon este proyecto tratamos de garantizar la seguridad y mejorar la calidad de vida de los vecinos de El Bosque y de urbanizaciones colindantes. Nuestro mayor \u00e9xito ser\u00eda no tener que utilizar nunca uno de estos desfibriladores o en el caso de tener que utilizarlos alguna vez, conseguir salvar una vida. Con esto, el proyecto ya habr\u00eda merecido la pena\u201d, destac\u00f3 el presidente de El Bosque.<\/p>\n<p>Por su parte, el actor Imanol Arias acudi\u00f3 al evento como padrino de la ONG AIZAN, encargada de la formaci\u00f3n homologada necesaria para el uso de los desfibriladores autom\u00e1ticos, tanto por parte del personal que trabaja en la urbanizaci\u00f3n como de los vecinos.<span class=\"Apple-converted-space\">\u00a0<\/span><\/p>\n<p>En este sentido, Imanol Arias mostr\u00f3 su reconocimiento a las personas que han puesto en marcha este proyecto, puso de manifiesto la importancia de la formaci\u00f3n para sentirse con la capacidad de poder salvar una vida y destac\u00f3 el trabajo de la sanidad p\u00fablica valenciana en la lucha contra la muerte s\u00fabita.<span class=\"Apple-converted-space\">\u00a0<\/span><\/p>\n<p>La ONG AIZAN nace con el objetivo de formar y concienciar a la poblaci\u00f3n sobre la importancia de saber realizar una maniobra de reanimaci\u00f3n cardiopulmonar (RCP).<span class=\"Apple-converted-space\">\u00a0<\/span><\/p>\n<p>Para ello, est\u00e1 realizando charlas, talleres y cursos te\u00f3rico pr\u00e1cticos, gratuitos y homologados, dirigidos al personal de las instalaciones de la urbanizaci\u00f3n El Bosque as\u00ed como a los vecinos, incluidos ni\u00f1os a partir de 5 a\u00f1os, con la finalidad de formar a la poblaci\u00f3n sobre c\u00f3mo detectar una parada card\u00edaca, activar los servicios de emergencia, iniciar compresiones tor\u00e1cicas de forma precoz y efectiva, as\u00ed como aprender el funcionamiento de los DEA.<\/p>\n<p>Por su parte, Claudia Naldi, presidenta de la ONG AIZAN, destac\u00f3 el compromiso de la Junta Directiva de la Urbanizaci\u00f3n con los vecinos de El Bosque y la solidaridad de estos con las urbanizaciones cercanas, al poner a su disposici\u00f3n los elementos y la formaci\u00f3n necesaria para la realizaci\u00f3n de una maniobra de realizaci\u00f3n cardiopulmonar y convertir as\u00ed la zona en cardio protegida<\/p>\n<p>Seg\u00fan las estimaciones, en Espa\u00f1a, cada 3 horas y 40 minutos, muere una persona atragantada y cada a\u00f1o, m\u00e1s de 30.000 personas fallecen por un paro cardiaco. Las probabilidades de sobrevivir a una parada cardiaca extrahospitalaria oscilan entre el 5 y el 10 por ciento, por lo que una atenci\u00f3n temprana y eficaz resulta fundamental para aumentar la tasa de supervivencia.<\/p>\n<p><b>Ciudad Residencial El Bosque<\/b><\/p>\n<p>La Urbanizaci\u00f3n El Bosque est\u00e1 situada en la confluencia de los t\u00e9rminos municipales de Chiva, Godelleta y Torrent, aunque la mayor parte de su superficie se enclava en el t\u00e9rmino municipal de Chiva.<\/p>\n<p>En la Ciudad Residencial viven asiduamente m\u00e1s de cuatro mil personas de distintas nacionalidades y ocupa una extensi\u00f3n de 1.847.493 metros cuadrados, entre los que encuentran ubicadas diferentes instalaciones deportivas, dentro de un entorno de vegetaci\u00f3n donde se fusionan convenientemente las viviendas, respetando el entorno natural y el medio ambiente.<span class=\"Apple-converted-space\">\u00a0<\/span><\/p>\n","protected":false},"excerpt":{"rendered":"<div class=\"mh-excerpt\">La Ciudad Residencial El Bosque y el actor Imanol Arias presentaron el proyecto \u201cLa Urbanizaci\u00f3n El Bosque cuida de tu coraz\u00f3n\u201d, un proyecto por el que se ha convertido en la primera urbanizaci\u00f3n cardioprotegida de <a class=\"mh-excerpt-more\" href=\"https:\/\/www.tucomarca.com\/wordpress\/segunda\/el-bosque-y-el-actor-imanol-arias-presentan-la-primera-urbanizacion-cardioprotegida-de-la-comunitat\/\" title=\"El Bosque y el actor Imanol Arias presentan la primera urbanizaci\u00f3n cardioprotegida de la Comunitat\">[+] <\/a><\/div>\n","protected":false},"author":1,"featured_media":89200,"comment_status":"open","ping_status":"open","sticky":false,"template":"","format":"standard","meta":{"footnotes":""},"categories":[119,16,8,72,10,3],"tags":[10384,11110,11739],"class_list":{"0":"post-89202","1":"post","2":"type-post","3":"status-publish","4":"format-standard","5":"has-post-thumbnail","7":"category-sanidad-la-comarca","8":"category-chiva","9":"category-la-comarca","10":"category-sin-categorizar","11":"category-la-hoya","12":"category-seccion","13":"tag-chiva","14":"tag-la-foia-de-bunyol-xiva-2","15":"tag-xiva-2"},"_links":{"self":[{"href":"https:\/\/www.tucomarca.com\/wordpress\/segunda\/wp-json\/wp\/v2\/posts\/89202","targetHints":{"allow":["GET"]}}],"collection":[{"href":"https:\/\/www.tucomarca.com\/wordpress\/segunda\/wp-json\/wp\/v2\/posts"}],"about":[{"href":"https:\/\/www.tucomarca.com\/wordpress\/segunda\/wp-json\/wp\/v2\/types\/post"}],"author":[{"embeddable":true,"href":"https:\/\/www.tucomarca.com\/wordpress\/segunda\/wp-json\/wp\/v2\/users\/1"}],"replies":[{"embeddable":true,"href":"https:\/\/www.tucomarca.com\/wordpress\/segunda\/wp-json\/wp\/v2\/comments?post=89202"}],"version-history":[{"count":0,"href":"https:\/\/www.tucomarca.com\/wordpress\/segunda\/wp-json\/wp\/v2\/posts\/89202\/revisions"}],"wp:featuredmedia":[{"embeddable":true,"href":"https:\/\/www.tucomarca.com\/wordpress\/segunda\/wp-json\/wp\/v2\/media\/89200"}],"wp:attachment":[{"href":"https:\/\/www.tucomarca.com\/wordpress\/segunda\/wp-json\/wp\/v2\/media?parent=89202"}],"wp:term":[{"taxonomy":"category","embeddable":true,"href":"https:\/\/www.tucomarca.com\/wordpress\/segunda\/wp-json\/wp\/v2\/categories?post=89202"},{"taxonomy":"post_tag","embeddable":true,"href":"https:\/\/www.tucomarca.com\/wordpress\/segunda\/wp-json\/wp\/v2\/tags?post=89202"}],"curies":[{"name":"wp","href":"https:\/\/api.w.org\/{rel}","templated":true}]}}