{"id":89225,"date":"2019-07-19T22:22:59","date_gmt":"2019-07-19T20:22:59","guid":{"rendered":"http:\/\/www.tucomarca.com\/wordpress\/segunda\/?p=89225"},"modified":"2019-07-19T22:22:59","modified_gmt":"2019-07-19T20:22:59","slug":"la-10k-leliana-preparada-para-una-nueva-edicion","status":"publish","type":"post","link":"https:\/\/www.tucomarca.com\/wordpress\/segunda\/la-10k-leliana-preparada-para-una-nueva-edicion\/","title":{"rendered":"La 10K l\u2019Eliana preparada para una nueva edici\u00f3n"},"content":{"rendered":"<figure id=\"attachment_89226\" aria-describedby=\"caption-attachment-89226\" style=\"width: 466px\" class=\"wp-caption alignleft\"><img loading=\"lazy\" decoding=\"async\" class=\" wp-image-89226\" src=\"https:\/\/www.tucomarca.com\/wordpress\/segunda\/wp-content\/uploads\/2019\/07\/Eliana10K.jpeg\" alt=\"En esta edici\u00f3n la organizaci\u00f3n colaborar\u00e1 con la ONG Unidos con el DIPG\" width=\"466\" height=\"262\" srcset=\"https:\/\/www.tucomarca.com\/wordpress\/segunda\/wp-content\/uploads\/2019\/07\/Eliana10K.jpeg 1600w, https:\/\/www.tucomarca.com\/wordpress\/segunda\/wp-content\/uploads\/2019\/07\/Eliana10K-300x169.jpeg 300w, https:\/\/www.tucomarca.com\/wordpress\/segunda\/wp-content\/uploads\/2019\/07\/Eliana10K-768x432.jpeg 768w, https:\/\/www.tucomarca.com\/wordpress\/segunda\/wp-content\/uploads\/2019\/07\/Eliana10K-1024x576.jpeg 1024w\" sizes=\"auto, (max-width: 466px) 100vw, 466px\" \/><figcaption id=\"caption-attachment-89226\" class=\"wp-caption-text\">En esta edici\u00f3n la organizaci\u00f3n colaborar\u00e1 con la ONG Unidos con el DIPG<\/figcaption><\/figure>\n<p>La 10K l\u2019Eliana XXXVII Volta a Peu, ha presentado en el Sal\u00f3n de Plenos del Ayuntamiento de l\u2019Eliana su nueva edici\u00f3n. El presidente del Club de Atletismo l\u2019Eliana Running Ramon Dolz y la concejala de pol\u00edtica deportiva Concha Montaner han explicado con detalles los pormenores de la prueba insignia de nuestro municipio.<\/p>\n<p>La carrera, que por cuarto a\u00f1o consecutivo de encuentra dentro del Circuito de Carreras Populares de la Diputaci\u00f3n de Valencia, se celebrar\u00e1 el pr\u00f3ximo s\u00e1bado 27 de julio a partir de las 20:00, con salida y llegada en la pista de atletismo del Polideportivo Municipal. En esta edici\u00f3n el n\u00famero de mujeres inscritas ha alcanzado el 25%, superando la media del circuito, que persigue alcanzar el objetivo del 20%<\/p>\n<p>Las inscripciones permanecer\u00e1n abiertas hasta la media noche del 24 de julio y los interesados podr\u00e1n hacerlo de manera presencial en Tribox y en Renault l\u2019Eliana.<\/p>\n<p>En esta nueva edici\u00f3n, y al igual que lleva haciendo en los \u00faltimos a\u00f1os,<span class=\"Apple-converted-space\">\u00a0 <\/span>el club organizador ha colaborado con una entidad social, la ONG Unidos contra el DIPG, centrada en la investigaci\u00f3n de este c\u00e1ncer cerebral que afecta a ni\u00f1os y ni\u00f1as de edad temprana.<\/p>\n<p>La concejala de pol\u00edtica deportiva Concha Montaner ha hecho un llamamiento a los vecinos y vecinas del municipio, para unirse a la 10K l\u2019Eliana. \u201c<i>Desde el Ayuntamiento queremos agradecer el trabajo y la dedicaci\u00f3n del Club l\u2019Eliana Running, para organizar esta exitosa carrera. Animo a todos los vecinos a participar ya sea como corredores, animadores durante el recorrido o como voluntarios<\/i>\u201d, ha destacado la edil.<span class=\"Apple-converted-space\">\u00a0<\/span><\/p>\n","protected":false},"excerpt":{"rendered":"<div class=\"mh-excerpt\">La 10K l\u2019Eliana XXXVII Volta a Peu, ha presentado en el Sal\u00f3n de Plenos del Ayuntamiento de l\u2019Eliana su nueva edici\u00f3n. El presidente del Club de Atletismo l\u2019Eliana Running Ramon Dolz y la concejala de <a class=\"mh-excerpt-more\" href=\"https:\/\/www.tucomarca.com\/wordpress\/segunda\/la-10k-leliana-preparada-para-una-nueva-edicion\/\" title=\"La 10K l\u2019Eliana preparada para una nueva edici\u00f3n\">[+] <\/a><\/div>\n","protected":false},"author":1,"featured_media":89226,"comment_status":"open","ping_status":"open","sticky":false,"template":"","format":"standard","meta":{"footnotes":""},"categories":[98,46,6,177,8,3],"tags":[10395,10433],"class_list":{"0":"post-89225","1":"post","2":"type-post","3":"status-publish","4":"format-standard","5":"has-post-thumbnail","7":"category-atletismo","8":"category-camp-de-turia","9":"category-deportes","10":"category-leliana","11":"category-la-comarca","12":"category-seccion","13":"tag-camp-de-turia","14":"tag-leliana"},"_links":{"self":[{"href":"https:\/\/www.tucomarca.com\/wordpress\/segunda\/wp-json\/wp\/v2\/posts\/89225","targetHints":{"allow":["GET"]}}],"collection":[{"href":"https:\/\/www.tucomarca.com\/wordpress\/segunda\/wp-json\/wp\/v2\/posts"}],"about":[{"href":"https:\/\/www.tucomarca.com\/wordpress\/segunda\/wp-json\/wp\/v2\/types\/post"}],"author":[{"embeddable":true,"href":"https:\/\/www.tucomarca.com\/wordpress\/segunda\/wp-json\/wp\/v2\/users\/1"}],"replies":[{"embeddable":true,"href":"https:\/\/www.tucomarca.com\/wordpress\/segunda\/wp-json\/wp\/v2\/comments?post=89225"}],"version-history":[{"count":0,"href":"https:\/\/www.tucomarca.com\/wordpress\/segunda\/wp-json\/wp\/v2\/posts\/89225\/revisions"}],"wp:featuredmedia":[{"embeddable":true,"href":"https:\/\/www.tucomarca.com\/wordpress\/segunda\/wp-json\/wp\/v2\/media\/89226"}],"wp:attachment":[{"href":"https:\/\/www.tucomarca.com\/wordpress\/segunda\/wp-json\/wp\/v2\/media?parent=89225"}],"wp:term":[{"taxonomy":"category","embeddable":true,"href":"https:\/\/www.tucomarca.com\/wordpress\/segunda\/wp-json\/wp\/v2\/categories?post=89225"},{"taxonomy":"post_tag","embeddable":true,"href":"https:\/\/www.tucomarca.com\/wordpress\/segunda\/wp-json\/wp\/v2\/tags?post=89225"}],"curies":[{"name":"wp","href":"https:\/\/api.w.org\/{rel}","templated":true}]}}