{"id":8925,"date":"2012-11-12T14:19:34","date_gmt":"2012-11-12T13:19:34","guid":{"rendered":"http:\/\/www.tucomarca.com\/wordpress\/segunda\/?p=8925"},"modified":"2012-11-12T14:19:34","modified_gmt":"2012-11-12T13:19:34","slug":"andilla-y-tuejar-mejoraran-sus-infraestructuras-con-la-ayuda-de-la-diputacion","status":"publish","type":"post","link":"https:\/\/www.tucomarca.com\/wordpress\/segunda\/andilla-y-tuejar-mejoraran-sus-infraestructuras-con-la-ayuda-de-la-diputacion\/","title":{"rendered":"Andilla y Tu\u00e9jar mejorar\u00e1n sus infraestructuras con la ayuda de la Diputaci\u00f3n"},"content":{"rendered":"<div>\n<p>El presidente de la Diputaci\u00f3n de Valencia, Alfonso Rus, ha  firmado dos convenios de colaboraci\u00f3n con los responsables municipales  de Andilla y Tu\u00e9jar para poner en marcha proyectos de reforma  de infraestructuras locales, as\u00ed como la mejora de instalaciones  deportivas, que suponen una inversi\u00f3n total por parte de la instituci\u00f3n  provincial de 380.000 euros.<\/p>\n<p><strong>Andilla <\/strong>abastecer\u00e1 de agua potable los n\u00facleos de  Osset y Artaj con la ayuda de la Diputaci\u00f3n, que colaborar\u00e1 con el  ayuntamiento para canalizar el agua de un manantial pr\u00f3ximo.<\/p>\n<p>La corporaci\u00f3n provincial subvencionar\u00e1 las obras con una inversi\u00f3n  de 130.000 euros que servir\u00e1n para \u201cponer punto y final a una etapa muy  larga en nuestra poblaci\u00f3n\u201d, ha explicado el alcalde, Jes\u00fas Ruiz.<\/p>\n<p>\u201cEsta actuaci\u00f3n mejorar\u00e1 la calidad de vida de unas 1.500 personas  que veranean en nuestra localidad y dar\u00e1 respuesta a la demanda  hist\u00f3rica de unos 200 vecinos que viven durante todo el a\u00f1o en esta zona  sin red de agua potable y que utilizan cisternas\u201d, ha explicado el  responsable municipal.<\/p>\n<p>Por \u00faltimo, Jes\u00fas Ruiz ha declarado que para los pueblos peque\u00f1os  como Andilla -con 300 habitantes- la ayuda de la Diputaci\u00f3n de Valencia  es \u201cfundamental para poder llevar a cabo proyectos que otorguen un mayor  bienestar a los ciudadanos\u201d.<\/p>\n<p>&nbsp;<\/p>\n<p><strong>Tu\u00e9jar reforzar\u00e1 sus viales<\/strong><\/p>\n<p>La Diputaci\u00f3nde Valencia ha destinado 125.000 euros para rehabilitar las calles de <strong>Tu\u00e9jar<\/strong>,  tal como ha explicado el responsable municipal, Francisco Javier Oltra,  quien adem\u00e1s ha informado que se mejorar\u00e1 el campo de f\u00fatbol municipal.<\/p>\n<p>\u201cEste proyecto beneficiar\u00e1 a todos los vecinos de la localidad puesto  que mejoraremos su calidad de vida con mejores viales y m\u00e1s\u00a0 zonas  ajardinadas\u201d, ha informado el alcalde, al tiempo que ha manifestado que  esta subvenci\u00f3n \u201ces muy importante y tendr\u00e1 una repercusi\u00f3n muy positiva  para el equipo de f\u00fatbol local, que va a poder disfrutar de un terreno  de juego en condiciones\u201d.<\/p>\n<p>El actual estadio de f\u00fatbol, ubicado en el polideportivo municipal,  \u201cse construy\u00f3 hace 30 a\u00f1os y se encuentra en muy mal estado\u201d, ha  declarado Oltra. \u201cSe mejorar\u00e1 el terreno de juego y las gradas\u201d, ha  a\u00f1adido.<\/p>\n<p>Asimismo, el alcalde inform\u00f3 tras la firma del convenio con el  presidente Rus que estas ayudas de la corporaci\u00f3n provincial \u201ctambi\u00e9n  servir\u00e1n para adquirir terrenos con el fin de construir en un futuro  infraestructuras municipales\u201d.<\/p>\n<p>Para el edil, la Diputaci\u00f3n de Valencia realiza una labor  \u201cimportant\u00edsima\u201d con los municipios peque\u00f1os\u201d, adem\u00e1s de ser una  instituci\u00f3n \u201cmuy pr\u00f3xima\u201d para los alcaldes.<\/p>\n<\/div>\n","protected":false},"excerpt":{"rendered":"<div class=\"mh-excerpt\">El presidente de la Diputaci\u00f3n de Valencia, Alfonso Rus, ha firmado dos convenios de colaboraci\u00f3n con los responsables municipales de Andilla y Tu\u00e9jar para poner en marcha proyectos de reforma de infraestructuras locales, as\u00ed como <a class=\"mh-excerpt-more\" href=\"https:\/\/www.tucomarca.com\/wordpress\/segunda\/andilla-y-tuejar-mejoraran-sus-infraestructuras-con-la-ayuda-de-la-diputacion\/\" title=\"Andilla y Tu\u00e9jar mejorar\u00e1n sus infraestructuras con la ayuda de la Diputaci\u00f3n\">[+] <\/a><\/div>\n","protected":false},"author":1,"featured_media":0,"comment_status":"open","ping_status":"open","sticky":false,"template":"","format":"standard","meta":{"footnotes":""},"categories":[191,128,8,59,3,134],"tags":[],"class_list":{"0":"post-8925","1":"post","2":"type-post","3":"status-publish","4":"format-standard","6":"category-andilla","7":"category-infraestructuras","8":"category-la-comarca","9":"category-los-serranos","10":"category-seccion","11":"category-tuejar"},"_links":{"self":[{"href":"https:\/\/www.tucomarca.com\/wordpress\/segunda\/wp-json\/wp\/v2\/posts\/8925","targetHints":{"allow":["GET"]}}],"collection":[{"href":"https:\/\/www.tucomarca.com\/wordpress\/segunda\/wp-json\/wp\/v2\/posts"}],"about":[{"href":"https:\/\/www.tucomarca.com\/wordpress\/segunda\/wp-json\/wp\/v2\/types\/post"}],"author":[{"embeddable":true,"href":"https:\/\/www.tucomarca.com\/wordpress\/segunda\/wp-json\/wp\/v2\/users\/1"}],"replies":[{"embeddable":true,"href":"https:\/\/www.tucomarca.com\/wordpress\/segunda\/wp-json\/wp\/v2\/comments?post=8925"}],"version-history":[{"count":0,"href":"https:\/\/www.tucomarca.com\/wordpress\/segunda\/wp-json\/wp\/v2\/posts\/8925\/revisions"}],"wp:attachment":[{"href":"https:\/\/www.tucomarca.com\/wordpress\/segunda\/wp-json\/wp\/v2\/media?parent=8925"}],"wp:term":[{"taxonomy":"category","embeddable":true,"href":"https:\/\/www.tucomarca.com\/wordpress\/segunda\/wp-json\/wp\/v2\/categories?post=8925"},{"taxonomy":"post_tag","embeddable":true,"href":"https:\/\/www.tucomarca.com\/wordpress\/segunda\/wp-json\/wp\/v2\/tags?post=8925"}],"curies":[{"name":"wp","href":"https:\/\/api.w.org\/{rel}","templated":true}]}}