{"id":8933,"date":"2012-11-13T10:39:26","date_gmt":"2012-11-13T09:39:26","guid":{"rendered":"http:\/\/www.tucomarca.com\/wordpress\/segunda\/?p=8933"},"modified":"2012-11-13T10:39:26","modified_gmt":"2012-11-13T09:39:26","slug":"sale-ileso-el-conductor-de-un-camion-que-cayo-por-un-puente-en-villamarchante","status":"publish","type":"post","link":"https:\/\/www.tucomarca.com\/wordpress\/segunda\/sale-ileso-el-conductor-de-un-camion-que-cayo-por-un-puente-en-villamarchante\/","title":{"rendered":"Sale ileso el conductor de un cami\u00f3n que cay\u00f3 por un puente en Villamarchante"},"content":{"rendered":"<p>Seg\u00fan han informado desde el Consorcio de Bomberos de Valencia, a finales de la pasada semana aconteci\u00f3 la ca\u00edda de un cami\u00f3n de peque\u00f1a cilindrada por un puente de aproximadamente 5 metros de altura en el t\u00e9rmino municipal de Villamarchante a consecuencia de la lluvia.<br \/>\nEl suceso se produjo exactamente en la CV-364, carretera que une Benaguacil y Pedralba, y en \u00e9l se vio afectado un var\u00f3n de 49 a\u00f1os, quien pudo salir por su propio pie, aunque posteriormente fue trasladado a un centro hospitalario.<br \/>\nTras informarse de este vuelco se movilizaron los bomberos de La Eliana, de Chiva y el sargento de Paterna, quienes se ocuparon de desconectar la bater\u00eda y de limpiar la calzada.<\/p>\n","protected":false},"excerpt":{"rendered":"<div class=\"mh-excerpt\">Seg\u00fan han informado desde el Consorcio de Bomberos de Valencia, a finales de la pasada semana aconteci\u00f3 la ca\u00edda de un cami\u00f3n de peque\u00f1a cilindrada por un puente de aproximadamente 5 metros de altura en <a class=\"mh-excerpt-more\" href=\"https:\/\/www.tucomarca.com\/wordpress\/segunda\/sale-ileso-el-conductor-de-un-camion-que-cayo-por-un-puente-en-villamarchante\/\" title=\"Sale ileso el conductor de un cami\u00f3n que cay\u00f3 por un puente en Villamarchante\">[+] <\/a><\/div>\n","protected":false},"author":2,"featured_media":0,"comment_status":"open","ping_status":"open","sticky":false,"template":"","format":"standard","meta":{"footnotes":""},"categories":[46,8,3,116,184],"tags":[504],"class_list":{"0":"post-8933","1":"post","2":"type-post","3":"status-publish","4":"format-standard","6":"category-camp-de-turia","7":"category-la-comarca","8":"category-seccion","9":"category-sucesos-la-comarca","10":"category-vilamarxant","11":"tag-suceso"},"_links":{"self":[{"href":"https:\/\/www.tucomarca.com\/wordpress\/segunda\/wp-json\/wp\/v2\/posts\/8933","targetHints":{"allow":["GET"]}}],"collection":[{"href":"https:\/\/www.tucomarca.com\/wordpress\/segunda\/wp-json\/wp\/v2\/posts"}],"about":[{"href":"https:\/\/www.tucomarca.com\/wordpress\/segunda\/wp-json\/wp\/v2\/types\/post"}],"author":[{"embeddable":true,"href":"https:\/\/www.tucomarca.com\/wordpress\/segunda\/wp-json\/wp\/v2\/users\/2"}],"replies":[{"embeddable":true,"href":"https:\/\/www.tucomarca.com\/wordpress\/segunda\/wp-json\/wp\/v2\/comments?post=8933"}],"version-history":[{"count":0,"href":"https:\/\/www.tucomarca.com\/wordpress\/segunda\/wp-json\/wp\/v2\/posts\/8933\/revisions"}],"wp:attachment":[{"href":"https:\/\/www.tucomarca.com\/wordpress\/segunda\/wp-json\/wp\/v2\/media?parent=8933"}],"wp:term":[{"taxonomy":"category","embeddable":true,"href":"https:\/\/www.tucomarca.com\/wordpress\/segunda\/wp-json\/wp\/v2\/categories?post=8933"},{"taxonomy":"post_tag","embeddable":true,"href":"https:\/\/www.tucomarca.com\/wordpress\/segunda\/wp-json\/wp\/v2\/tags?post=8933"}],"curies":[{"name":"wp","href":"https:\/\/api.w.org\/{rel}","templated":true}]}}