{"id":8937,"date":"2012-11-13T15:01:28","date_gmt":"2012-11-13T14:01:28","guid":{"rendered":"http:\/\/www.tucomarca.com\/wordpress\/segunda\/?p=8937"},"modified":"2012-11-13T15:01:28","modified_gmt":"2012-11-13T14:01:28","slug":"gestalgar-se-une-a-la-red-%c2%abwifi%c2%bb-de-la-diputacion","status":"publish","type":"post","link":"https:\/\/www.tucomarca.com\/wordpress\/segunda\/gestalgar-se-une-a-la-red-%c2%abwifi%c2%bb-de-la-diputacion\/","title":{"rendered":"Gestalgar se une a la red \u00abwifi\u00bb de la Diputaci\u00f3n"},"content":{"rendered":"<p>El diputado provincial de Modernizaci\u00f3n, Jos\u00e9 Manuel Haro, y el  alcalde de Gestalgar, Ra\u00fal Pardos, han presentado en la Casa de la  Cultura del municipio las caracter\u00edsticas de la red \u201cwifi\u201d de acceso a  internet impulsada por la Diputaci\u00f3n y ya instalada en la localidad de  Los Serranos.<\/p>\n<p>La red provincial conecta las dependencias p\u00fablicas de los  ayuntamientos y la operadora asignada en el programa provincial \u2018Sona  Wifi\u2019 oferta a los ciudadanos la contrataci\u00f3n del excedente de la misma,  para uso particular, a \u201cprecios muy competitivos\u201d, seg\u00fan el diputado  Haro.<\/p>\n<p>Jos\u00e9 Manuel Haro ha destacado que \u201cGestalgar es uno de los primeros  170 municipios valencianos que disfrutan de una red inal\u00e1mbrica de  acceso a internet de banda ancha wifi-wimax, de m\u00e1xima calidad, gracias  al proyecto \u2018Sona Wifi\u2019, que dar\u00e1 cobertura a un total de 1,7 millones  de ciudadanos y a los 500 kil\u00f3metros de superficie que tiene la  provincia\u2019\u201d.<\/p>\n<p>\u2018Sona Wifi\u2019 es uno de los programas estrella de la Diputaci\u00f3n de  Valencia, enmarcado en los proyectos \u2018Sona la Dipu\u2019, y supone una  inversi\u00f3n desde 2010 y hasta 2014, cuando termine la ejecuci\u00f3n del  proyecto, de 14 millones de euros.<\/p>\n<p><strong>Servicios para todos<\/strong><\/p>\n<p>Hasta llegar a la fase de comercializaci\u00f3n con los ciudadanos, la red  previamente se instala en los consistorios en r\u00e9gimen de autoprestaci\u00f3n  de servicios, que permite la interconexi\u00f3n de todos los edificios  municipales entre s\u00ed y de \u00e9stos con el Centro de Proceso de Datos de la  Diputaci\u00f3n.<\/p>\n<p>La cobertura de autoprestaci\u00f3n supone para los consistorios un  importante ahorro de costes y la mejora de los servicios p\u00fablicos pues,  adem\u00e1s de la conexi\u00f3n de sedes municipales, les facilita el acceso a las  aplicaciones inform\u00e1ticas desarrolladas por la Diputaci\u00f3n, la  posibilidad de compartir datos con otros municipios y el desarrollo de  servicios municipales avanzados relacionados con la videovigilancia, los  servicios de emergencia, la gesti\u00f3n inteligente del tr\u00e1fico local, la  promoci\u00f3n tur\u00edstica y la movilidad de empleados, entre otros.<\/p>\n<p>Los particulares, por otra parte, pueden acceder a internet de banda  ancha v\u00eda \u201cwifi\u201d independientemente de su lugar de residencia, puesto  que la operadora Eurona tambi\u00e9n ofrece la conectividad v\u00eda sat\u00e9lite,  para aquellos hogares a los que, a pesar de todo, no llega la cobertura  por ninguna otra v\u00eda.<\/p>\n","protected":false},"excerpt":{"rendered":"<div class=\"mh-excerpt\">El diputado provincial de Modernizaci\u00f3n, Jos\u00e9 Manuel Haro, y el alcalde de Gestalgar, Ra\u00fal Pardos, han presentado en la Casa de la Cultura del municipio las caracter\u00edsticas de la red \u201cwifi\u201d de acceso a internet <a class=\"mh-excerpt-more\" href=\"https:\/\/www.tucomarca.com\/wordpress\/segunda\/gestalgar-se-une-a-la-red-%c2%abwifi%c2%bb-de-la-diputacion\/\" title=\"Gestalgar se une a la red \u00abwifi\u00bb de la Diputaci\u00f3n\">[+] <\/a><\/div>\n","protected":false},"author":1,"featured_media":8939,"comment_status":"open","ping_status":"open","sticky":false,"template":"","format":"standard","meta":{"footnotes":""},"categories":[193,128,8,59,3,45],"tags":[],"class_list":{"0":"post-8937","1":"post","2":"type-post","3":"status-publish","4":"format-standard","5":"has-post-thumbnail","7":"category-gestalgar","8":"category-infraestructuras","9":"category-la-comarca","10":"category-los-serranos","11":"category-seccion","12":"category-ventana"},"_links":{"self":[{"href":"https:\/\/www.tucomarca.com\/wordpress\/segunda\/wp-json\/wp\/v2\/posts\/8937","targetHints":{"allow":["GET"]}}],"collection":[{"href":"https:\/\/www.tucomarca.com\/wordpress\/segunda\/wp-json\/wp\/v2\/posts"}],"about":[{"href":"https:\/\/www.tucomarca.com\/wordpress\/segunda\/wp-json\/wp\/v2\/types\/post"}],"author":[{"embeddable":true,"href":"https:\/\/www.tucomarca.com\/wordpress\/segunda\/wp-json\/wp\/v2\/users\/1"}],"replies":[{"embeddable":true,"href":"https:\/\/www.tucomarca.com\/wordpress\/segunda\/wp-json\/wp\/v2\/comments?post=8937"}],"version-history":[{"count":0,"href":"https:\/\/www.tucomarca.com\/wordpress\/segunda\/wp-json\/wp\/v2\/posts\/8937\/revisions"}],"wp:featuredmedia":[{"embeddable":true,"href":"https:\/\/www.tucomarca.com\/wordpress\/segunda\/wp-json\/wp\/v2\/media\/8939"}],"wp:attachment":[{"href":"https:\/\/www.tucomarca.com\/wordpress\/segunda\/wp-json\/wp\/v2\/media?parent=8937"}],"wp:term":[{"taxonomy":"category","embeddable":true,"href":"https:\/\/www.tucomarca.com\/wordpress\/segunda\/wp-json\/wp\/v2\/categories?post=8937"},{"taxonomy":"post_tag","embeddable":true,"href":"https:\/\/www.tucomarca.com\/wordpress\/segunda\/wp-json\/wp\/v2\/tags?post=8937"}],"curies":[{"name":"wp","href":"https:\/\/api.w.org\/{rel}","templated":true}]}}