{"id":8941,"date":"2012-11-13T15:02:42","date_gmt":"2012-11-13T14:02:42","guid":{"rendered":"http:\/\/www.tucomarca.com\/wordpress\/segunda\/?p=8941"},"modified":"2012-11-13T15:02:42","modified_gmt":"2012-11-13T14:02:42","slug":"el-pspv-psoe-muestra-su-apoyo-a-la-huelga-general-de-este-miercoles","status":"publish","type":"post","link":"https:\/\/www.tucomarca.com\/wordpress\/segunda\/el-pspv-psoe-muestra-su-apoyo-a-la-huelga-general-de-este-miercoles\/","title":{"rendered":"El PSPV-PSOE muestra su apoyo a la Huelga general de este mi\u00e9rcoles"},"content":{"rendered":"<p>La jornada Europea de Acci\u00f3n y Solidaridad del 14 de noviembre, se ha concretado en Espa\u00f1a en una huelga general contra las pol\u00edticas de austeridad y recortes generalizados que est\u00e1 aplicando el Gobierno. El PSPV-PSOE apoya esta convocatoria y le exige a los gobiernos de Rajoy y de Fabra que cambien su pol\u00edtica econ\u00f3mica. Una pol\u00edtica econ\u00f3mica err\u00e1tica y equivocada que est\u00e1 llevando a millones de ciudadanos a un callej\u00f3n sin salida.<\/p>\n<p>\u00abNo podemos consentir que sigan recortando los derechos de los trabajadores a trav\u00e9s de la aplicaci\u00f3n de la nefasta reforma laboral que s\u00f3lo est\u00e1 provocando m\u00e1s despidos y una mayor precariedad, no podemos consentir que sigan destrozando la sanidad y la educaci\u00f3n p\u00fablicas que tantos esfuerzos nos ha costado construir entre toda la ciudadan\u00eda. No podemos consentir que cada d\u00eda haya m\u00e1s personas que engrosan las cifras del paro y que cada d\u00eda haya m\u00e1s familias con todos sus miembros en paro, que no tienen ning\u00fan tipo de ayuda y que est\u00e1n al borde de la desesperaci\u00f3n\u00bb, han manifesado desde el PSPV-PSOE.<\/p>\n<p>De la misma forma que las movilizaciones ciudadanas y los pronunciamientos de diversos colectivos junto con las iniciativas llevadas a cabo por el PSOE en la campa\u00f1a que estamos realizando para frenar los desahucios, est\u00e1n a punto de conseguir que se produzcan los cambios legislativos necesarios para frenar la dram\u00e1tica situaci\u00f3n que est\u00e1n atravesando muchas familias, tenemos que conseguir una gran movilizaci\u00f3n ciudadana que obligue al gobierno a cambiar su pol\u00edtica econ\u00f3mica. Una pol\u00edtica econ\u00f3mica que est\u00e1 empeorando las condiciones de vida de la inmensa mayor\u00eda de valencianas y valencianos.<\/p>\n<p>Por todo eso, desde la Comisi\u00f3n Ejecutiva Nacional del PSPV-PSOE te llamamos a participar activamente en esta huelga general y a asistir a las diversas manifestaciones y concentraciones convocadas por las organizaciones sindicales.<\/p>\n<p>Los puntos de encuentro de las manifestaciones que tendr\u00e1n lugar en las tres capitales de provincia el d\u00eda 14 por la tarde ser\u00e1n: Alicante: A las 18h en la estaci\u00f3n de la Renfe.Castell\u00f3n A las 18,15h en la Plaza de las Aulas (frente\u00a0 a la Diputaci\u00f3n).Valencia: A las 18h en el cruce del Pasaje Ruzafa con la calle Col\u00f3n -Kiosco Cobijano\/Corte Ingl\u00e9s- (mismo lugar que manifestaci\u00f3n del 19 de julio).<\/p>\n","protected":false},"excerpt":{"rendered":"<div class=\"mh-excerpt\">La jornada Europea de Acci\u00f3n y Solidaridad del 14 de noviembre, se ha concretado en Espa\u00f1a en una huelga general contra las pol\u00edticas de austeridad y recortes generalizados que est\u00e1 aplicando el Gobierno. El PSPV-PSOE <a class=\"mh-excerpt-more\" href=\"https:\/\/www.tucomarca.com\/wordpress\/segunda\/el-pspv-psoe-muestra-su-apoyo-a-la-huelga-general-de-este-miercoles\/\" title=\"El PSPV-PSOE muestra su apoyo a la Huelga general de este mi\u00e9rcoles\">[+] <\/a><\/div>\n","protected":false},"author":1,"featured_media":0,"comment_status":"open","ping_status":"open","sticky":false,"template":"","format":"standard","meta":{"footnotes":""},"categories":[8,72,10,142,3],"tags":[],"class_list":{"0":"post-8941","1":"post","2":"type-post","3":"status-publish","4":"format-standard","6":"category-la-comarca","7":"category-sin-categorizar","8":"category-la-hoya","9":"category-politica-la-comarca","10":"category-seccion"},"_links":{"self":[{"href":"https:\/\/www.tucomarca.com\/wordpress\/segunda\/wp-json\/wp\/v2\/posts\/8941","targetHints":{"allow":["GET"]}}],"collection":[{"href":"https:\/\/www.tucomarca.com\/wordpress\/segunda\/wp-json\/wp\/v2\/posts"}],"about":[{"href":"https:\/\/www.tucomarca.com\/wordpress\/segunda\/wp-json\/wp\/v2\/types\/post"}],"author":[{"embeddable":true,"href":"https:\/\/www.tucomarca.com\/wordpress\/segunda\/wp-json\/wp\/v2\/users\/1"}],"replies":[{"embeddable":true,"href":"https:\/\/www.tucomarca.com\/wordpress\/segunda\/wp-json\/wp\/v2\/comments?post=8941"}],"version-history":[{"count":0,"href":"https:\/\/www.tucomarca.com\/wordpress\/segunda\/wp-json\/wp\/v2\/posts\/8941\/revisions"}],"wp:attachment":[{"href":"https:\/\/www.tucomarca.com\/wordpress\/segunda\/wp-json\/wp\/v2\/media?parent=8941"}],"wp:term":[{"taxonomy":"category","embeddable":true,"href":"https:\/\/www.tucomarca.com\/wordpress\/segunda\/wp-json\/wp\/v2\/categories?post=8941"},{"taxonomy":"post_tag","embeddable":true,"href":"https:\/\/www.tucomarca.com\/wordpress\/segunda\/wp-json\/wp\/v2\/tags?post=8941"}],"curies":[{"name":"wp","href":"https:\/\/api.w.org\/{rel}","templated":true}]}}