{"id":89433,"date":"2019-07-23T18:19:31","date_gmt":"2019-07-23T16:19:31","guid":{"rendered":"http:\/\/www.tucomarca.com\/wordpress\/segunda\/?p=89433"},"modified":"2019-07-23T18:24:12","modified_gmt":"2019-07-23T16:24:12","slug":"el-concierto-mano-a-mano-de-bunol-se-presenta-este-miercoles-en-la-diputacio-de-valencia","status":"publish","type":"post","link":"https:\/\/www.tucomarca.com\/wordpress\/segunda\/el-concierto-mano-a-mano-de-bunol-se-presenta-este-miercoles-en-la-diputacio-de-valencia\/","title":{"rendered":"El concierto \u201cMano a Mano\u201d de Bu\u00f1ol se presenta este mi\u00e9rcoles en la Diputaci\u00f3 de Val\u00e8ncia"},"content":{"rendered":"<figure id=\"attachment_89434\" aria-describedby=\"caption-attachment-89434\" style=\"width: 358px\" class=\"wp-caption alignleft\"><img loading=\"lazy\" decoding=\"async\" class=\" wp-image-89434\" src=\"https:\/\/www.tucomarca.com\/wordpress\/segunda\/wp-content\/uploads\/2019\/07\/cartel-mano-a-mano-2019-min.jpg\" alt=\"La presentaci\u00f3n del concierto tendr\u00e1 lugar este mi\u00e9rcoles a las 11h en el Patio de la Escala de la Diputaci\u00f3n provincial\" width=\"358\" height=\"497\" srcset=\"https:\/\/www.tucomarca.com\/wordpress\/segunda\/wp-content\/uploads\/2019\/07\/cartel-mano-a-mano-2019-min.jpg 5951w, https:\/\/www.tucomarca.com\/wordpress\/segunda\/wp-content\/uploads\/2019\/07\/cartel-mano-a-mano-2019-min-216x300.jpg 216w, https:\/\/www.tucomarca.com\/wordpress\/segunda\/wp-content\/uploads\/2019\/07\/cartel-mano-a-mano-2019-min-768x1067.jpg 768w, https:\/\/www.tucomarca.com\/wordpress\/segunda\/wp-content\/uploads\/2019\/07\/cartel-mano-a-mano-2019-min-737x1024.jpg 737w, https:\/\/www.tucomarca.com\/wordpress\/segunda\/wp-content\/uploads\/2019\/07\/cartel-mano-a-mano-2019-min-1024x1423.jpg 1024w\" sizes=\"auto, (max-width: 358px) 100vw, 358px\" \/><figcaption id=\"caption-attachment-89434\" class=\"wp-caption-text\">La presentaci\u00f3n del concierto tendr\u00e1 lugar este mi\u00e9rcoles a las 11h en el Patio de la Escala de la Diputaci\u00f3n provincial<\/figcaption><\/figure>\n<p>La Concejal\u00eda de Cultura del Ayuntamiento de Bu\u00f1ol ha informado de que la presentaci\u00f3n de la 46\u00ba edici\u00f3n del Concierto Mano a Mano\u00a0de Bu\u00f1ol, tendr\u00e1 lugar este mi\u00e9rcoles 24 de julio a las 11,00 h en las instalaciones de la Diputaci\u00f3n de Valencia, situada en la Plaza de Manises, n\u00ba 4 de la capital del T\u00faria. Concretamente en el Patio de la Escala.<\/p>\n<p>Estar\u00e1n presentes, la alcaldesa de Bu\u00f1ol, Juncal Carrascosa, el edil de Cultura, Juan Luis Pall\u00e1s y un alto representante de la Diputaci\u00f3n. Tambi\u00e9n los presidentes de las dos sociedades musicales; de \u201cLa Art\u00edstica\u201d,\u00a0Francisco Blasco\u00a0y de \u201cLa Arm\u00f3nica\u201d,\u00a0Rosario Pardo. \u00c9stos estar\u00e1n acompa\u00f1ados por los directores de las dos Bandas Sinf\u00f3nicas:\u00a0Salvador Sebasti\u00e0, director invitado de La Art\u00edstica, y\u00a0Jos\u00e9 Tello, de La Arm\u00f3nica, adem\u00e1s de la Presidenta de Honor de este a\u00f1o,\u00a0Natialia Monta\u00f1\u00e9s. En la actualidad es gerente de Trepse Swing, secretaria del Congreso Iberoamericano de Compositores, Directores y Arregladores de Bandas Sinf\u00f3nicas y Ensembles y, desde septiembre de 2018, Directora Titular de la Banda Simf\u00f2nica de la Uni\u00f3 Musical de Catarroja.<\/p>\n<p>En este acto las bandas dar\u00e1n a conocer los programas que se interpretar\u00e1n en el concierto del pr\u00f3ximo 17 de agosto en el Auditorio de San Luis, a las 22,30 h. Se prev\u00e9 que algunas de las composiciones sean estrenos y solamente se puedan escuchar en ese mismo concierto.<\/p>\n<p>&nbsp;<\/p>\n","protected":false},"excerpt":{"rendered":"<div class=\"mh-excerpt\">La Concejal\u00eda de Cultura del Ayuntamiento de Bu\u00f1ol ha informado de que la presentaci\u00f3n de la 46\u00ba edici\u00f3n del Concierto Mano a Mano\u00a0de Bu\u00f1ol, tendr\u00e1 lugar este mi\u00e9rcoles 24 de julio a las 11,00 h <a class=\"mh-excerpt-more\" href=\"https:\/\/www.tucomarca.com\/wordpress\/segunda\/el-concierto-mano-a-mano-de-bunol-se-presenta-este-miercoles-en-la-diputacio-de-valencia\/\" title=\"El concierto \u201cMano a Mano\u201d de Bu\u00f1ol se presenta este mi\u00e9rcoles en la Diputaci\u00f3 de Val\u00e8ncia\">[+] <\/a><\/div>\n","protected":false},"author":1,"featured_media":89434,"comment_status":"open","ping_status":"open","sticky":false,"template":"","format":"standard","meta":{"footnotes":""},"categories":[4,18,66,8,72,10,7,3],"tags":[10385,5952],"class_list":{"0":"post-89433","1":"post","2":"type-post","3":"status-publish","4":"format-standard","5":"has-post-thumbnail","7":"category-agenda","8":"category-bunol","9":"category-musica","10":"category-la-comarca","11":"category-sin-categorizar","12":"category-la-hoya","13":"category-ocio-y-cultura","14":"category-seccion","15":"tag-bunol","16":"tag-la-hoya-de-bunol-chiva"},"_links":{"self":[{"href":"https:\/\/www.tucomarca.com\/wordpress\/segunda\/wp-json\/wp\/v2\/posts\/89433","targetHints":{"allow":["GET"]}}],"collection":[{"href":"https:\/\/www.tucomarca.com\/wordpress\/segunda\/wp-json\/wp\/v2\/posts"}],"about":[{"href":"https:\/\/www.tucomarca.com\/wordpress\/segunda\/wp-json\/wp\/v2\/types\/post"}],"author":[{"embeddable":true,"href":"https:\/\/www.tucomarca.com\/wordpress\/segunda\/wp-json\/wp\/v2\/users\/1"}],"replies":[{"embeddable":true,"href":"https:\/\/www.tucomarca.com\/wordpress\/segunda\/wp-json\/wp\/v2\/comments?post=89433"}],"version-history":[{"count":0,"href":"https:\/\/www.tucomarca.com\/wordpress\/segunda\/wp-json\/wp\/v2\/posts\/89433\/revisions"}],"wp:featuredmedia":[{"embeddable":true,"href":"https:\/\/www.tucomarca.com\/wordpress\/segunda\/wp-json\/wp\/v2\/media\/89434"}],"wp:attachment":[{"href":"https:\/\/www.tucomarca.com\/wordpress\/segunda\/wp-json\/wp\/v2\/media?parent=89433"}],"wp:term":[{"taxonomy":"category","embeddable":true,"href":"https:\/\/www.tucomarca.com\/wordpress\/segunda\/wp-json\/wp\/v2\/categories?post=89433"},{"taxonomy":"post_tag","embeddable":true,"href":"https:\/\/www.tucomarca.com\/wordpress\/segunda\/wp-json\/wp\/v2\/tags?post=89433"}],"curies":[{"name":"wp","href":"https:\/\/api.w.org\/{rel}","templated":true}]}}