{"id":8945,"date":"2012-11-13T15:06:47","date_gmt":"2012-11-13T14:06:47","guid":{"rendered":"http:\/\/www.tucomarca.com\/wordpress\/segunda\/?p=8945"},"modified":"2012-11-13T15:06:47","modified_gmt":"2012-11-13T14:06:47","slug":"la-asociacion-apacbank-informa-en-bunol-a-los-perjudicados-por-%c2%abparticipaciones-preferentes%c2%bb-de-bankia","status":"publish","type":"post","link":"https:\/\/www.tucomarca.com\/wordpress\/segunda\/la-asociacion-apacbank-informa-en-bunol-a-los-perjudicados-por-%c2%abparticipaciones-preferentes%c2%bb-de-bankia\/","title":{"rendered":"La asociaci\u00f3n Apacbank informa en Bu\u00f1ol a los perjudicados por \u00abparticipaciones preferentes\u00bb de Bankia"},"content":{"rendered":"<figure id=\"attachment_8946\" aria-describedby=\"caption-attachment-8946\" style=\"width: 300px\" class=\"wp-caption alignleft\"><a href=\"https:\/\/www.tucomarca.com\/wordpress\/segunda\/wp-content\/uploads\/2012\/11\/APACBANK.jpg\"><img loading=\"lazy\" decoding=\"async\" class=\"size-medium wp-image-8946\" title=\"APACBANK\" src=\"https:\/\/www.tucomarca.com\/wordpress\/segunda\/wp-content\/uploads\/2012\/11\/APACBANK-300x241.jpg\" alt=\"Ricard Torres y Salvador Sastre. Presidente y Portavoz respectivamente de la Asociaci\u00f3n Apacbank, en una de las charlas.\" width=\"300\" height=\"241\" \/><\/a><figcaption id=\"caption-attachment-8946\" class=\"wp-caption-text\">Ricard Torres y Salvador Sastre, presidente y portavoz respectivamente de la asociaci\u00f3n Apacbank, en una de las charlas.<\/figcaption><\/figure>\n<p>Ricard Torr\u00e9s y Salvador Sastre, el presidente y el portavoz, respectivamente, de la Asociaci\u00f3n de Perjudicados por Bankia y otras entidades, Apacbank, aseguran que \u00abnada est\u00e1 perdido para los afectados por el esc\u00e1ndalo de las participaciones preferentes y las obligaciones subordinadas\u00bb.\u00a0 As\u00ed lo explican en una serie de charlas coloquio que la asociaci\u00f3n esta llevando a cabo en distintas ciudades y municipios, y que el mi\u00e9rcoles, 14 de noviembre, tendr\u00e1 lugar en Bu\u00f1ol a las 19,00 horas en el Molino de Gal\u00e1n.<\/p>\n<p>\u00abA pesar de que el Gobierno trata de crear un marco para el canje de preferentes y deuda subordinada que pretende disuadir a los afectados, nada est\u00e1 perdido para los peque\u00f1os ahorradores que fueron enga\u00f1ados por sus bancos a la hora de comprar estos productos financieros, desconociendo en la mayor\u00eda de los casos el riesgo en el que incurr\u00edan\u00bb, apunta Ricard Torres, presidente de Apacbank.<br \/>\nPor eso desde Apacbank se recomienda a todos los perjudicados no aceptar ning\u00fan tipo de canje y darse mucha prisa a la hora de presentar demandas contra los bancos implicados. Ya existe una abundante jurisprudencia que recoge en qu\u00e9 supuestos no existe un consentimiento v\u00e1lido por parte del contratante, con la consecuente anulaci\u00f3n de lo pactado. La consecuencia ser\u00eda obligar a la entidad a restituir la suma invertida, que es lo que pretende Apacbank a la hora de asesorar jur\u00eddicamente a sus asociados.<\/p>\n<p>\u00abLo que perseguimos desde la asociaci\u00f3n es informar y ayudar jur\u00eddicamente, y de una forma gratuita, a los muchos afectados por estos productos t\u00f3xicos. Se va a pedir ante los juzgados que se declare la nulidad del contrato con esos bancos en el caso de que los ahorradores prestaran su consentimiento a la inversi\u00f3n pero sin recibir toda la informaci\u00f3n necesaria. Y eso fue un enga\u00f1o\u00bb, ha puntualizado a su vez el portavoz, Salvador Sastre.<\/p>\n<p>A precios actuales de mercado, los t\u00edtulos en preferentes de Bankia cotizar\u00edan\u00a0 con p\u00e9rdidas de hasta el 90%. Adem\u00e1s, Bankia ha suspendido el pago de octubre de sus preferentes a la espera del dictamen de Bruselas y de la decisi\u00f3n sobre la quita que se impondr\u00e1 finalmente a los afectados por las participaciones preferentes una vez finalizada la tramitaci\u00f3n parlamentaria de la Ley de Reestructuraci\u00f3n Bancaria.<br \/>\nA partir de ese momento se pone en marcha la v\u00eda para que las entidades que han recibido ayudas p\u00fablicas (Bankia, Catalunya Caixa, NovaGalicia y Banco de Valencia) presenten sus planes de viabilidad, que seguramente impondr\u00e1n a los titulares de participaciones preferentes y de obligaciones subordinadas importantes quitas.<\/p>\n","protected":false},"excerpt":{"rendered":"<div class=\"mh-excerpt\">Ricard Torr\u00e9s y Salvador Sastre, el presidente y el portavoz, respectivamente, de la Asociaci\u00f3n de Perjudicados por Bankia y otras entidades, Apacbank, aseguran que \u00abnada est\u00e1 perdido para los afectados por el esc\u00e1ndalo de las <a class=\"mh-excerpt-more\" href=\"https:\/\/www.tucomarca.com\/wordpress\/segunda\/la-asociacion-apacbank-informa-en-bunol-a-los-perjudicados-por-%c2%abparticipaciones-preferentes%c2%bb-de-bankia\/\" title=\"La asociaci\u00f3n Apacbank informa en Bu\u00f1ol a los perjudicados por \u00abparticipaciones preferentes\u00bb de Bankia\">[+] <\/a><\/div>\n","protected":false},"author":1,"featured_media":8946,"comment_status":"open","ping_status":"open","sticky":false,"template":"","format":"standard","meta":{"footnotes":""},"categories":[18,8,10,3,45],"tags":[],"class_list":{"0":"post-8945","1":"post","2":"type-post","3":"status-publish","4":"format-standard","5":"has-post-thumbnail","7":"category-bunol","8":"category-la-comarca","9":"category-la-hoya","10":"category-seccion","11":"category-ventana"},"_links":{"self":[{"href":"https:\/\/www.tucomarca.com\/wordpress\/segunda\/wp-json\/wp\/v2\/posts\/8945","targetHints":{"allow":["GET"]}}],"collection":[{"href":"https:\/\/www.tucomarca.com\/wordpress\/segunda\/wp-json\/wp\/v2\/posts"}],"about":[{"href":"https:\/\/www.tucomarca.com\/wordpress\/segunda\/wp-json\/wp\/v2\/types\/post"}],"author":[{"embeddable":true,"href":"https:\/\/www.tucomarca.com\/wordpress\/segunda\/wp-json\/wp\/v2\/users\/1"}],"replies":[{"embeddable":true,"href":"https:\/\/www.tucomarca.com\/wordpress\/segunda\/wp-json\/wp\/v2\/comments?post=8945"}],"version-history":[{"count":0,"href":"https:\/\/www.tucomarca.com\/wordpress\/segunda\/wp-json\/wp\/v2\/posts\/8945\/revisions"}],"wp:featuredmedia":[{"embeddable":true,"href":"https:\/\/www.tucomarca.com\/wordpress\/segunda\/wp-json\/wp\/v2\/media\/8946"}],"wp:attachment":[{"href":"https:\/\/www.tucomarca.com\/wordpress\/segunda\/wp-json\/wp\/v2\/media?parent=8945"}],"wp:term":[{"taxonomy":"category","embeddable":true,"href":"https:\/\/www.tucomarca.com\/wordpress\/segunda\/wp-json\/wp\/v2\/categories?post=8945"},{"taxonomy":"post_tag","embeddable":true,"href":"https:\/\/www.tucomarca.com\/wordpress\/segunda\/wp-json\/wp\/v2\/tags?post=8945"}],"curies":[{"name":"wp","href":"https:\/\/api.w.org\/{rel}","templated":true}]}}