{"id":8951,"date":"2012-11-13T14:46:16","date_gmt":"2012-11-13T13:46:16","guid":{"rendered":"http:\/\/www.tucomarca.com\/wordpress\/segunda\/?p=8951"},"modified":"2012-11-13T14:46:16","modified_gmt":"2012-11-13T13:46:16","slug":"villanueva-de-castellon-celebrara-el-porrat-de-santa-llucia-con-el-patrocinio-de-la-diputacion","status":"publish","type":"post","link":"https:\/\/www.tucomarca.com\/wordpress\/segunda\/villanueva-de-castellon-celebrara-el-porrat-de-santa-llucia-con-el-patrocinio-de-la-diputacion\/","title":{"rendered":"Villanueva de Castell\u00f3n celebrar\u00e1 el Porrat de Santa Ll\u00facia con el patrocinio de la Diputaci\u00f3n"},"content":{"rendered":"<figure id=\"attachment_8952\" aria-describedby=\"caption-attachment-8952\" style=\"width: 300px\" class=\"wp-caption alignleft\"><a href=\"https:\/\/www.tucomarca.com\/wordpress\/segunda\/wp-content\/uploads\/2012\/11\/alcaldeVillanueva.jpg\"><img loading=\"lazy\" decoding=\"async\" class=\"size-medium wp-image-8952\" title=\"alcaldeVillanueva\" src=\"https:\/\/www.tucomarca.com\/wordpress\/segunda\/wp-content\/uploads\/2012\/11\/alcaldeVillanueva-300x194.jpg\" alt=\"Diputado de Turismo, Sanju\u00e1n y alcalde de Villanueva de Castell\u00f3n, \u00c1lvarez.\" width=\"300\" height=\"194\" srcset=\"https:\/\/www.tucomarca.com\/wordpress\/segunda\/wp-content\/uploads\/2012\/11\/alcaldeVillanueva-300x194.jpg 300w, https:\/\/www.tucomarca.com\/wordpress\/segunda\/wp-content\/uploads\/2012\/11\/alcaldeVillanueva-1024x665.jpg 1024w\" sizes=\"auto, (max-width: 300px) 100vw, 300px\" \/><\/a><figcaption id=\"caption-attachment-8952\" class=\"wp-caption-text\">Diputado de Turismo, Sanju\u00e1n y alcalde de Villanueva de Castell\u00f3n, \u00c1lvarez.<\/figcaption><\/figure>\n<p>El Patronato Provincial de Turismo Val\u00e8ncia, Terra i Mar, colaborar\u00e1  con el Ayuntamiento de Villanueva de Castell\u00f3n en la celebraci\u00f3n y  promoci\u00f3n del Porrat de Santa Ll\u00facia, que tendr\u00e1 lugar del 7 al 9 de  diciembre, en la localidad de La Ribera Alta.<\/p>\n<p>El diputado de Turismo, Ernesto Sanju\u00e1n, se ha reunido esta ma\u00f1ana  con el alcalde de Villanueva de Castell\u00f3n, Salvador \u00c1lvarez, que le ha  presentado el proyecto y le ha solicitado colaboraci\u00f3n econ\u00f3mica para la  puesta en marcha del certamen.<\/p>\n<p>Sanju\u00e1n ha destacado que \u201cdesde la Diputaci\u00f3n de Valencia y desde el  Patronato Provincial de Turismo no hemos dudado en patrocinar este  certamen que mostrar\u00e1 todo tipo de productos de la localidad y de la  comarca para revitalizar el comercio de la zona\u201d<\/p>\n<p>\u201cEl Porrat de Santa Ll\u00facia tambi\u00e9n incluir\u00e1 una muestra gastron\u00f3mica y  dar\u00e1 a conocer a los ciudadanos y visitantes la oferta tur\u00edstica de la  Ribera Alta\u201d, ha comentado Ernesto Sanju\u00e1n.<\/p>\n<p><strong>Promoci\u00f3n de la oferta tur\u00edstica<\/strong><\/p>\n<p>Salvador \u00c1lvarez ha agradecido la ayuda de la Diputaci\u00f3n de Valencia  que \u201csiempre est\u00e1 al lado de los municipios de la provincia y nos  permite organizar y poner en marcha iniciativas como esta, gracias a las  cuales podemos dar a conocer nuestra oferta a los visitantes\u201d.<\/p>\n<p>\u201cLa feria de Santa Ll\u00facia, que cuenta con una larga trayectoria y  tradici\u00f3n, potencia la gastronom\u00eda y apuesta por el comercio comarcal y  por promocionar los atractivos tur\u00edsticos de la zona\u201d, ha finalizado el  alcalde de Villanueva de Castell\u00f3n.<\/p>\n","protected":false},"excerpt":{"rendered":"<div class=\"mh-excerpt\">El Patronato Provincial de Turismo Val\u00e8ncia, Terra i Mar, colaborar\u00e1 con el Ayuntamiento de Villanueva de Castell\u00f3n en la celebraci\u00f3n y promoci\u00f3n del Porrat de Santa Ll\u00facia, que tendr\u00e1 lugar del 7 al 9 de <a class=\"mh-excerpt-more\" href=\"https:\/\/www.tucomarca.com\/wordpress\/segunda\/villanueva-de-castellon-celebrara-el-porrat-de-santa-llucia-con-el-patrocinio-de-la-diputacion\/\" title=\"Villanueva de Castell\u00f3n celebrar\u00e1 el Porrat de Santa Ll\u00facia con el patrocinio de la Diputaci\u00f3n\">[+] <\/a><\/div>\n","protected":false},"author":1,"featured_media":8952,"comment_status":"open","ping_status":"open","sticky":false,"template":"","format":"standard","meta":{"footnotes":""},"categories":[42,5,383,3,163],"tags":[],"class_list":{"0":"post-8951","1":"post","2":"type-post","3":"status-publish","4":"format-standard","5":"has-post-thumbnail","7":"category-la-ribera","8":"category-la-semana-en-imagenes","9":"category-pueblos-en-fiestas","10":"category-seccion","11":"category-villanueva-de-castellon"},"_links":{"self":[{"href":"https:\/\/www.tucomarca.com\/wordpress\/segunda\/wp-json\/wp\/v2\/posts\/8951","targetHints":{"allow":["GET"]}}],"collection":[{"href":"https:\/\/www.tucomarca.com\/wordpress\/segunda\/wp-json\/wp\/v2\/posts"}],"about":[{"href":"https:\/\/www.tucomarca.com\/wordpress\/segunda\/wp-json\/wp\/v2\/types\/post"}],"author":[{"embeddable":true,"href":"https:\/\/www.tucomarca.com\/wordpress\/segunda\/wp-json\/wp\/v2\/users\/1"}],"replies":[{"embeddable":true,"href":"https:\/\/www.tucomarca.com\/wordpress\/segunda\/wp-json\/wp\/v2\/comments?post=8951"}],"version-history":[{"count":0,"href":"https:\/\/www.tucomarca.com\/wordpress\/segunda\/wp-json\/wp\/v2\/posts\/8951\/revisions"}],"wp:featuredmedia":[{"embeddable":true,"href":"https:\/\/www.tucomarca.com\/wordpress\/segunda\/wp-json\/wp\/v2\/media\/8952"}],"wp:attachment":[{"href":"https:\/\/www.tucomarca.com\/wordpress\/segunda\/wp-json\/wp\/v2\/media?parent=8951"}],"wp:term":[{"taxonomy":"category","embeddable":true,"href":"https:\/\/www.tucomarca.com\/wordpress\/segunda\/wp-json\/wp\/v2\/categories?post=8951"},{"taxonomy":"post_tag","embeddable":true,"href":"https:\/\/www.tucomarca.com\/wordpress\/segunda\/wp-json\/wp\/v2\/tags?post=8951"}],"curies":[{"name":"wp","href":"https:\/\/api.w.org\/{rel}","templated":true}]}}