{"id":8954,"date":"2012-11-13T14:47:46","date_gmt":"2012-11-13T13:47:46","guid":{"rendered":"http:\/\/www.tucomarca.com\/wordpress\/segunda\/?p=8954"},"modified":"2012-11-13T14:47:46","modified_gmt":"2012-11-13T13:47:46","slug":"la-diputacion-subvenciona-actuaciones-urgentes-en-casas-bajas-y-alborache","status":"publish","type":"post","link":"https:\/\/www.tucomarca.com\/wordpress\/segunda\/la-diputacion-subvenciona-actuaciones-urgentes-en-casas-bajas-y-alborache\/","title":{"rendered":"La Diputaci\u00f3n subvenciona actuaciones urgentes en Casas Bajas y Alborache"},"content":{"rendered":"<p>La Diputaci\u00f3n de Valencia subvencionar\u00e1 dos actuaciones urgentes en  los municipios de Casas Bajas y Alborache relacionadas con servicios  necesarios para la vida diaria de los vecinos de ambas poblaciones,  seg\u00fan ha aprobado hoy la Comisi\u00f3n de Cooperaci\u00f3n Municipal.<\/p>\n<p>La corporaci\u00f3n provincial ha impulsado as\u00ed el programa de  abastecimiento y mejora de captaci\u00f3n subterr\u00e1nea de agua potable  municipal del Ayuntamiento de Casas Bajas, con una subvenci\u00f3n de 29.251  euros.<br \/>\nAdem\u00e1s, la comisi\u00f3n ha concedido una ayuda de 25.425 euros al  Ayuntamiento de Alborache para acometer la tercera fase de la reparaci\u00f3n  de los caminos del Bobalar y Piojar y posibilitar as\u00ed el tr\u00e1nsito de  los ciudadanos por estas v\u00edas.<\/p>\n<p>\u201cSon ayudas de car\u00e1cter excepcional que la Diputaci\u00f3n ha querido  ofrecer a ambas poblaciones debido a la necesidad y urgencia de las  actuaciones planteadas por los consistorios, as\u00ed como de las especiales  circunstancias de penuria econ\u00f3mica que les afectan\u201d, ha explicado el  diputado responsable del \u00e1rea, Juan Jos\u00e9 Medina.<\/p>\n","protected":false},"excerpt":{"rendered":"<div class=\"mh-excerpt\">La Diputaci\u00f3n de Valencia subvencionar\u00e1 dos actuaciones urgentes en los municipios de Casas Bajas y Alborache relacionadas con servicios necesarios para la vida diaria de los vecinos de ambas poblaciones, seg\u00fan ha aprobado hoy la <a class=\"mh-excerpt-more\" href=\"https:\/\/www.tucomarca.com\/wordpress\/segunda\/la-diputacion-subvenciona-actuaciones-urgentes-en-casas-bajas-y-alborache\/\" title=\"La Diputaci\u00f3n subvenciona actuaciones urgentes en Casas Bajas y Alborache\">[+] <\/a><\/div>\n","protected":false},"author":1,"featured_media":0,"comment_status":"open","ping_status":"open","sticky":false,"template":"","format":"standard","meta":{"footnotes":""},"categories":[49,19,225,128,8,10,3],"tags":[],"class_list":{"0":"post-8954","1":"post","2":"type-post","3":"status-publish","4":"format-standard","6":"category-ademuz","7":"category-alborache","8":"category-casas-bajas","9":"category-infraestructuras","10":"category-la-comarca","11":"category-la-hoya","12":"category-seccion"},"_links":{"self":[{"href":"https:\/\/www.tucomarca.com\/wordpress\/segunda\/wp-json\/wp\/v2\/posts\/8954","targetHints":{"allow":["GET"]}}],"collection":[{"href":"https:\/\/www.tucomarca.com\/wordpress\/segunda\/wp-json\/wp\/v2\/posts"}],"about":[{"href":"https:\/\/www.tucomarca.com\/wordpress\/segunda\/wp-json\/wp\/v2\/types\/post"}],"author":[{"embeddable":true,"href":"https:\/\/www.tucomarca.com\/wordpress\/segunda\/wp-json\/wp\/v2\/users\/1"}],"replies":[{"embeddable":true,"href":"https:\/\/www.tucomarca.com\/wordpress\/segunda\/wp-json\/wp\/v2\/comments?post=8954"}],"version-history":[{"count":0,"href":"https:\/\/www.tucomarca.com\/wordpress\/segunda\/wp-json\/wp\/v2\/posts\/8954\/revisions"}],"wp:attachment":[{"href":"https:\/\/www.tucomarca.com\/wordpress\/segunda\/wp-json\/wp\/v2\/media?parent=8954"}],"wp:term":[{"taxonomy":"category","embeddable":true,"href":"https:\/\/www.tucomarca.com\/wordpress\/segunda\/wp-json\/wp\/v2\/categories?post=8954"},{"taxonomy":"post_tag","embeddable":true,"href":"https:\/\/www.tucomarca.com\/wordpress\/segunda\/wp-json\/wp\/v2\/tags?post=8954"}],"curies":[{"name":"wp","href":"https:\/\/api.w.org\/{rel}","templated":true}]}}