{"id":8956,"date":"2012-11-13T15:04:08","date_gmt":"2012-11-13T14:04:08","guid":{"rendered":"http:\/\/www.tucomarca.com\/wordpress\/segunda\/?p=8956"},"modified":"2012-11-13T15:04:08","modified_gmt":"2012-11-13T14:04:08","slug":"castellano-destaca-la-rapida-actuacion-de-la-generalitat-para-conceder-las-ayudas-a-los-municipios-afectados-por-el-incendio-forestal-de-chulilla","status":"publish","type":"post","link":"https:\/\/www.tucomarca.com\/wordpress\/segunda\/castellano-destaca-la-rapida-actuacion-de-la-generalitat-para-conceder-las-ayudas-a-los-municipios-afectados-por-el-incendio-forestal-de-chulilla\/","title":{"rendered":"Castellano destaca la r\u00e1pida actuaci\u00f3n de la Generalitat para conceder las ayudas a los municipios afectados por el incendio forestal de Chulilla"},"content":{"rendered":"<figure id=\"attachment_8960\" aria-describedby=\"caption-attachment-8960\" style=\"width: 300px\" class=\"wp-caption alignleft\"><a href=\"https:\/\/www.tucomarca.com\/wordpress\/segunda\/wp-content\/uploads\/2012\/11\/forestal_de_chulilla.jpg\"><img loading=\"lazy\" decoding=\"async\" class=\"size-medium wp-image-8960\" title=\"forestal_de_chulilla\" src=\"https:\/\/www.tucomarca.com\/wordpress\/segunda\/wp-content\/uploads\/2012\/11\/forestal_de_chulilla-300x178.jpg\" alt=\"Imagen tras la firma de los convenios entre la Generalitat y los alcaldes de Chulilla, Gestalgar, Bugarra, Pedralba y Ll\u00edria.\" width=\"300\" height=\"178\" srcset=\"https:\/\/www.tucomarca.com\/wordpress\/segunda\/wp-content\/uploads\/2012\/11\/forestal_de_chulilla-300x178.jpg 300w, https:\/\/www.tucomarca.com\/wordpress\/segunda\/wp-content\/uploads\/2012\/11\/forestal_de_chulilla-1024x610.jpg 1024w\" sizes=\"auto, (max-width: 300px) 100vw, 300px\" \/><\/a><figcaption id=\"caption-attachment-8960\" class=\"wp-caption-text\">Imagen tras la firma de los convenios entre la Generalitat y los alcaldes de Chulilla, Gestalgar, Bugarra, Pedralba y Ll\u00edria.<\/figcaption><\/figure>\n<p>El conseller de Gobernaci\u00f3n, Seraf\u00edn Castellano, ha destacado hoy la  r\u00e1pida actuaci\u00f3n de la Generalitat para conceder las ayudas a los  municipios afectados por el incendio forestal de Chulilla del pasado 23  de septiembre. Castellano ha realizado estas declaraciones tras la firma  de los convenios entre la Generalitat y los alcaldes de Chulilla,  Gestalgar, Bugarra, Pedralba y Ll\u00edria.<\/p>\n<p>Adem\u00e1s, el titular de Gobernaci\u00f3n ha asegurado que, con la  firma de estos convenios, se est\u00e1 cumpliendo el compromiso y la palabra  de la Generalitat respecto a que las ayudas llegar\u00edan a los  ciudadanos  \u00ablo m\u00e1s pronto posible\u00bb.<\/p>\n<p>Durante su intervenci\u00f3n, Seraf\u00edn Castellano ha explicado que  las ayudas se van a gestionar a trav\u00e9s de un Decreto an\u00e1logo al que se  desarroll\u00f3 en los incendios de Cortes de Pall\u00e1s y Andilla.<\/p>\n<p>En este sentido, ha destacado que con este procedimiento  \u00ablogramos agilizar la llegada de las ayudas puesto que ser\u00e1n los propios  ayuntamientos los que, como entidad colaboradora de la Generalitat,  realizar\u00e1n la gesti\u00f3n y los pagos\u00bb.<\/p>\n<p>El conseller de Gobernaci\u00f3n ha se\u00f1alado que, al igual que en  pasados incendios, habr\u00e1 un anticipo de fondos de 1.575.000 euros para  que los municipios puedan empezar a gestionar los pagos. Concretamente,   450.000 euros se destinar\u00e1n al ayuntamiento a Chulilla, 450.000 al de  Bugarra, 425.000 al de Gestalgar, 150.000 al de Pedralba y 100.000 al de  Ll\u00edria.<\/p>\n<p>Por su parte, Castellano ha reiterado que \u00abir m\u00e1s deprisa es  imposible a nivel administrativo\u00bb y ha recordado que el pasado 26 de  octubre el pleno del Consell aprob\u00f3 el Decreto 165\/2012 sobre ayudas y  medidas para paliar los da\u00f1os producidos por el incendio de Chulilla por  un importe de 3 millones de euros y, ahora, con la firma de estos  convenios vamos a ofrecer una r\u00e1pida respuesta a todas las personas  f\u00edsicas y jur\u00eddicas y a los ayuntamientos que sufrieron da\u00f1os\u00bb.<\/p>\n<p>De hecho, los municipios ya han entregado una primera  valoraci\u00f3n de da\u00f1os y sus justificaciones para poder pagarles con la  mayor celeridad\u00bb.<\/p>\n<p><strong>Distribuci\u00f3n de las ayudas <\/strong><\/p>\n<p>Las personas f\u00edsicas y jur\u00eddicas percibir\u00e1n hasta 13.600 euros  en caso de destrucci\u00f3n total de la vivienda, si es vivienda habitual, y  10.900 euros si es vivienda no habitual. Por da\u00f1os que afecten a la  estructura de la vivienda, 11.500 euros, si es vivienda habitual y  10.000 euros si es vivienda no habitual. Por da\u00f1os que no afecten a la  estructura de la vivienda, 4.700 euros, si es vivienda habitual y 3.700  euros si es vivienda no habitual. Por da\u00f1os en el equipamiento personal y  dom\u00e9stico b\u00e1sico de la vivienda, 3.500 euros, si es vivienda habitual y  2.000 euros si es vivienda no habitual. Por da\u00f1os en veh\u00edculos, 4.000  euros.<\/p>\n<p>Adem\u00e1s, se conceder\u00e1n ayudas a titulares de peque\u00f1as y medianas  empresas y a aut\u00f3nomos que percibir\u00e1n hasta un importe m\u00e1ximo de 12.000  euros; ayudas singulares a establecimientos de turismo interior que  tambi\u00e9n tendr\u00e1n derecho a una ayuda por establecimiento de hasta 500  euros por plaza de alojamiento; ayudas a comunidades de regantes y otras  entidades de riego y a explotaciones agr\u00edcolas, ganaderas o av\u00edcolas  hasta un importe m\u00e1ximo de 12.000 euros por titular.<\/p>\n<p>Por \u00faltimo, el conseller ha destacado que la Generalitat   \u00abdesarrollar\u00e1 los trabajos de reforestaci\u00f3n y de retirada de madera con  el mismo sistema que se puso en marcha en los incendios de Cortes de  Pall\u00e1s y Andilla\u00bb.<\/p>\n","protected":false},"excerpt":{"rendered":"<div class=\"mh-excerpt\">El conseller de Gobernaci\u00f3n, Seraf\u00edn Castellano, ha destacado hoy la r\u00e1pida actuaci\u00f3n de la Generalitat para conceder las ayudas a los municipios afectados por el incendio forestal de Chulilla del pasado 23 de septiembre. Castellano <a class=\"mh-excerpt-more\" href=\"https:\/\/www.tucomarca.com\/wordpress\/segunda\/castellano-destaca-la-rapida-actuacion-de-la-generalitat-para-conceder-las-ayudas-a-los-municipios-afectados-por-el-incendio-forestal-de-chulilla\/\" title=\"Castellano destaca la r\u00e1pida actuaci\u00f3n de la Generalitat para conceder las ayudas a los municipios afectados por el incendio forestal de Chulilla\">[+] <\/a><\/div>\n","protected":false},"author":1,"featured_media":8960,"comment_status":"open","ping_status":"open","sticky":false,"template":"","format":"standard","meta":{"footnotes":""},"categories":[169,185,46,192,193,8,47,59,117,196,3,45],"tags":[],"class_list":{"0":"post-8956","1":"post","2":"type-post","3":"status-publish","4":"format-standard","5":"has-post-thumbnail","7":"category-agricultura-la-comarca","8":"category-bugarra","9":"category-camp-de-turia","10":"category-chulilla","11":"category-gestalgar","12":"category-la-comarca","13":"category-lliria","14":"category-los-serranos","15":"category-medio-ambiente-la-comarca","16":"category-pedralba","17":"category-seccion","18":"category-ventana"},"_links":{"self":[{"href":"https:\/\/www.tucomarca.com\/wordpress\/segunda\/wp-json\/wp\/v2\/posts\/8956","targetHints":{"allow":["GET"]}}],"collection":[{"href":"https:\/\/www.tucomarca.com\/wordpress\/segunda\/wp-json\/wp\/v2\/posts"}],"about":[{"href":"https:\/\/www.tucomarca.com\/wordpress\/segunda\/wp-json\/wp\/v2\/types\/post"}],"author":[{"embeddable":true,"href":"https:\/\/www.tucomarca.com\/wordpress\/segunda\/wp-json\/wp\/v2\/users\/1"}],"replies":[{"embeddable":true,"href":"https:\/\/www.tucomarca.com\/wordpress\/segunda\/wp-json\/wp\/v2\/comments?post=8956"}],"version-history":[{"count":0,"href":"https:\/\/www.tucomarca.com\/wordpress\/segunda\/wp-json\/wp\/v2\/posts\/8956\/revisions"}],"wp:featuredmedia":[{"embeddable":true,"href":"https:\/\/www.tucomarca.com\/wordpress\/segunda\/wp-json\/wp\/v2\/media\/8960"}],"wp:attachment":[{"href":"https:\/\/www.tucomarca.com\/wordpress\/segunda\/wp-json\/wp\/v2\/media?parent=8956"}],"wp:term":[{"taxonomy":"category","embeddable":true,"href":"https:\/\/www.tucomarca.com\/wordpress\/segunda\/wp-json\/wp\/v2\/categories?post=8956"},{"taxonomy":"post_tag","embeddable":true,"href":"https:\/\/www.tucomarca.com\/wordpress\/segunda\/wp-json\/wp\/v2\/tags?post=8956"}],"curies":[{"name":"wp","href":"https:\/\/api.w.org\/{rel}","templated":true}]}}