{"id":89599,"date":"2019-07-25T18:22:42","date_gmt":"2019-07-25T16:22:42","guid":{"rendered":"http:\/\/www.tucomarca.com\/wordpress\/segunda\/?p=89599"},"modified":"2019-07-25T18:22:42","modified_gmt":"2019-07-25T16:22:42","slug":"cheste-quiere-contribuir-a-la-mejora-de-la-salud-de-sus-ciudadanos-con-el-programa-viu-actiu","status":"publish","type":"post","link":"https:\/\/www.tucomarca.com\/wordpress\/segunda\/cheste-quiere-contribuir-a-la-mejora-de-la-salud-de-sus-ciudadanos-con-el-programa-viu-actiu\/","title":{"rendered":"Cheste quiere contribuir a la mejora de la salud de sus ciudadanos con el programa VIU-ACTIU"},"content":{"rendered":"<figure id=\"attachment_89600\" aria-describedby=\"caption-attachment-89600\" style=\"width: 501px\" class=\"wp-caption alignleft\"><img loading=\"lazy\" decoding=\"async\" class=\" wp-image-89600\" src=\"https:\/\/www.tucomarca.com\/wordpress\/segunda\/wp-content\/uploads\/2019\/07\/Convenio-Cheste-Viu-Actiu.jpg\" alt=\"El proyecto promovido por el Ayuntamiento y el Departamento de Salud de Manises est\u00e1 destinado a promocionar el ejercicio f\u00edsico y los h\u00e1bitos saludables en la poblaci\u00f3n\" width=\"501\" height=\"333\" srcset=\"https:\/\/www.tucomarca.com\/wordpress\/segunda\/wp-content\/uploads\/2019\/07\/Convenio-Cheste-Viu-Actiu.jpg 3216w, https:\/\/www.tucomarca.com\/wordpress\/segunda\/wp-content\/uploads\/2019\/07\/Convenio-Cheste-Viu-Actiu-300x199.jpg 300w, https:\/\/www.tucomarca.com\/wordpress\/segunda\/wp-content\/uploads\/2019\/07\/Convenio-Cheste-Viu-Actiu-768x510.jpg 768w, https:\/\/www.tucomarca.com\/wordpress\/segunda\/wp-content\/uploads\/2019\/07\/Convenio-Cheste-Viu-Actiu-1024x680.jpg 1024w\" sizes=\"auto, (max-width: 501px) 100vw, 501px\" \/><figcaption id=\"caption-attachment-89600\" class=\"wp-caption-text\">El proyecto promovido por el Ayuntamiento y el Departamento de Salud de Manises est\u00e1 destinado a promocionar el ejercicio f\u00edsico y los h\u00e1bitos saludables en la poblaci\u00f3n<\/figcaption><\/figure>\n<p>La promoci\u00f3n del ejercicio f\u00edsico y la adquisici\u00f3n de h\u00e1bitos saludables es fundamental para mejorar la calidad de vida de la poblaci\u00f3n, favorecer su salud y prevenir enfermedades y problemas cr\u00f3nicos. Este es el objetivo de VIU-ACTIU, un programa promovido por el ayuntamiento de Cheste con la colaboraci\u00f3n del Departamento de Salud de Manises a trav\u00e9s del Centro de Salud de Cheste, que se dirige a los vecinos de la localidad para recibir asesoramiento y un plan individualizado para la realizaci\u00f3n de ejercicio f\u00edsico.<\/p>\n<p>Con esta iniciativa se quiere conseguir que los vecinos de la localidad realicen m\u00e1s actividad f\u00edsica y que aquellos que padecen alguna enfermedad cr\u00f3nica mejoren su estado de salud a trav\u00e9s de la pr\u00e1ctica deportiva. VIU-ACTIU est\u00e1 supervisado por profesionales sanitarios del Departamento de Salud de Manises y expertos en actividad f\u00edsica y deporte que trabajar\u00e1n de forma coordinada y que realizar\u00e1n un seguimiento individualizado y grupal de los participantes del proyecto.<\/p>\n<p>El alcalde de Cheste, Jos\u00e9 Morell, la concejala de Sanidad de Cheste, Mar\u00eda \u00c1ngeles Llorente, el Comisionado de la Conselleria de Sanitat Universal i Salut P\u00fablica en el Departament de Salut Manises, C\u00e9sar Ant\u00f3n, y el director gerente del Departamento de Salud de Manises, Dr. Ricardo Trujillo han asistido a la firma del convenio de colaboraci\u00f3n para poder desarrollar este proyecto que se llevar\u00e1 a cabo en el Centro de Salud de Atenci\u00f3n Primaria de Cheste y entidades municipales. En el acto tambi\u00e9n han estado presentes Alba Domenech e Isaac Ll\u00e1cer, profesionales de la actividad f\u00edsica y el deporte que han sido los encargados de elaborar el programa VIU-ACTIU, una iniciativa en la que ha colaborado el ayuntamiento de Benicarl\u00f3.<\/p>\n<p>Para el director gerente del Departamento de Salud de Manises, el doctor Ricardo Trujillo, ha explicado que \u201ces una iniciativa muy importante para visibilizar y promover entre la poblaci\u00f3n una respuesta activa y motivadora para la realizaci\u00f3n de ejercicio f\u00edsico con el fin de mejorar su calidad de vida y prevenir enfermedades. Esta actuaci\u00f3n se enmarca en el objetivo del Departamento de promover la educaci\u00f3n y la actividad f\u00edsica para la salud en colaboraci\u00f3n con ayuntamientos y entidades locales\u201d.<\/p>\n<p>El programa est\u00e1 dirigido a la poblaci\u00f3n del municipio, con especial inter\u00e9s hacia aquellos vecinos con patolog\u00edas cr\u00f3nicas, mayores de edad o pacientes en situaci\u00f3n de sedentarismo y que las patolog\u00edas que padecen se haya demostrado que la pr\u00e1ctica de ejercicio f\u00edsico les suponga una mejor\u00eda.<\/p>\n<p><strong>Metodolog\u00eda<\/strong><\/p>\n<p>El personal sanitario del Centro de Atenci\u00f3n Primaria ser\u00e1n los encargados de determinar los participantes que acceder\u00e1n al programa. Estos realizar\u00e1n una entrevista individualizada y un test f\u00edsico supervisado por profesionales de la actividad f\u00edsica y el deporte.\u00a0 Una vez determinado la condici\u00f3n f\u00edsica y el estado motivacional se pasar\u00e1 a las siguientes fases. Por un lado, se realizar\u00e1n acciones de dinamizaci\u00f3n comunitaria en salud como una campa\u00f1a de prevenci\u00f3n, un \u201cmapeo\u201d los activos y necesidades de la salud del municipio, la creaci\u00f3n de rutas saludable o charlas formativas. Y por otro lado, se realizar\u00e1 una intervenci\u00f3n donde se establecer\u00e1 el ejercicio f\u00edsico para cada paciente y las actividades grupales donde se trabaja principalmente la fuerza, el equilibrio o la flexibilidad, todo ello coordinado y supervisado por preparadores f\u00edsicos.<\/p>\n<p>El programa, que es gratuito, tiene una duraci\u00f3n de 42 semanas y permitir\u00e1 mantener un seguimiento individual de cada persona participante por parte de los profesionales sanitarios y del deporte con el fin de mejorar los resultados f\u00edsicos y de salud de los vecinos de la localidad.<\/p>\n<p>Esta iniciativa se enmarca en el IV Plan de Salud de la Comunitat Valenciana desarrollado por la Conselleria de Sanidad Universal y Salud P\u00fablica que tiene entre sus objetivos desarrollar en el \u00e1mbito de la atenci\u00f3n primaria intervenciones dirigidas a ganar en salud y prevenir la aparici\u00f3n de enfermedades o lesiones e, informar sobre alimentaci\u00f3n y actividad f\u00edsica en las consultas del centro de salud para abordar diferentes problemas cr\u00f3nicos relacionados con la salud.<\/p>\n","protected":false},"excerpt":{"rendered":"<div class=\"mh-excerpt\">La promoci\u00f3n del ejercicio f\u00edsico y la adquisici\u00f3n de h\u00e1bitos saludables es fundamental para mejorar la calidad de vida de la poblaci\u00f3n, favorecer su salud y prevenir enfermedades y problemas cr\u00f3nicos. Este es el objetivo <a class=\"mh-excerpt-more\" href=\"https:\/\/www.tucomarca.com\/wordpress\/segunda\/cheste-quiere-contribuir-a-la-mejora-de-la-salud-de-sus-ciudadanos-con-el-programa-viu-actiu\/\" title=\"Cheste quiere contribuir a la mejora de la salud de sus ciudadanos con el programa VIU-ACTIU\">[+] <\/a><\/div>\n","protected":false},"author":1,"featured_media":89600,"comment_status":"open","ping_status":"open","sticky":false,"template":"","format":"standard","meta":{"footnotes":""},"categories":[119,17,8,10,3,45],"tags":[339,5952],"class_list":{"0":"post-89599","1":"post","2":"type-post","3":"status-publish","4":"format-standard","5":"has-post-thumbnail","7":"category-sanidad-la-comarca","8":"category-cheste","9":"category-la-comarca","10":"category-la-hoya","11":"category-seccion","12":"category-ventana","13":"tag-cheste-2","14":"tag-la-hoya-de-bunol-chiva"},"_links":{"self":[{"href":"https:\/\/www.tucomarca.com\/wordpress\/segunda\/wp-json\/wp\/v2\/posts\/89599","targetHints":{"allow":["GET"]}}],"collection":[{"href":"https:\/\/www.tucomarca.com\/wordpress\/segunda\/wp-json\/wp\/v2\/posts"}],"about":[{"href":"https:\/\/www.tucomarca.com\/wordpress\/segunda\/wp-json\/wp\/v2\/types\/post"}],"author":[{"embeddable":true,"href":"https:\/\/www.tucomarca.com\/wordpress\/segunda\/wp-json\/wp\/v2\/users\/1"}],"replies":[{"embeddable":true,"href":"https:\/\/www.tucomarca.com\/wordpress\/segunda\/wp-json\/wp\/v2\/comments?post=89599"}],"version-history":[{"count":0,"href":"https:\/\/www.tucomarca.com\/wordpress\/segunda\/wp-json\/wp\/v2\/posts\/89599\/revisions"}],"wp:featuredmedia":[{"embeddable":true,"href":"https:\/\/www.tucomarca.com\/wordpress\/segunda\/wp-json\/wp\/v2\/media\/89600"}],"wp:attachment":[{"href":"https:\/\/www.tucomarca.com\/wordpress\/segunda\/wp-json\/wp\/v2\/media?parent=89599"}],"wp:term":[{"taxonomy":"category","embeddable":true,"href":"https:\/\/www.tucomarca.com\/wordpress\/segunda\/wp-json\/wp\/v2\/categories?post=89599"},{"taxonomy":"post_tag","embeddable":true,"href":"https:\/\/www.tucomarca.com\/wordpress\/segunda\/wp-json\/wp\/v2\/tags?post=89599"}],"curies":[{"name":"wp","href":"https:\/\/api.w.org\/{rel}","templated":true}]}}