{"id":8972,"date":"2012-11-13T18:12:59","date_gmt":"2012-11-13T17:12:59","guid":{"rendered":"http:\/\/www.tucomarca.com\/wordpress\/segunda\/?p=8972"},"modified":"2012-11-13T18:12:59","modified_gmt":"2012-11-13T17:12:59","slug":"villargordo-del-cabriel-solicita-colaboracion-para-construir-el-centro-de-la-juventud","status":"publish","type":"post","link":"https:\/\/www.tucomarca.com\/wordpress\/segunda\/villargordo-del-cabriel-solicita-colaboracion-para-construir-el-centro-de-la-juventud\/","title":{"rendered":"Villargordo del Cabriel solicita colaboraci\u00f3n para construir el Centro de la Juventud"},"content":{"rendered":"<figure id=\"attachment_8973\" aria-describedby=\"caption-attachment-8973\" style=\"width: 300px\" class=\"wp-caption alignleft\"><a href=\"https:\/\/www.tucomarca.com\/wordpress\/segunda\/wp-content\/uploads\/2012\/11\/DSC00206.jpg\"><img loading=\"lazy\" decoding=\"async\" class=\"size-medium wp-image-8973\" title=\"SONY DSC\" src=\"https:\/\/www.tucomarca.com\/wordpress\/segunda\/wp-content\/uploads\/2012\/11\/DSC00206-300x167.jpg\" alt=\"El diputado y el alcalde durante su encuentro en la Diputaci\u00f3n.\" width=\"300\" height=\"167\" srcset=\"https:\/\/www.tucomarca.com\/wordpress\/segunda\/wp-content\/uploads\/2012\/11\/DSC00206-300x167.jpg 300w, https:\/\/www.tucomarca.com\/wordpress\/segunda\/wp-content\/uploads\/2012\/11\/DSC00206-1024x572.jpg 1024w\" sizes=\"auto, (max-width: 300px) 100vw, 300px\" \/><\/a><figcaption id=\"caption-attachment-8973\" class=\"wp-caption-text\">El diputado y el alcalde durante su encuentro en la Diputaci\u00f3n.<\/figcaption><\/figure>\n<p>El diputado de Cooperaci\u00f3n Municipal, Juan Jos\u00e9 Medina, ha recibido este martes al alcalde de Villargordo del Cabriel, Francisco Nu\u00e9valos, quien le  ha expuesto la necesidad de su ayuntamiento de recabar la colaboraci\u00f3n  de la instituci\u00f3n provincial para sacar adelante los proyectos  municipales m\u00e1s necesarios para su poblaci\u00f3n.<\/p>\n<p>\u201cActualmente estamos realizando el cambio de ubicaci\u00f3n del  ayuntamiento y perseguimos destinar el antiguo edificio consistorial al  Centro de la Juventud, por lo que hemos transmitido al diputado nuestro  inter\u00e9s en canalizar futuras subvenciones provinciales a la ejecuci\u00f3n de  este proyecto\u201d, ha explicado el primer edil.<\/p>\n<p>Otra de las necesidades m\u00e1s acuciantes del municipio, seg\u00fan ha  expuesto Nu\u00e9valos a Medina, es su promoci\u00f3n tur\u00edstica \u201cpues somos un  pueblo que vive de la agricultura y tenemos que abrir nuevas v\u00edas de  inyecci\u00f3n econ\u00f3mica para el municipio y dar la posibilidad a sus vecinos  de optar a nuevas opciones profesionales\u201d, ha agregado.<\/p>\n","protected":false},"excerpt":{"rendered":"<div class=\"mh-excerpt\">El diputado de Cooperaci\u00f3n Municipal, Juan Jos\u00e9 Medina, ha recibido este martes al alcalde de Villargordo del Cabriel, Francisco Nu\u00e9valos, quien le ha expuesto la necesidad de su ayuntamiento de recabar la colaboraci\u00f3n de la <a class=\"mh-excerpt-more\" href=\"https:\/\/www.tucomarca.com\/wordpress\/segunda\/villargordo-del-cabriel-solicita-colaboracion-para-construir-el-centro-de-la-juventud\/\" title=\"Villargordo del Cabriel solicita colaboraci\u00f3n para construir el Centro de la Juventud\">[+] <\/a><\/div>\n","protected":false},"author":1,"featured_media":8973,"comment_status":"open","ping_status":"open","sticky":false,"template":"","format":"standard","meta":{"footnotes":""},"categories":[128,8,27,3,120],"tags":[],"class_list":{"0":"post-8972","1":"post","2":"type-post","3":"status-publish","4":"format-standard","5":"has-post-thumbnail","7":"category-infraestructuras","8":"category-la-comarca","9":"category-requena-utiel","10":"category-seccion","11":"category-villargordo-del-cabriel"},"_links":{"self":[{"href":"https:\/\/www.tucomarca.com\/wordpress\/segunda\/wp-json\/wp\/v2\/posts\/8972","targetHints":{"allow":["GET"]}}],"collection":[{"href":"https:\/\/www.tucomarca.com\/wordpress\/segunda\/wp-json\/wp\/v2\/posts"}],"about":[{"href":"https:\/\/www.tucomarca.com\/wordpress\/segunda\/wp-json\/wp\/v2\/types\/post"}],"author":[{"embeddable":true,"href":"https:\/\/www.tucomarca.com\/wordpress\/segunda\/wp-json\/wp\/v2\/users\/1"}],"replies":[{"embeddable":true,"href":"https:\/\/www.tucomarca.com\/wordpress\/segunda\/wp-json\/wp\/v2\/comments?post=8972"}],"version-history":[{"count":0,"href":"https:\/\/www.tucomarca.com\/wordpress\/segunda\/wp-json\/wp\/v2\/posts\/8972\/revisions"}],"wp:featuredmedia":[{"embeddable":true,"href":"https:\/\/www.tucomarca.com\/wordpress\/segunda\/wp-json\/wp\/v2\/media\/8973"}],"wp:attachment":[{"href":"https:\/\/www.tucomarca.com\/wordpress\/segunda\/wp-json\/wp\/v2\/media?parent=8972"}],"wp:term":[{"taxonomy":"category","embeddable":true,"href":"https:\/\/www.tucomarca.com\/wordpress\/segunda\/wp-json\/wp\/v2\/categories?post=8972"},{"taxonomy":"post_tag","embeddable":true,"href":"https:\/\/www.tucomarca.com\/wordpress\/segunda\/wp-json\/wp\/v2\/tags?post=8972"}],"curies":[{"name":"wp","href":"https:\/\/api.w.org\/{rel}","templated":true}]}}