{"id":8979,"date":"2012-11-13T18:12:04","date_gmt":"2012-11-13T17:12:04","guid":{"rendered":"http:\/\/www.tucomarca.com\/wordpress\/segunda\/?p=8979"},"modified":"2012-11-13T18:12:04","modified_gmt":"2012-11-13T17:12:04","slug":"video-dos-puentes-colgantes-sobre-el-canon-del-turia-en-chulilla","status":"publish","type":"post","link":"https:\/\/www.tucomarca.com\/wordpress\/segunda\/video-dos-puentes-colgantes-sobre-el-canon-del-turia-en-chulilla\/","title":{"rendered":"V\u00eddeo: dos puentes colgantes sobre el ca\u00f1\u00f3n del T\u00faria en Chulilla"},"content":{"rendered":"<p>El Patronato Provincial de Turismo Val\u00e8ncia, Terra i Mar colabora   con el Ayuntamiento de Chulilla en la adecuaci\u00f3n del entorno del Paraje   Natural Municipal \u201cLos Calderones\u201d.<\/p>\n<p>El diputado de Turismo, Ernesto Sanju\u00e1n, visit\u00f3 el pasado 8 de   noviembre las obras, que se est\u00e1n llevando a cabo en el entorno del   Paraje Natural Municipal con el objetivo de adecuar las infraestructuras   para el desarrollo del turismo deportivo (escalada y senderismo),   recuperar v\u00edas infravaloradas y mejorar la se\u00f1alizaci\u00f3n y los accesos a   los sectores de escalada.<\/p>\n","protected":false},"excerpt":{"rendered":"<div class=\"mh-excerpt\">El Patronato Provincial de Turismo Val\u00e8ncia, Terra i Mar colabora con el Ayuntamiento de Chulilla en la adecuaci\u00f3n del entorno del Paraje Natural Municipal \u201cLos Calderones\u201d. El diputado de Turismo, Ernesto Sanju\u00e1n, visit\u00f3 el pasado <a class=\"mh-excerpt-more\" href=\"https:\/\/www.tucomarca.com\/wordpress\/segunda\/video-dos-puentes-colgantes-sobre-el-canon-del-turia-en-chulilla\/\" title=\"V\u00eddeo: dos puentes colgantes sobre el ca\u00f1\u00f3n del T\u00faria en Chulilla\">[+] <\/a><\/div>\n","protected":false},"author":1,"featured_media":0,"comment_status":"open","ping_status":"open","sticky":false,"template":"","format":"standard","meta":{"footnotes":""},"categories":[192,128,8,59,117,3,26],"tags":[],"class_list":{"0":"post-8979","1":"post","2":"type-post","3":"status-publish","4":"format-standard","6":"category-chulilla","7":"category-infraestructuras","8":"category-la-comarca","9":"category-los-serranos","10":"category-medio-ambiente-la-comarca","11":"category-seccion","12":"category-video"},"_links":{"self":[{"href":"https:\/\/www.tucomarca.com\/wordpress\/segunda\/wp-json\/wp\/v2\/posts\/8979","targetHints":{"allow":["GET"]}}],"collection":[{"href":"https:\/\/www.tucomarca.com\/wordpress\/segunda\/wp-json\/wp\/v2\/posts"}],"about":[{"href":"https:\/\/www.tucomarca.com\/wordpress\/segunda\/wp-json\/wp\/v2\/types\/post"}],"author":[{"embeddable":true,"href":"https:\/\/www.tucomarca.com\/wordpress\/segunda\/wp-json\/wp\/v2\/users\/1"}],"replies":[{"embeddable":true,"href":"https:\/\/www.tucomarca.com\/wordpress\/segunda\/wp-json\/wp\/v2\/comments?post=8979"}],"version-history":[{"count":0,"href":"https:\/\/www.tucomarca.com\/wordpress\/segunda\/wp-json\/wp\/v2\/posts\/8979\/revisions"}],"wp:attachment":[{"href":"https:\/\/www.tucomarca.com\/wordpress\/segunda\/wp-json\/wp\/v2\/media?parent=8979"}],"wp:term":[{"taxonomy":"category","embeddable":true,"href":"https:\/\/www.tucomarca.com\/wordpress\/segunda\/wp-json\/wp\/v2\/categories?post=8979"},{"taxonomy":"post_tag","embeddable":true,"href":"https:\/\/www.tucomarca.com\/wordpress\/segunda\/wp-json\/wp\/v2\/tags?post=8979"}],"curies":[{"name":"wp","href":"https:\/\/api.w.org\/{rel}","templated":true}]}}