{"id":8984,"date":"2012-11-13T18:12:33","date_gmt":"2012-11-13T17:12:33","guid":{"rendered":"http:\/\/www.tucomarca.com\/wordpress\/segunda\/?p=8984"},"modified":"2012-11-13T18:12:33","modified_gmt":"2012-11-13T17:12:33","slug":"la-pobla-aumenta-mas-de-un-30-las-ayudas-por-alumno-para-los-libros-de-texto-y-material-escolar","status":"publish","type":"post","link":"https:\/\/www.tucomarca.com\/wordpress\/segunda\/la-pobla-aumenta-mas-de-un-30-las-ayudas-por-alumno-para-los-libros-de-texto-y-material-escolar\/","title":{"rendered":"La Pobla aumenta m\u00e1s de un 30% las ayudas por alumno para los libros de texto y material escolar"},"content":{"rendered":"<p>El Ayuntamiento de la Pobla de Vallbona ha finalizado la convocatoria para otorgar las subvenciones de los libros de texto y material escolar para el curso 2012-2013. Estas subvenciones est\u00e1n dirigidas a los alumnos que est\u00e1n empadronados en la Pobla y que est\u00e9n cursando Educaci\u00f3n Infantil, Educaci\u00f3n Primaria y Educaci\u00f3n Secundaria Obligatoria.<\/p>\n<p>Destacar que con el nuevo modelo de subvenci\u00f3n, el Ayuntamiento de la Pobla de Vallbona ha incrementado para este curso escolar, las cuant\u00edas por alumno de las ayudas para los libros de texto y el material escolar. La subida supera el 30 por ciento con respecto al curso pasado.<\/p>\n<p>La alcaldesa de la Pobla de Vallbona, Mari Carmen Contelles, ha explicado que \u201chemos hecho una redistribuci\u00f3n mucho m\u00e1s equitativa de las ayudas, ya que nos hemos querido centrar en las familias m\u00e1s necesitadas. Seguimos cumpliendo el compromiso del equipo de gobierno con los m\u00e1s desfavorecidos. Con esta medida y la creaci\u00f3n del Banco de Libros aportamos soluciones para paliar, en la medida de lo posible, los efectos de la crisis para las familias que m\u00e1s lo necesitan.\u201d<\/p>\n<p>As\u00ed, los importes m\u00e1ximos de ayuda suben de 18 a 23 euros en Educaci\u00f3n Infantil, de 37 a 50 euros en Primaria y de 51 a 69 euros en Secundaria. En total se han presentado 1.070 solicitudes.<\/p>\n<p>El consistorio ha hecho una redistribuci\u00f3n de las ayudas para dar prioridad a las familias m\u00e1s desfavorecidas estableciendo el criterio de la renta y la justificaci\u00f3n del gasto para acceder a las mismas. El Ayuntamiento empezar\u00e1 a pagar los importes de la subvenci\u00f3n en los pr\u00f3ximos d\u00edas.<\/p>\n","protected":false},"excerpt":{"rendered":"<div class=\"mh-excerpt\">El Ayuntamiento de la Pobla de Vallbona ha finalizado la convocatoria para otorgar las subvenciones de los libros de texto y material escolar para el curso 2012-2013. Estas subvenciones est\u00e1n dirigidas a los alumnos que <a class=\"mh-excerpt-more\" href=\"https:\/\/www.tucomarca.com\/wordpress\/segunda\/la-pobla-aumenta-mas-de-un-30-las-ayudas-por-alumno-para-los-libros-de-texto-y-material-escolar\/\" title=\"La Pobla aumenta m\u00e1s de un 30% las ayudas por alumno para los libros de texto y material escolar\">[+] <\/a><\/div>\n","protected":false},"author":1,"featured_media":0,"comment_status":"open","ping_status":"open","sticky":false,"template":"","format":"standard","meta":{"footnotes":""},"categories":[46,8,174,3],"tags":[],"class_list":{"0":"post-8984","1":"post","2":"type-post","3":"status-publish","4":"format-standard","6":"category-camp-de-turia","7":"category-la-comarca","8":"category-la-pobla","9":"category-seccion"},"_links":{"self":[{"href":"https:\/\/www.tucomarca.com\/wordpress\/segunda\/wp-json\/wp\/v2\/posts\/8984","targetHints":{"allow":["GET"]}}],"collection":[{"href":"https:\/\/www.tucomarca.com\/wordpress\/segunda\/wp-json\/wp\/v2\/posts"}],"about":[{"href":"https:\/\/www.tucomarca.com\/wordpress\/segunda\/wp-json\/wp\/v2\/types\/post"}],"author":[{"embeddable":true,"href":"https:\/\/www.tucomarca.com\/wordpress\/segunda\/wp-json\/wp\/v2\/users\/1"}],"replies":[{"embeddable":true,"href":"https:\/\/www.tucomarca.com\/wordpress\/segunda\/wp-json\/wp\/v2\/comments?post=8984"}],"version-history":[{"count":0,"href":"https:\/\/www.tucomarca.com\/wordpress\/segunda\/wp-json\/wp\/v2\/posts\/8984\/revisions"}],"wp:attachment":[{"href":"https:\/\/www.tucomarca.com\/wordpress\/segunda\/wp-json\/wp\/v2\/media?parent=8984"}],"wp:term":[{"taxonomy":"category","embeddable":true,"href":"https:\/\/www.tucomarca.com\/wordpress\/segunda\/wp-json\/wp\/v2\/categories?post=8984"},{"taxonomy":"post_tag","embeddable":true,"href":"https:\/\/www.tucomarca.com\/wordpress\/segunda\/wp-json\/wp\/v2\/tags?post=8984"}],"curies":[{"name":"wp","href":"https:\/\/api.w.org\/{rel}","templated":true}]}}