{"id":8996,"date":"2012-11-14T17:31:23","date_gmt":"2012-11-14T16:31:23","guid":{"rendered":"http:\/\/www.tucomarca.com\/wordpress\/segunda\/?p=8996"},"modified":"2012-11-14T17:34:48","modified_gmt":"2012-11-14T16:34:48","slug":"video-construccion-de-un-centro-de-la-juventud-en-camporrobles","status":"publish","type":"post","link":"https:\/\/www.tucomarca.com\/wordpress\/segunda\/video-construccion-de-un-centro-de-la-juventud-en-camporrobles\/","title":{"rendered":"V\u00eddeo: construcci\u00f3n de un Centro de la Juventud en Camporrobles"},"content":{"rendered":"<p>El diputado de Cooperaci\u00f3n Municipal, Juan Jos\u00e9 Medina, ha recibido al alcalde de Villargordo del Cabriel, Francisco Nu\u00e9valos, quien le ha expuesto la necesidad de su ayuntamiento de recabar la colaboraci\u00f3n de la instituci\u00f3n provincial para sacar adelante los proyectos municipales m\u00e1s necesarios para su poblaci\u00f3n.<\/p>\n<p>\u201cActualmente estamos realizando el cambio de ubicaci\u00f3n del ayuntamiento y perseguimos destinar el antiguo edificio consistorial al Centro de la Juventud, por lo que hemos transmitido al diputado nuestro inter\u00e9s en canalizar futuras subvenciones provinciales a la ejecuci\u00f3n de este proyecto\u201d, ha explicado el primer edil.<\/p>\n<p>Otra de las necesidades m\u00e1s acuciantes del municipio, seg\u00fan ha expuesto Nu\u00e9valos a Medina, es su promoci\u00f3n tur\u00edstica \u201cpues somos un pueblo que vive de la agricultura y tenemos que abrir nuevas v\u00edas de inyecci\u00f3n econ\u00f3mica para el municipio y dar la posibilidad a sus vecinos de optar a nuevas opciones profesionales\u201d, ha agregado.<\/p>\n","protected":false},"excerpt":{"rendered":"<div class=\"mh-excerpt\">El diputado de Cooperaci\u00f3n Municipal, Juan Jos\u00e9 Medina, ha recibido al alcalde de Villargordo del Cabriel, Francisco Nu\u00e9valos, quien le ha expuesto la necesidad de su ayuntamiento de recabar la colaboraci\u00f3n de la instituci\u00f3n provincial <a class=\"mh-excerpt-more\" href=\"https:\/\/www.tucomarca.com\/wordpress\/segunda\/video-construccion-de-un-centro-de-la-juventud-en-camporrobles\/\" title=\"V\u00eddeo: construcci\u00f3n de un Centro de la Juventud en Camporrobles\">[+] <\/a><\/div>\n","protected":false},"author":1,"featured_media":0,"comment_status":"open","ping_status":"open","sticky":false,"template":"","format":"standard","meta":{"footnotes":""},"categories":[128,8,27,3,26,120],"tags":[],"class_list":{"0":"post-8996","1":"post","2":"type-post","3":"status-publish","4":"format-standard","6":"category-infraestructuras","7":"category-la-comarca","8":"category-requena-utiel","9":"category-seccion","10":"category-video","11":"category-villargordo-del-cabriel"},"_links":{"self":[{"href":"https:\/\/www.tucomarca.com\/wordpress\/segunda\/wp-json\/wp\/v2\/posts\/8996","targetHints":{"allow":["GET"]}}],"collection":[{"href":"https:\/\/www.tucomarca.com\/wordpress\/segunda\/wp-json\/wp\/v2\/posts"}],"about":[{"href":"https:\/\/www.tucomarca.com\/wordpress\/segunda\/wp-json\/wp\/v2\/types\/post"}],"author":[{"embeddable":true,"href":"https:\/\/www.tucomarca.com\/wordpress\/segunda\/wp-json\/wp\/v2\/users\/1"}],"replies":[{"embeddable":true,"href":"https:\/\/www.tucomarca.com\/wordpress\/segunda\/wp-json\/wp\/v2\/comments?post=8996"}],"version-history":[{"count":0,"href":"https:\/\/www.tucomarca.com\/wordpress\/segunda\/wp-json\/wp\/v2\/posts\/8996\/revisions"}],"wp:attachment":[{"href":"https:\/\/www.tucomarca.com\/wordpress\/segunda\/wp-json\/wp\/v2\/media?parent=8996"}],"wp:term":[{"taxonomy":"category","embeddable":true,"href":"https:\/\/www.tucomarca.com\/wordpress\/segunda\/wp-json\/wp\/v2\/categories?post=8996"},{"taxonomy":"post_tag","embeddable":true,"href":"https:\/\/www.tucomarca.com\/wordpress\/segunda\/wp-json\/wp\/v2\/tags?post=8996"}],"curies":[{"name":"wp","href":"https:\/\/api.w.org\/{rel}","templated":true}]}}