{"id":8998,"date":"2012-11-14T11:18:26","date_gmt":"2012-11-14T10:18:26","guid":{"rendered":"http:\/\/www.tucomarca.com\/wordpress\/segunda\/?p=8998"},"modified":"2012-11-14T11:20:02","modified_gmt":"2012-11-14T10:20:02","slug":"57-detenidos-y-15-heridos-en-las-primeras-horas-de-la-huelga-general-del-14n","status":"publish","type":"post","link":"https:\/\/www.tucomarca.com\/wordpress\/segunda\/57-detenidos-y-15-heridos-en-las-primeras-horas-de-la-huelga-general-del-14n\/","title":{"rendered":"57 detenidos y 15 heridos en las primeras horas de la Huelga General del 14N"},"content":{"rendered":"<p>La jornada de Huelga General prevista para hoy, 14 de noviembre, ha comenzado con un seguimiento \u00abmasivo\u00bb, seg\u00fan los sindicatos y con  una \u00abincidencia desigual\u00bb, seg\u00fan han informado fuentes del Gobierno, quienes han a\u00f1adido que el ambiente es \u00abde  tranquilidad, aunque con incidentes puntuales en los que ha habido 32 detenidos y 15 heridos, 3 de ellos polic\u00edas\u00bb.<\/p>\n<p>No obstante, seg\u00fan han informado la Agencia Efe citando fuentes de la Direcci\u00f3n General de la Polic\u00eda, a las 10,00 de esta ma\u00f1ana la cifra se elevaba a 57 detenidos.<\/p>\n<p>Las centrales sindicales aseguran que el seguimiento es \u00abenorme en los grandes sectores industriales y de servicios, as\u00ed como en los mercados de abastos, las grandes obras de infraestructuras y las industrias energ\u00e9ticas\u00bb.<\/p>\n<p><strong>\u00abSin grandes alteraciones\u00bb<\/strong><\/p>\n<p>Por su parte, el Gobierno ha manifestado que el paro est\u00e1 teniendo \u00abuna incidencia desigual en los mercados de abastos, que ha sido baja en el transporte y ha provocado el cierre puntual de algunas f\u00e1bricas de autom\u00f3viles\u00bb.<\/p>\n<p>En este senbtido, la  directora general de Pol\u00edtica Interior, Cristina D\u00edaz, en su segunda  comparecencia ante la prensa, ha informado de que el paro transcurre con  el cumplimiento de los servicios m\u00ednimos y \u00absin grandes alteraciones\u00bb,  pese a que se han producido algunos altercados que han provocado detenciones y heridas a varias personas.<\/p>\n<p><strong>\u00abParo nocturno del 95%\u00bb<\/strong><\/p>\n<p>Por parte de los sindicatos, y seg\u00fan las cifras aportadas por CCOO y UGT, el paro ha sido durante el turno del noche del 95% en el servicio de recogida de basuras y del 90 % en Correos, y tambi\u00e9n ha alcanzado porcentajes cercanos al  cien por cien en las f\u00e1bricas de autom\u00f3viles, las grandes obras de  infraestructuras, las principales industrias y los grandes mercados de  abastos.<\/p>\n<p><strong>Descenso de un 15,5% del consumo energ\u00e9tico<\/strong><\/p>\n<p>Respecto a la  demanda de energ\u00eda el\u00e9ctrica, \u00e9sta se situaba a las 08.00 de la ma\u00f1ana en  25.172 megavatios, un 15,5% menos que la registrada a la misma hora del  mi\u00e9rcoles de la semana pasada (29.785 megavatios), seg\u00fan datos de la  p\u00e1gina web de Red El\u00e9ctrica de Espa\u00f1a (REE) facilitados por la Agencia Efe. Si se  compara esta demanda real con la registrada este martes a la misma hora  la bajada es mayor, de un 16,5%.<\/p>\n<p>Los  principales canales auton\u00f3micos de televisi\u00f3n han modificado desde esta  madrugada sus programaciones y emiten en su mayor parte avisos sobre  esta modificaci\u00f3n en coincidencia con las primeras horas de la huelga  general.<\/p>\n","protected":false},"excerpt":{"rendered":"<div class=\"mh-excerpt\">La jornada de Huelga General prevista para hoy, 14 de noviembre, ha comenzado con un seguimiento \u00abmasivo\u00bb, seg\u00fan los sindicatos y con una \u00abincidencia desigual\u00bb, seg\u00fan han informado fuentes del Gobierno, quienes han a\u00f1adido que <a class=\"mh-excerpt-more\" href=\"https:\/\/www.tucomarca.com\/wordpress\/segunda\/57-detenidos-y-15-heridos-en-las-primeras-horas-de-la-huelga-general-del-14n\/\" title=\"57 detenidos y 15 heridos en las primeras horas de la Huelga General del 14N\">[+] <\/a><\/div>\n","protected":false},"author":1,"featured_media":0,"comment_status":"open","ping_status":"open","sticky":false,"template":"","format":"standard","meta":{"footnotes":""},"categories":[8,72,10,3],"tags":[],"class_list":{"0":"post-8998","1":"post","2":"type-post","3":"status-publish","4":"format-standard","6":"category-la-comarca","7":"category-sin-categorizar","8":"category-la-hoya","9":"category-seccion"},"_links":{"self":[{"href":"https:\/\/www.tucomarca.com\/wordpress\/segunda\/wp-json\/wp\/v2\/posts\/8998","targetHints":{"allow":["GET"]}}],"collection":[{"href":"https:\/\/www.tucomarca.com\/wordpress\/segunda\/wp-json\/wp\/v2\/posts"}],"about":[{"href":"https:\/\/www.tucomarca.com\/wordpress\/segunda\/wp-json\/wp\/v2\/types\/post"}],"author":[{"embeddable":true,"href":"https:\/\/www.tucomarca.com\/wordpress\/segunda\/wp-json\/wp\/v2\/users\/1"}],"replies":[{"embeddable":true,"href":"https:\/\/www.tucomarca.com\/wordpress\/segunda\/wp-json\/wp\/v2\/comments?post=8998"}],"version-history":[{"count":0,"href":"https:\/\/www.tucomarca.com\/wordpress\/segunda\/wp-json\/wp\/v2\/posts\/8998\/revisions"}],"wp:attachment":[{"href":"https:\/\/www.tucomarca.com\/wordpress\/segunda\/wp-json\/wp\/v2\/media?parent=8998"}],"wp:term":[{"taxonomy":"category","embeddable":true,"href":"https:\/\/www.tucomarca.com\/wordpress\/segunda\/wp-json\/wp\/v2\/categories?post=8998"},{"taxonomy":"post_tag","embeddable":true,"href":"https:\/\/www.tucomarca.com\/wordpress\/segunda\/wp-json\/wp\/v2\/tags?post=8998"}],"curies":[{"name":"wp","href":"https:\/\/api.w.org\/{rel}","templated":true}]}}