{"id":90005,"date":"2019-08-05T18:27:39","date_gmt":"2019-08-05T16:27:39","guid":{"rendered":"http:\/\/www.tucomarca.com\/wordpress\/segunda\/?p=90005"},"modified":"2019-08-05T18:27:39","modified_gmt":"2019-08-05T16:27:39","slug":"presentacion-del-libro-de-fiestas-de-requena-2019","status":"publish","type":"post","link":"https:\/\/www.tucomarca.com\/wordpress\/segunda\/presentacion-del-libro-de-fiestas-de-requena-2019\/","title":{"rendered":"Presentaci\u00f3n del Libro de Fiestas de Requena 2019"},"content":{"rendered":"<figure id=\"attachment_90006\" aria-describedby=\"caption-attachment-90006\" style=\"width: 359px\" class=\"wp-caption alignnone\"><img loading=\"lazy\" decoding=\"async\" class=\" wp-image-90006\" src=\"https:\/\/www.tucomarca.com\/wordpress\/segunda\/wp-content\/uploads\/2019\/08\/Presentaci\u00f3ncartelfiesta.jpg\" alt=\"El viernes 2 de agosto a las 20:30 horas en el claustro del Museo Municipal\" width=\"359\" height=\"269\" srcset=\"https:\/\/www.tucomarca.com\/wordpress\/segunda\/wp-content\/uploads\/2019\/08\/Presentaci\u00f3ncartelfiesta.jpg 3968w, https:\/\/www.tucomarca.com\/wordpress\/segunda\/wp-content\/uploads\/2019\/08\/Presentaci\u00f3ncartelfiesta-300x225.jpg 300w, https:\/\/www.tucomarca.com\/wordpress\/segunda\/wp-content\/uploads\/2019\/08\/Presentaci\u00f3ncartelfiesta-768x576.jpg 768w, https:\/\/www.tucomarca.com\/wordpress\/segunda\/wp-content\/uploads\/2019\/08\/Presentaci\u00f3ncartelfiesta-1024x768.jpg 1024w\" sizes=\"auto, (max-width: 359px) 100vw, 359px\" \/><figcaption id=\"caption-attachment-90006\" class=\"wp-caption-text\">El viernes 2 de agosto a las 20:30 horas en el claustro del Museo Municipal<\/figcaption><\/figure>\n<p>La presentaci\u00f3n oficial del LIBRO DE FIESTAS 2019 ha sido la primera toma de contacto con el programa completo de la Feria y Fiesta que recopila todos los actos y actividades previstos para este 2019.<\/p>\n<p>Entre ellas, cabe destacar las actuaciones de Carlos N\u00fa\u00f1ez, el espect\u00e1culo de hipnosis que realizar\u00e1 el valenciano Toni Pons, el musical de homenaje al grupo Queen o los conciertos de las agrupaciones musicales requenenses como la Orquesta Filarm\u00f3nica Fundaci\u00f3n Ciudad de Requena con la voz de Sole Jim\u00e9nez y la Banda Sinf\u00f3nica de la Sociedad Musical Santa Cecilia de Requena acompa\u00f1ados por Gisela, entre otros muchos eventos para todos los p\u00fablicos.<\/p>\n<p>Al acto, han asistido la concejala de feria y fiestas, Mar\u00eda Jos\u00e9 Arroyo, el primer mun\u00edcipe requenense, Mario S\u00e1nchez, la reina y presidente centrales de la LXXII Fiesta De La Vendimia, Natalia Lechago y Alberto Garc\u00eda, la reina y presidentes centrales infantiles, Luc\u00eda Ortiz y Pablo G\u00f3mez, adem\u00e1s de varios miembros de la corporaci\u00f3n municipal, entre otras autoridades y p\u00fablico en general.<\/p>\n<p>Tras esta presentaci\u00f3n los libros se repartir\u00e1n paulatinamente en los hogares requenenses y tambi\u00e9n podr\u00e1 consultarse en la web municipal.<\/p>\n","protected":false},"excerpt":{"rendered":"<div class=\"mh-excerpt\">La presentaci\u00f3n oficial del LIBRO DE FIESTAS 2019 ha sido la primera toma de contacto con el programa completo de la Feria y Fiesta que recopila todos los actos y actividades previstos para este 2019. <a class=\"mh-excerpt-more\" href=\"https:\/\/www.tucomarca.com\/wordpress\/segunda\/presentacion-del-libro-de-fiestas-de-requena-2019\/\" title=\"Presentaci\u00f3n del Libro de Fiestas de Requena 2019\">[+] <\/a><\/div>\n","protected":false},"author":1,"featured_media":90006,"comment_status":"open","ping_status":"open","sticky":false,"template":"","format":"standard","meta":{"footnotes":""},"categories":[5,383,28,27,3],"tags":[10388,10387],"class_list":{"0":"post-90005","1":"post","2":"type-post","3":"status-publish","4":"format-standard","5":"has-post-thumbnail","7":"category-la-semana-en-imagenes","8":"category-pueblos-en-fiestas","9":"category-requena","10":"category-requena-utiel","11":"category-seccion","12":"tag-requena","13":"tag-requena-utiel"},"_links":{"self":[{"href":"https:\/\/www.tucomarca.com\/wordpress\/segunda\/wp-json\/wp\/v2\/posts\/90005","targetHints":{"allow":["GET"]}}],"collection":[{"href":"https:\/\/www.tucomarca.com\/wordpress\/segunda\/wp-json\/wp\/v2\/posts"}],"about":[{"href":"https:\/\/www.tucomarca.com\/wordpress\/segunda\/wp-json\/wp\/v2\/types\/post"}],"author":[{"embeddable":true,"href":"https:\/\/www.tucomarca.com\/wordpress\/segunda\/wp-json\/wp\/v2\/users\/1"}],"replies":[{"embeddable":true,"href":"https:\/\/www.tucomarca.com\/wordpress\/segunda\/wp-json\/wp\/v2\/comments?post=90005"}],"version-history":[{"count":0,"href":"https:\/\/www.tucomarca.com\/wordpress\/segunda\/wp-json\/wp\/v2\/posts\/90005\/revisions"}],"wp:featuredmedia":[{"embeddable":true,"href":"https:\/\/www.tucomarca.com\/wordpress\/segunda\/wp-json\/wp\/v2\/media\/90006"}],"wp:attachment":[{"href":"https:\/\/www.tucomarca.com\/wordpress\/segunda\/wp-json\/wp\/v2\/media?parent=90005"}],"wp:term":[{"taxonomy":"category","embeddable":true,"href":"https:\/\/www.tucomarca.com\/wordpress\/segunda\/wp-json\/wp\/v2\/categories?post=90005"},{"taxonomy":"post_tag","embeddable":true,"href":"https:\/\/www.tucomarca.com\/wordpress\/segunda\/wp-json\/wp\/v2\/tags?post=90005"}],"curies":[{"name":"wp","href":"https:\/\/api.w.org\/{rel}","templated":true}]}}