{"id":90038,"date":"2019-08-06T19:20:43","date_gmt":"2019-08-06T17:20:43","guid":{"rendered":"http:\/\/www.tucomarca.com\/wordpress\/segunda\/?p=90038"},"modified":"2019-08-06T19:20:43","modified_gmt":"2019-08-06T17:20:43","slug":"la-concejalia-de-servicios-de-cheste-recuerda-a-la-poblacion-la-normativa-de-recogida-de-residuos-urbanos","status":"publish","type":"post","link":"https:\/\/www.tucomarca.com\/wordpress\/segunda\/la-concejalia-de-servicios-de-cheste-recuerda-a-la-poblacion-la-normativa-de-recogida-de-residuos-urbanos\/","title":{"rendered":"La concejal\u00eda de Servicios de Cheste recuerda a la poblaci\u00f3n la normativa de recogida de residuos urbanos"},"content":{"rendered":"<p><img loading=\"lazy\" decoding=\"async\" class=\"wp-image-90041 alignleft\" src=\"https:\/\/www.tucomarca.com\/wordpress\/segunda\/wp-content\/uploads\/2019\/08\/Cartel_RSU.jpg\" alt=\"Dentro de la campa\u00f1a #ChesteCu\u00eddalo, la concejal\u00eda de Servicios Municipales ha publicado un recordatorio con las normas de recogida de residuos urbanos en la localidad, con la finalidad de mantener las calles y los contenedores limpios.\" width=\"564\" height=\"401\" srcset=\"https:\/\/www.tucomarca.com\/wordpress\/segunda\/wp-content\/uploads\/2019\/08\/Cartel_RSU.jpg 1207w, https:\/\/www.tucomarca.com\/wordpress\/segunda\/wp-content\/uploads\/2019\/08\/Cartel_RSU-300x213.jpg 300w, https:\/\/www.tucomarca.com\/wordpress\/segunda\/wp-content\/uploads\/2019\/08\/Cartel_RSU-768x546.jpg 768w, https:\/\/www.tucomarca.com\/wordpress\/segunda\/wp-content\/uploads\/2019\/08\/Cartel_RSU-1024x728.jpg 1024w\" sizes=\"auto, (max-width: 564px) 100vw, 564px\" \/><\/p>\n<p>Dentro de la campa\u00f1a #ChesteCu\u00eddalo, la concejal\u00eda de Servicios Municipales ha publicado un recordatorio con las normas de recogida de residuos urbanos en la localidad, con la finalidad de mantener las calles y los contenedores limpios.Dentro de la campa\u00f1a #ChesteCu\u00eddalo, la concejal\u00eda de Servicios Municipales ha publicado un recordatorio con las normas de recogida de residuos urbanos en la localidad, con la finalidad de mantener las calles y los contenedores limpios.<\/p>\n<p>\u201cEs importante que los vecinos y vecinas tengan en cuenta cu\u00e1les son los residuos que se deben depositan en cada contenedor y que respeten los horarios estipulados para facilitar la recogida de basura por parte de la empresa que lleva a cabo el servicio y para evitar que queden restos de basura acumulados durante el d\u00eda. De esta forma, con la colaboraci\u00f3n de todos y todas, mantendremos un pueblo m\u00e1s limpio\u201d, ha declarado el concejal de Servicios, Jos\u00e9 Vicente Guijarro. \u201cAdem\u00e1s, recordamos a la poblaci\u00f3n que los enseres o trastos deben llevarse al ecoparque. En caso de no poder llevarlos, se puede solicitar el servicio de recogida a domicilio, que se efect\u00faa los mi\u00e9rcoles, previo aviso en el Ayuntamiento, llamando al 962510015\u201d.<\/p>\n<p>La campa\u00f1a informa de que los residuos que deben depositarse en los contenedores grises son restos de comida, cer\u00e1mica y porcelana, residuos sanitarios o higi\u00e9nicos, residuos de limpieza dom\u00e9stica, papel y cart\u00f3n sucios y vasos, copas u otros objetos de cristal; el vidrio debe depositarse en los contenedores de reciclaje de Ecovidrio.<\/p>\n<p>La recogida de residuos no reciclables se realiza de domingo a viernes, a partir de las 22 horas.<\/p>\n","protected":false},"excerpt":{"rendered":"<div class=\"mh-excerpt\">Dentro de la campa\u00f1a #ChesteCu\u00eddalo, la concejal\u00eda de Servicios Municipales ha publicado un recordatorio con las normas de recogida de residuos urbanos en la localidad, con la finalidad de mantener las calles y los contenedores <a class=\"mh-excerpt-more\" href=\"https:\/\/www.tucomarca.com\/wordpress\/segunda\/la-concejalia-de-servicios-de-cheste-recuerda-a-la-poblacion-la-normativa-de-recogida-de-residuos-urbanos\/\" title=\"La concejal\u00eda de Servicios de Cheste recuerda a la poblaci\u00f3n la normativa de recogida de residuos urbanos\">[+] <\/a><\/div>\n","protected":false},"author":1,"featured_media":90041,"comment_status":"open","ping_status":"open","sticky":false,"template":"","format":"standard","meta":{"footnotes":""},"categories":[17,8,10,3],"tags":[339,5952],"class_list":{"0":"post-90038","1":"post","2":"type-post","3":"status-publish","4":"format-standard","5":"has-post-thumbnail","7":"category-cheste","8":"category-la-comarca","9":"category-la-hoya","10":"category-seccion","11":"tag-cheste-2","12":"tag-la-hoya-de-bunol-chiva"},"_links":{"self":[{"href":"https:\/\/www.tucomarca.com\/wordpress\/segunda\/wp-json\/wp\/v2\/posts\/90038","targetHints":{"allow":["GET"]}}],"collection":[{"href":"https:\/\/www.tucomarca.com\/wordpress\/segunda\/wp-json\/wp\/v2\/posts"}],"about":[{"href":"https:\/\/www.tucomarca.com\/wordpress\/segunda\/wp-json\/wp\/v2\/types\/post"}],"author":[{"embeddable":true,"href":"https:\/\/www.tucomarca.com\/wordpress\/segunda\/wp-json\/wp\/v2\/users\/1"}],"replies":[{"embeddable":true,"href":"https:\/\/www.tucomarca.com\/wordpress\/segunda\/wp-json\/wp\/v2\/comments?post=90038"}],"version-history":[{"count":0,"href":"https:\/\/www.tucomarca.com\/wordpress\/segunda\/wp-json\/wp\/v2\/posts\/90038\/revisions"}],"wp:featuredmedia":[{"embeddable":true,"href":"https:\/\/www.tucomarca.com\/wordpress\/segunda\/wp-json\/wp\/v2\/media\/90041"}],"wp:attachment":[{"href":"https:\/\/www.tucomarca.com\/wordpress\/segunda\/wp-json\/wp\/v2\/media?parent=90038"}],"wp:term":[{"taxonomy":"category","embeddable":true,"href":"https:\/\/www.tucomarca.com\/wordpress\/segunda\/wp-json\/wp\/v2\/categories?post=90038"},{"taxonomy":"post_tag","embeddable":true,"href":"https:\/\/www.tucomarca.com\/wordpress\/segunda\/wp-json\/wp\/v2\/tags?post=90038"}],"curies":[{"name":"wp","href":"https:\/\/api.w.org\/{rel}","templated":true}]}}