{"id":9006,"date":"2012-11-14T12:59:03","date_gmt":"2012-11-14T11:59:03","guid":{"rendered":"http:\/\/www.tucomarca.com\/wordpress\/segunda\/?p=9006"},"modified":"2012-11-14T12:59:03","modified_gmt":"2012-11-14T11:59:03","slug":"catorce-detenidos-y-un-agente-herido-en-valencia-en-las-primeras-horas-de-la-huelga-general-del-14n","status":"publish","type":"post","link":"https:\/\/www.tucomarca.com\/wordpress\/segunda\/catorce-detenidos-y-un-agente-herido-en-valencia-en-las-primeras-horas-de-la-huelga-general-del-14n\/","title":{"rendered":"Catorce detenidos y un agente herido en Valencia en las primeras horas de la Huelga General del 14N"},"content":{"rendered":"<p>Tal como han informado desde la Delegaci\u00f3n de Gobierno, la Polic\u00eda Nacional ha detenido a 10 personas en Valencia que formaban  parte de un piquete informativo que ha cortado el tr\u00e1fico en la Avenida  de Tarongers de la ciudad, tras un altercado con la polic\u00eda, en el que  ha resultado herido un agente.<\/p>\n<p>Seg\u00fan Delegaci\u00f3n del Gobierno, el  altercado se produjo sobre las 7,40 horas cuando un grupo de unas 70  personas de un piquete \u2014al parecer estudiantes\u2014 cort\u00f3 el tr\u00e1fico de la avenida de Tarongers y se  enfrent\u00f3 con los agentes de la Polic\u00eda Nacional lanz\u00e1ndoles piedras y  vallas. A consecuencia del enfrentamiento un polic\u00eda ha resultado  herido. Estos altercados se suman a distintos  contenedores que hab\u00edan sido incendiados en esa zona universitaria.<\/p>\n<p>Adem\u00e1s, tambi\u00e9n han sido arrestadas otras  personas tres personas que participaban en un piquete informativo en la  calle B\u00e9lgica por lanzar vallas contra los agentes.<\/p>\n<p>Con  estas detenciones, ya son catorce las personas detenidas por altercados  con la polic\u00eda a consecuencia de la huelga general.<\/p>\n","protected":false},"excerpt":{"rendered":"<div class=\"mh-excerpt\">Tal como han informado desde la Delegaci\u00f3n de Gobierno, la Polic\u00eda Nacional ha detenido a 10 personas en Valencia que formaban parte de un piquete informativo que ha cortado el tr\u00e1fico en la Avenida de <a class=\"mh-excerpt-more\" href=\"https:\/\/www.tucomarca.com\/wordpress\/segunda\/catorce-detenidos-y-un-agente-herido-en-valencia-en-las-primeras-horas-de-la-huelga-general-del-14n\/\" title=\"Catorce detenidos y un agente herido en Valencia en las primeras horas de la Huelga General del 14N\">[+] <\/a><\/div>\n","protected":false},"author":1,"featured_media":0,"comment_status":"open","ping_status":"open","sticky":false,"template":"","format":"standard","meta":{"footnotes":""},"categories":[8,72,10,3,116],"tags":[],"class_list":{"0":"post-9006","1":"post","2":"type-post","3":"status-publish","4":"format-standard","6":"category-la-comarca","7":"category-sin-categorizar","8":"category-la-hoya","9":"category-seccion","10":"category-sucesos-la-comarca"},"_links":{"self":[{"href":"https:\/\/www.tucomarca.com\/wordpress\/segunda\/wp-json\/wp\/v2\/posts\/9006","targetHints":{"allow":["GET"]}}],"collection":[{"href":"https:\/\/www.tucomarca.com\/wordpress\/segunda\/wp-json\/wp\/v2\/posts"}],"about":[{"href":"https:\/\/www.tucomarca.com\/wordpress\/segunda\/wp-json\/wp\/v2\/types\/post"}],"author":[{"embeddable":true,"href":"https:\/\/www.tucomarca.com\/wordpress\/segunda\/wp-json\/wp\/v2\/users\/1"}],"replies":[{"embeddable":true,"href":"https:\/\/www.tucomarca.com\/wordpress\/segunda\/wp-json\/wp\/v2\/comments?post=9006"}],"version-history":[{"count":0,"href":"https:\/\/www.tucomarca.com\/wordpress\/segunda\/wp-json\/wp\/v2\/posts\/9006\/revisions"}],"wp:attachment":[{"href":"https:\/\/www.tucomarca.com\/wordpress\/segunda\/wp-json\/wp\/v2\/media?parent=9006"}],"wp:term":[{"taxonomy":"category","embeddable":true,"href":"https:\/\/www.tucomarca.com\/wordpress\/segunda\/wp-json\/wp\/v2\/categories?post=9006"},{"taxonomy":"post_tag","embeddable":true,"href":"https:\/\/www.tucomarca.com\/wordpress\/segunda\/wp-json\/wp\/v2\/tags?post=9006"}],"curies":[{"name":"wp","href":"https:\/\/api.w.org\/{rel}","templated":true}]}}