{"id":9008,"date":"2012-11-14T13:15:09","date_gmt":"2012-11-14T12:15:09","guid":{"rendered":"http:\/\/www.tucomarca.com\/wordpress\/segunda\/?p=9008"},"modified":"2012-11-14T13:15:09","modified_gmt":"2012-11-14T12:15:09","slug":"gobernacion-destaca-la-%c2%abnormalidad-y-el-cumplimiento-de-los-servicios-minimos%c2%bb-durante-la-huelga-general-de-hoy","status":"publish","type":"post","link":"https:\/\/www.tucomarca.com\/wordpress\/segunda\/gobernacion-destaca-la-%c2%abnormalidad-y-el-cumplimiento-de-los-servicios-minimos%c2%bb-durante-la-huelga-general-de-hoy\/","title":{"rendered":"Gobernaci\u00f3n destaca la \u00abnormalidad y el cumplimiento de los servicios m\u00ednimos\u00bb durante la huelga general de hoy"},"content":{"rendered":"<figure id=\"attachment_9009\" aria-describedby=\"caption-attachment-9009\" style=\"width: 300px\" class=\"wp-caption alignleft\"><a href=\"https:\/\/www.tucomarca.com\/wordpress\/segunda\/wp-content\/uploads\/2012\/11\/HuelgaGeneral14N.jpg\"><img loading=\"lazy\" decoding=\"async\" class=\"size-medium wp-image-9009\" title=\"HuelgaGeneral14N\" src=\"https:\/\/www.tucomarca.com\/wordpress\/segunda\/wp-content\/uploads\/2012\/11\/HuelgaGeneral14N-300x260.jpg\" alt=\"Seraf\u00edn Castellano durante la rueda de prensa ofrecida esta ma\u00f1ana.\" width=\"300\" height=\"260\" srcset=\"https:\/\/www.tucomarca.com\/wordpress\/segunda\/wp-content\/uploads\/2012\/11\/HuelgaGeneral14N-300x260.jpg 300w, https:\/\/www.tucomarca.com\/wordpress\/segunda\/wp-content\/uploads\/2012\/11\/HuelgaGeneral14N-1024x887.jpg 1024w\" sizes=\"auto, (max-width: 300px) 100vw, 300px\" \/><\/a><figcaption id=\"caption-attachment-9009\" class=\"wp-caption-text\">Seraf\u00edn Castellano durante la rueda de prensa ofrecida esta ma\u00f1ana.<\/figcaption><\/figure>\n<p>El conseller de Gobernaci\u00f3n, Seraf\u00edn Castellano, ha informado de que, hasta las 10,00 horas de hoy se ha cumplido \u00abal 100% todos los servicios m\u00ednimos pactados con motivo de la huelga general convocada para hoy\u00bb y ha a\u00f1adido que \u00abla normalidad y la tranquilidad est\u00e1n siendo la t\u00f3nica general\u00bb.<\/p>\n<p>Asimismo, ha resaltado que los datos de esta jornada de huelga general, hasta el momento, \u00abson similares o inferiores a la pasada huelga general celebrada el 29 de marzo de este a\u00f1o\u00bb.<\/p>\n<p>Respecto a incidentes gestionados por\u00a0 el tel\u00e9fono de emergencias \u2018112 Comunitat Valenciana\u2019, Castellano ha comentado que ascienden a 36 incidentes relacionados directamente con la huelga, entre las 00 horas y las 10,00 horas de hoy, mientras que el servicio de emergencias ha recibido un total de 60 llamadas.<\/p>\n<p>Otro indicador indirecto del impacto de la huelga es el descenso del consumo energ\u00e9tico. A este respecto, ha resaltado que hasta las 8 horas, \u00abel descenso medio era de un 3% respecto a un d\u00eda ordinario, 3 puntos menos respecto al consumo medio registrado en la huelga de marzo, que fue del 6,7%\u00bb, ha matizado el conseller de Gobernaci\u00f3n.<\/p>\n<p>En cuanto al seguimiento en Educaci\u00f3n, el total en Infantil ha sido secundado por un 14,97%, en concreto en Educaci\u00f3n Infantil P\u00fablica el porcentaje asciende al 18,1% y en Educaci\u00f3n Infantil Privada\/Concertada 1,66%. En cuanto a Educaci\u00f3n Primaria, el total asciende al 15,09%, siendo secundada la huelga en un 19,26% en Primaria P\u00fablica y de un 2,38% en Educaci\u00f3n Primaria Privada\/Concertada.<\/p>\n<p>Por \u00faltimo, un 12,36% de los docentes de Educaci\u00f3n Secundaria ha apoyado la huelga, de los que un 14,41% pertenecen a Educaci\u00f3n Secundaria P\u00fablica 14,41% y el 2,98% a Educaci\u00f3n Secundaria Privada\/Concertada 2,98%.<\/p>\n<p>Respecto a los datos del sector sanitario, s\u00f3lo el 16\u201986% de los trabajadores de instituciones sanitarias ha secundado la huelga general.<\/p>\n<p>En todos los centros dependientes de la conselleria de Sanitat en Castell\u00f3n, el seguimiento ha sido del 12\u201917%, en Valencia ha sido del 19\u201982%, y en la provincia de Alicante, el \u00edndice de participaci\u00f3n del personal en la huelga ha sido un 14\u201920%.<\/p>\n<p>Tambi\u00e9n se ha destacado desde Gobernaci\u00f3n que los servicios del Centro de Informaci\u00f3n y Coordinaci\u00f3n de Urgencias (CICU), por su condici\u00f3n de servicio esencial, han estado operativos\u00a0 al 100%. Tampoco han realizado huelga las ambulancias.<\/p>\n<p><strong>Datos descentralizados por departamentos de Salud<\/strong><\/p>\n<p>Respecto al seguimiento de la huelga en cada uno de los departamentos de salud, la incidencia ha sido del 9\u20193% en Vinar\u00f2s, 12\u201963% en Castell\u00f3n, 9\u201923% en la Plana, 29\u201941% en Sagunt, 23\u201926% en Cl\u00ednico-Malvarrosa, 22\u201927% en Arnau de Vilanova-Ll\u00edra, 22\u201951% Valencia-La Fe, 9\u201979% Manises, 15\u201941% Requena, 18\u201951% Valencia-Hospital General, 22\u201903% Valencia-Doctor Peset, 5\u201981% La Ribera, 16\u201903% Gandia, 15\u201987% Denia, 15\u201929% X\u00e0tiva-Ontinyent, 16\u201942% Alcoy, 8\u201938% la Marina Baixa, 17\u201973% Alicante-Sant Joan, 18\u201904% Elda, 17\u201972% Alicante-Hospital General, 22\u201978% Elche-Hospital General, 2\u201994% Vinalop\u00f3, 9\u201905% la Vega Baja, 0\u201996% Torrevieja.<\/p>\n<p>As\u00ed pues, el 20,99% del personal ha secundado la huelga en los grandes hospitales, en los Departamentos de atenci\u00f3n hospitalaria la cifra asciende al 16,46% mientras que en Atenci\u00f3n Primaria es del 17,50%; en Hospitales cr\u00f3nicos y larga estancia del 21,50%; en los Centros de Transfusi\u00f3n del 20,77%; en Inspecci\u00f3n Sanitaria del 15,58% y en los Centros de Salud P\u00fablica del 22,91%.<\/p>\n<p><strong>Administraci\u00f3n P\u00fablica y otros<\/strong><\/p>\n<p>Castellano ha explicado que en la Administraci\u00f3n P\u00fablica el \u00edndice de participaci\u00f3n de la huelga ha sido del 24,09% de personal funcionario, un 18,03 de personal laboral y un 19,86% el personal de Justicia.<\/p>\n<p>En cuanto al transporte, el seguimiento de la huelga ha sido de un 95% de FGV en Valencia y de un 88% en el TRAM de Alicante.<\/p>\n<p>Respecto a las empresas p\u00fablicas, el seguimiento de la huelga es de un 25,78% en el Instituto Valenciano de la Vivienda, un 19,51% en VAERSA, un 74% en la Agencia Valenciana de Movilidad, un 3,45% de la Agencia Valenciana de la Energ\u00eda y un 42,43% del Instituto de Seguridad y Promoci\u00f3n Industrial Valenciana (SEPIVA).<\/p>\n<p><strong>Entes culturales<\/strong><\/p>\n<p>Respecto a los entres culturales de la Generalitat el seguimiento de la huelga ha sido el siguiente: Teatres de la Generalitat un\u00a0 40%; Insituto Valenciano de Arte Moderno un 55,88%; la Agencia Valenciana del Turismo un\u00a0 13,86%; en el Instituto Valenciano del Audiovisual \u2018Ricardo Mu\u00f1oz Suay\u2019 un 86,96%; en el Instituto Valenciano de la M\u00fasica un 44,60%; en el Instituto Valenciano de Conservaci\u00f3n y Regulaci\u00f3n de Bienes culturales un 19,7%; el el Consell Valenci\u00e0 de l\u2019Esport un 30% y en la Ciudad de las Artes y las Ciencias de un 16%.<\/p>\n<p>Por \u00faltimo, Seraf\u00edn Castellano ha insistido en que la jornada transcurre con \u00abnormalidad\u00bb y ha comentado que la Generalitat est\u00e1 \u00abcolaborando muy estrechamente con la Delegaci\u00f3n del Gobierno en la Comunitat Valenciana respecto al seguimiento de esta huelga general\u00bb y ha afirmado que se va a seguir trabajando \u00abpara garantizar los derechos de todos los ciudadanos, tanto los que se est\u00e1n manifestando, como los que han optado por acudir a sus puestos de trabajo\u00bb.<\/p>\n","protected":false},"excerpt":{"rendered":"<div class=\"mh-excerpt\">El conseller de Gobernaci\u00f3n, Seraf\u00edn Castellano, ha informado de que, hasta las 10,00 horas de hoy se ha cumplido \u00abal 100% todos los servicios m\u00ednimos pactados con motivo de la huelga general convocada para hoy\u00bb <a class=\"mh-excerpt-more\" href=\"https:\/\/www.tucomarca.com\/wordpress\/segunda\/gobernacion-destaca-la-%c2%abnormalidad-y-el-cumplimiento-de-los-servicios-minimos%c2%bb-durante-la-huelga-general-de-hoy\/\" title=\"Gobernaci\u00f3n destaca la \u00abnormalidad y el cumplimiento de los servicios m\u00ednimos\u00bb durante la huelga general de hoy\">[+] <\/a><\/div>\n","protected":false},"author":1,"featured_media":9009,"comment_status":"open","ping_status":"open","sticky":false,"template":"","format":"standard","meta":{"footnotes":""},"categories":[8,72,10,3,45],"tags":[],"class_list":{"0":"post-9008","1":"post","2":"type-post","3":"status-publish","4":"format-standard","5":"has-post-thumbnail","7":"category-la-comarca","8":"category-sin-categorizar","9":"category-la-hoya","10":"category-seccion","11":"category-ventana"},"_links":{"self":[{"href":"https:\/\/www.tucomarca.com\/wordpress\/segunda\/wp-json\/wp\/v2\/posts\/9008","targetHints":{"allow":["GET"]}}],"collection":[{"href":"https:\/\/www.tucomarca.com\/wordpress\/segunda\/wp-json\/wp\/v2\/posts"}],"about":[{"href":"https:\/\/www.tucomarca.com\/wordpress\/segunda\/wp-json\/wp\/v2\/types\/post"}],"author":[{"embeddable":true,"href":"https:\/\/www.tucomarca.com\/wordpress\/segunda\/wp-json\/wp\/v2\/users\/1"}],"replies":[{"embeddable":true,"href":"https:\/\/www.tucomarca.com\/wordpress\/segunda\/wp-json\/wp\/v2\/comments?post=9008"}],"version-history":[{"count":0,"href":"https:\/\/www.tucomarca.com\/wordpress\/segunda\/wp-json\/wp\/v2\/posts\/9008\/revisions"}],"wp:featuredmedia":[{"embeddable":true,"href":"https:\/\/www.tucomarca.com\/wordpress\/segunda\/wp-json\/wp\/v2\/media\/9009"}],"wp:attachment":[{"href":"https:\/\/www.tucomarca.com\/wordpress\/segunda\/wp-json\/wp\/v2\/media?parent=9008"}],"wp:term":[{"taxonomy":"category","embeddable":true,"href":"https:\/\/www.tucomarca.com\/wordpress\/segunda\/wp-json\/wp\/v2\/categories?post=9008"},{"taxonomy":"post_tag","embeddable":true,"href":"https:\/\/www.tucomarca.com\/wordpress\/segunda\/wp-json\/wp\/v2\/tags?post=9008"}],"curies":[{"name":"wp","href":"https:\/\/api.w.org\/{rel}","templated":true}]}}