{"id":9012,"date":"2012-11-14T17:37:51","date_gmt":"2012-11-14T16:37:51","guid":{"rendered":"http:\/\/www.tucomarca.com\/wordpress\/segunda\/?p=9012"},"modified":"2012-11-14T17:37:51","modified_gmt":"2012-11-14T16:37:51","slug":"la-mancomunidad-del-interior-tierra-del-vino-convoca-un-concurso-para-el-diseno-del-logotipo-territorio-bobal","status":"publish","type":"post","link":"https:\/\/www.tucomarca.com\/wordpress\/segunda\/la-mancomunidad-del-interior-tierra-del-vino-convoca-un-concurso-para-el-diseno-del-logotipo-territorio-bobal\/","title":{"rendered":"La Mancomunidad del Interior Tierra del Vino convoca un concurso para el dise\u00f1o del logotipo Territorio Bobal"},"content":{"rendered":"<div>\n<p>La Mancomunidad del Interior Tierra del Vino ha convocado un concurso para el dise\u00f1o de un logotipo para la <em>Asociaci\u00f3n Paisaje<\/em><em>Cultural<\/em><em>de la Vid y el Vino. Territorio Bobal. <\/em><\/p>\n<p>Esta Asociaci\u00f3n de \u00e1mbito comarcal, inscrita en el Registro  deAsociaciones de la Comunidad Valenciana el pasado mes de junio,  persigue entre sus fines:<\/p>\n<ol>\n<li>Defensa de los valores paisaj\u00edsticos del \u00e1mbito de la asociaci\u00f3n  (municipios de la D.O.P. Utiel-Requena), fundamentalmente los asociados a  la vid y el vino.<\/li>\n<li>Defensa del patrimonio cultural, art\u00edstico, etnogr\u00e1fico,  arqueol\u00f3gico, agr\u00edcola, natural y urban\u00edstico asociado a la cultura del  vino en el \u00e1mbito de actuaci\u00f3n.<\/li>\n<li>Fomento de la puesta en valor del patrimonio material e inmaterial asociado a la cultura del vino.<\/li>\n<li>Fomento del inter\u00e9s de la poblaci\u00f3n del \u00e1mbito de la asociaci\u00f3n por la cultura del vino en todas sus manifestaciones.<\/li>\n<li>Fomento de la participaci\u00f3n ciudadana y\/o el voluntariado en la preservaci\u00f3n y difusi\u00f3n de la cultura del vino.<\/li>\n<li>Protecci\u00f3n y fomento del cultivo de la vid.<\/li>\n<li>Protecci\u00f3n, fomento y puesta en valor de la bobal, nuestra variedad aut\u00f3ctona.<\/li>\n<li>Fomento del enoturismo.<\/li>\n<\/ol>\n<p>Y para eso tiene previsto llevar a cabo diferentes actividades,  siendo una de las principales el apoyo a la candidatura UNESCO de  declaraci\u00f3n del territorio de la D.O.P. Utiel-Requena como Paisaje  Cultural de la Vid y el Vino.<\/p>\n<p>Todas aquellas personas interesadas en participar en este concurso pueden leer las bases en el apartado <em>Tabl\u00f3n de Anuncios<\/em>. El plazo de presentaci\u00f3n finaliza el pr\u00f3ximo d\u00eda 9 de noviembre a las 14 horas.<\/p>\n<\/div>\n","protected":false},"excerpt":{"rendered":"<div class=\"mh-excerpt\">La Mancomunidad del Interior Tierra del Vino ha convocado un concurso para el dise\u00f1o de un logotipo para la Asociaci\u00f3n PaisajeCulturalde la Vid y el Vino. Territorio Bobal. Esta Asociaci\u00f3n de \u00e1mbito comarcal, inscrita en <a class=\"mh-excerpt-more\" href=\"https:\/\/www.tucomarca.com\/wordpress\/segunda\/la-mancomunidad-del-interior-tierra-del-vino-convoca-un-concurso-para-el-diseno-del-logotipo-territorio-bobal\/\" title=\"La Mancomunidad del Interior Tierra del Vino convoca un concurso para el dise\u00f1o del logotipo Territorio Bobal\">[+] <\/a><\/div>\n","protected":false},"author":1,"featured_media":0,"comment_status":"open","ping_status":"open","sticky":false,"template":"","format":"standard","meta":{"footnotes":""},"categories":[4,169,8,117,27,3],"tags":[],"class_list":{"0":"post-9012","1":"post","2":"type-post","3":"status-publish","4":"format-standard","6":"category-agenda","7":"category-agricultura-la-comarca","8":"category-la-comarca","9":"category-medio-ambiente-la-comarca","10":"category-requena-utiel","11":"category-seccion"},"_links":{"self":[{"href":"https:\/\/www.tucomarca.com\/wordpress\/segunda\/wp-json\/wp\/v2\/posts\/9012","targetHints":{"allow":["GET"]}}],"collection":[{"href":"https:\/\/www.tucomarca.com\/wordpress\/segunda\/wp-json\/wp\/v2\/posts"}],"about":[{"href":"https:\/\/www.tucomarca.com\/wordpress\/segunda\/wp-json\/wp\/v2\/types\/post"}],"author":[{"embeddable":true,"href":"https:\/\/www.tucomarca.com\/wordpress\/segunda\/wp-json\/wp\/v2\/users\/1"}],"replies":[{"embeddable":true,"href":"https:\/\/www.tucomarca.com\/wordpress\/segunda\/wp-json\/wp\/v2\/comments?post=9012"}],"version-history":[{"count":0,"href":"https:\/\/www.tucomarca.com\/wordpress\/segunda\/wp-json\/wp\/v2\/posts\/9012\/revisions"}],"wp:attachment":[{"href":"https:\/\/www.tucomarca.com\/wordpress\/segunda\/wp-json\/wp\/v2\/media?parent=9012"}],"wp:term":[{"taxonomy":"category","embeddable":true,"href":"https:\/\/www.tucomarca.com\/wordpress\/segunda\/wp-json\/wp\/v2\/categories?post=9012"},{"taxonomy":"post_tag","embeddable":true,"href":"https:\/\/www.tucomarca.com\/wordpress\/segunda\/wp-json\/wp\/v2\/tags?post=9012"}],"curies":[{"name":"wp","href":"https:\/\/api.w.org\/{rel}","templated":true}]}}