{"id":9016,"date":"2012-11-14T14:23:10","date_gmt":"2012-11-14T13:23:10","guid":{"rendered":"http:\/\/www.tucomarca.com\/wordpress\/segunda\/?p=9016"},"modified":"2012-11-14T14:52:45","modified_gmt":"2012-11-14T13:52:45","slug":"la-jornada-de-huelga-transcurre-%c2%abcon-normalidad-y-sin-incidentes-de-relevancia%c2%bb-segun-gobernacion","status":"publish","type":"post","link":"https:\/\/www.tucomarca.com\/wordpress\/segunda\/la-jornada-de-huelga-transcurre-%c2%abcon-normalidad-y-sin-incidentes-de-relevancia%c2%bb-segun-gobernacion\/","title":{"rendered":"La jornada de huelga transcurre \u00abcon normalidad y sin incidentes de relevancia\u00bb, seg\u00fan Gobernaci\u00f3n"},"content":{"rendered":"<p>La normalidad sigue siendo la t\u00f3nica dominante de la jornada de huelga general. Hasta las 12.30 horas se han cumplido al 100% todos los servicios m\u00ednimos pactados y no se han registrado incidentes de relevancia, tal como han informado desde Gobernaci\u00f3n.<\/p>\n<p>Respecto a las cifras del seguimiento de la huelga se mantienen en t\u00e9rminos muy similares, excepto en el sector de Educaci\u00f3n que se incrementa respecto a los datos provisionales ofrecidos a las 10:00 horas de la ma\u00f1ana hasta el 24,58% (29,31% en Educaci\u00f3n Primaria y 5,53% en Educaci\u00f3n Privada\/Concertada) y Funci\u00f3n P\u00fablica que se reducen ligeramente.<\/p>\n<p>Por provincias, en Castell\u00f3n la media en Educaci\u00f3n es de un 22,02% (Educaci\u00f3n P\u00fablica un 25,07% y en Educaci\u00f3n Privada\/Concertada 1,79%); en Alicante el seguimiento asciende a un total del 23,75%, del que el 26,96% corresponde a Educaci\u00f3n P\u00fablica y el 4,63% a Educaci\u00f3n Privada\/Concertada).<\/p>\n<p>Un 25,82% de los docentes siguen la huelga en la provincia de Valencia, perteneciendo un 32,48% a la Educaci\u00f3n P\u00fablica y un 6,40 a la Educaci\u00f3n Privada\/Concertada.<\/p>\n<p>Asimismo, en cuanto a los datos de seguimiento de la huelga a las 12:30 horas en el sector de la Administraci\u00f3n P\u00fablica el 21,49% son personal funcionarial, un 17,27% personal laboral y un 22,01% personal de Justicia.<\/p>\n<p>Sobre datos de consumo el\u00e9ctrico, la bajada del consumo el\u00e9ctrico acumulado hasta las 11:00 horas es del 6%.<\/p>\n<p>Hasta las 12.30 horas, el tel\u00e9fono de emergencias \u2018112 Comunitat Valenciana\u2019 ha registrado 42 incidentes relacionados directamente con la huelga y ha recibido un total de 70 llamadas.<\/p>\n<p>Por \u00faltimo, el resto de sectores como Sanidad, Transportes, Empresas P\u00fablicas y entes culturales se mantienen en los mismos porcentajes que los ofrecidos a las 11:00 horas de hoy.<\/p>\n","protected":false},"excerpt":{"rendered":"<div class=\"mh-excerpt\">La normalidad sigue siendo la t\u00f3nica dominante de la jornada de huelga general. Hasta las 12.30 horas se han cumplido al 100% todos los servicios m\u00ednimos pactados y no se han registrado incidentes de relevancia, <a class=\"mh-excerpt-more\" href=\"https:\/\/www.tucomarca.com\/wordpress\/segunda\/la-jornada-de-huelga-transcurre-%c2%abcon-normalidad-y-sin-incidentes-de-relevancia%c2%bb-segun-gobernacion\/\" title=\"La jornada de huelga transcurre \u00abcon normalidad y sin incidentes de relevancia\u00bb, seg\u00fan Gobernaci\u00f3n\">[+] <\/a><\/div>\n","protected":false},"author":1,"featured_media":0,"comment_status":"open","ping_status":"open","sticky":false,"template":"","format":"standard","meta":{"footnotes":""},"categories":[8,72,10,3],"tags":[],"class_list":{"0":"post-9016","1":"post","2":"type-post","3":"status-publish","4":"format-standard","6":"category-la-comarca","7":"category-sin-categorizar","8":"category-la-hoya","9":"category-seccion"},"_links":{"self":[{"href":"https:\/\/www.tucomarca.com\/wordpress\/segunda\/wp-json\/wp\/v2\/posts\/9016","targetHints":{"allow":["GET"]}}],"collection":[{"href":"https:\/\/www.tucomarca.com\/wordpress\/segunda\/wp-json\/wp\/v2\/posts"}],"about":[{"href":"https:\/\/www.tucomarca.com\/wordpress\/segunda\/wp-json\/wp\/v2\/types\/post"}],"author":[{"embeddable":true,"href":"https:\/\/www.tucomarca.com\/wordpress\/segunda\/wp-json\/wp\/v2\/users\/1"}],"replies":[{"embeddable":true,"href":"https:\/\/www.tucomarca.com\/wordpress\/segunda\/wp-json\/wp\/v2\/comments?post=9016"}],"version-history":[{"count":0,"href":"https:\/\/www.tucomarca.com\/wordpress\/segunda\/wp-json\/wp\/v2\/posts\/9016\/revisions"}],"wp:attachment":[{"href":"https:\/\/www.tucomarca.com\/wordpress\/segunda\/wp-json\/wp\/v2\/media?parent=9016"}],"wp:term":[{"taxonomy":"category","embeddable":true,"href":"https:\/\/www.tucomarca.com\/wordpress\/segunda\/wp-json\/wp\/v2\/categories?post=9016"},{"taxonomy":"post_tag","embeddable":true,"href":"https:\/\/www.tucomarca.com\/wordpress\/segunda\/wp-json\/wp\/v2\/tags?post=9016"}],"curies":[{"name":"wp","href":"https:\/\/api.w.org\/{rel}","templated":true}]}}