{"id":90179,"date":"2019-08-06T14:53:11","date_gmt":"2019-08-06T12:53:11","guid":{"rendered":"http:\/\/www.tucomarca.com\/wordpress\/segunda\/?p=90179"},"modified":"2019-08-06T14:53:11","modified_gmt":"2019-08-06T12:53:11","slug":"comienzan-los-preparativos-para-recibir-a-la-vuelta-ciclista-en-leliana","status":"publish","type":"post","link":"https:\/\/www.tucomarca.com\/wordpress\/segunda\/comienzan-los-preparativos-para-recibir-a-la-vuelta-ciclista-en-leliana\/","title":{"rendered":"Comienzan los preparativos para recibir a la Vuelta Ciclista en l\u2019Eliana"},"content":{"rendered":"<figure id=\"attachment_90180\" aria-describedby=\"caption-attachment-90180\" style=\"width: 588px\" class=\"wp-caption alignnone\"><img loading=\"lazy\" decoding=\"async\" class=\" wp-image-90180\" src=\"https:\/\/www.tucomarca.com\/wordpress\/segunda\/wp-content\/uploads\/2019\/08\/1-Callesrecorridoy-onascerradas.jpg\" alt=\"La 5\u00aa etapa de la Vuelta Ciclista realizar\u00e1 su recorrido controlado por el casco urbano del municipio\" width=\"588\" height=\"374\" srcset=\"https:\/\/www.tucomarca.com\/wordpress\/segunda\/wp-content\/uploads\/2019\/08\/1-Callesrecorridoy-onascerradas.jpg 2409w, https:\/\/www.tucomarca.com\/wordpress\/segunda\/wp-content\/uploads\/2019\/08\/1-Callesrecorridoy-onascerradas-300x191.jpg 300w, https:\/\/www.tucomarca.com\/wordpress\/segunda\/wp-content\/uploads\/2019\/08\/1-Callesrecorridoy-onascerradas-768x488.jpg 768w, https:\/\/www.tucomarca.com\/wordpress\/segunda\/wp-content\/uploads\/2019\/08\/1-Callesrecorridoy-onascerradas-1024x651.jpg 1024w\" sizes=\"auto, (max-width: 588px) 100vw, 588px\" \/><figcaption id=\"caption-attachment-90180\" class=\"wp-caption-text\">La 5\u00aa etapa de la Vuelta Ciclista realizar\u00e1 su recorrido controlado por el casco urbano del municipio<\/figcaption><\/figure>\n<p>Ante la magnitud del evento deportivo y con vistas a prevenir cualquier problema, la Polic\u00eda Local de l\u2019Eliana ha comenzado a se\u00f1alizar aquellas zonas en las que los d\u00edas 27 y 28 de agosto no podr\u00e1 haber coches aparcados con motivo de la Vuelta Ciclista. Estas acciones tienen el objetivo de mantener informados a los vecinos y vecinas de l\u2019Eliana con suficiente antelaci\u00f3n, teniendo en cuenta las fechas vacacionales en que nos encontramos.<span class=\"Apple-converted-space\">\u00a0<\/span><\/p>\n<p>As\u00ed, el martes 27 de agosto se comenzar\u00e1n a retirar los veh\u00edculos que permanezcan aparcados en las siguientes zonas:<\/p>\n<ul>\n<li>Calles del recorrido controlado (ver en mapa)<\/li>\n<li>Avenida de las Cortes Valencianas, desde la rotonda de la Avda. Camp de T\u00faria hasta la rotonda de la c\/ Romeral.<\/li>\n<li>Avenida Alcalde Enrique Daries, desde la c\/ Fuerzas Armadas hasta la c\/ Jazmines<\/li>\n<li>c\/ Ave Mar\u00eda, desde la c\/ Francisco Alcaide hasta c\/ Fuerzas Armadas<\/li>\n<li>c\/ Valencia, desde c\/ Francisco Alcaide hasta la Avda. Cortes Valencianas<\/li>\n<li>V\u00eda de servicio ubicada en el mercado municipal<\/li>\n<li>Aparcamiento de las Cortes<\/li>\n<\/ul>\n<p>El mi\u00e9rcoles 28 de agosto, a las 12:45h, se iniciar\u00e1 el recorrido controlado de la 5\u00aa etapa de la Vuelta Ciclista a su paso por l\u2019Eliana, con salida en la Avda. Cortes Valencianas n\u00ba.2 aproximadamente, hasta llegar al punto de salida oficial del pelot\u00f3n, ubicado en la CV-375 o Avda. la Pobla de Vallbona, a la altura de la Avda. del Recreo.<\/p>\n<p>Para la jornada se establecer\u00e1 como recinto cerrado el tramo de la Avda. de las Cortes Valencianas que va desde la c\/ Romeral hasta la Avda. Alcalde Enrique Daries, que se destinar\u00e1 a zona de ocio y montaje. <span class=\"Apple-converted-space\">\u00a0<\/span><\/p>\n<p>Por todo ello tal d\u00eda el mercado municipal permanecer\u00e1 cerrado, y las zonas de aparcamiento m\u00e1s pr\u00f3ximas al centro urbano ser\u00e1n las del polideportivo municipal, el centro deportivo Mandor, el aparcamiento de las Nieves y el de la Estaci\u00f3n, as\u00ed como las calles y zonas urbanizadas m\u00e1s cercanas (Montesol, Mas\u00eda del Pilar, Montealegre, les Taules, la Torre del Virrey, etc. ).<span class=\"Apple-converted-space\">\u00a0<\/span><\/p>\n<p>Cabe destacar que el d\u00eda 27 la Vuelta Ciclista pasar\u00e1 tambi\u00e9n por l\u2019Eliana, en concreto por la CV-336, que conecta los municipios vecinos de Riba Roja de T\u00faria y San Antonio de Benag\u00e9ber. La hora aproximada ser\u00e1 a las 15:45h.<\/p>\n","protected":false},"excerpt":{"rendered":"<div class=\"mh-excerpt\">Ante la magnitud del evento deportivo y con vistas a prevenir cualquier problema, la Polic\u00eda Local de l\u2019Eliana ha comenzado a se\u00f1alizar aquellas zonas en las que los d\u00edas 27 y 28 de agosto no <a class=\"mh-excerpt-more\" href=\"https:\/\/www.tucomarca.com\/wordpress\/segunda\/comienzan-los-preparativos-para-recibir-a-la-vuelta-ciclista-en-leliana\/\" title=\"Comienzan los preparativos para recibir a la Vuelta Ciclista en l\u2019Eliana\">[+] <\/a><\/div>\n","protected":false},"author":1,"featured_media":90180,"comment_status":"open","ping_status":"open","sticky":false,"template":"","format":"standard","meta":{"footnotes":""},"categories":[46,173,6,177,8,3],"tags":[10395,10433],"class_list":{"0":"post-90179","1":"post","2":"type-post","3":"status-publish","4":"format-standard","5":"has-post-thumbnail","7":"category-camp-de-turia","8":"category-ciclismo","9":"category-deportes","10":"category-leliana","11":"category-la-comarca","12":"category-seccion","13":"tag-camp-de-turia","14":"tag-leliana"},"_links":{"self":[{"href":"https:\/\/www.tucomarca.com\/wordpress\/segunda\/wp-json\/wp\/v2\/posts\/90179","targetHints":{"allow":["GET"]}}],"collection":[{"href":"https:\/\/www.tucomarca.com\/wordpress\/segunda\/wp-json\/wp\/v2\/posts"}],"about":[{"href":"https:\/\/www.tucomarca.com\/wordpress\/segunda\/wp-json\/wp\/v2\/types\/post"}],"author":[{"embeddable":true,"href":"https:\/\/www.tucomarca.com\/wordpress\/segunda\/wp-json\/wp\/v2\/users\/1"}],"replies":[{"embeddable":true,"href":"https:\/\/www.tucomarca.com\/wordpress\/segunda\/wp-json\/wp\/v2\/comments?post=90179"}],"version-history":[{"count":0,"href":"https:\/\/www.tucomarca.com\/wordpress\/segunda\/wp-json\/wp\/v2\/posts\/90179\/revisions"}],"wp:featuredmedia":[{"embeddable":true,"href":"https:\/\/www.tucomarca.com\/wordpress\/segunda\/wp-json\/wp\/v2\/media\/90180"}],"wp:attachment":[{"href":"https:\/\/www.tucomarca.com\/wordpress\/segunda\/wp-json\/wp\/v2\/media?parent=90179"}],"wp:term":[{"taxonomy":"category","embeddable":true,"href":"https:\/\/www.tucomarca.com\/wordpress\/segunda\/wp-json\/wp\/v2\/categories?post=90179"},{"taxonomy":"post_tag","embeddable":true,"href":"https:\/\/www.tucomarca.com\/wordpress\/segunda\/wp-json\/wp\/v2\/tags?post=90179"}],"curies":[{"name":"wp","href":"https:\/\/api.w.org\/{rel}","templated":true}]}}