{"id":90186,"date":"2019-08-06T14:32:36","date_gmt":"2019-08-06T12:32:36","guid":{"rendered":"http:\/\/www.tucomarca.com\/wordpress\/segunda\/?p=90186"},"modified":"2019-08-06T14:32:36","modified_gmt":"2019-08-06T12:32:36","slug":"la-orquesta-filarmonica-de-la-fundacion-ciudad-de-requena-celebra-el-i-concurso-maestro-collado-de-direccion-de-orquesta","status":"publish","type":"post","link":"https:\/\/www.tucomarca.com\/wordpress\/segunda\/la-orquesta-filarmonica-de-la-fundacion-ciudad-de-requena-celebra-el-i-concurso-maestro-collado-de-direccion-de-orquesta\/","title":{"rendered":"La Orquesta Filarm\u00f3nica de la Fundaci\u00f3n Ciudad de Requena celebra el I concurso \u00abMaestro Collado\u00bb de direcci\u00f3n de orquesta"},"content":{"rendered":"<figure id=\"attachment_90187\" aria-describedby=\"caption-attachment-90187\" style=\"width: 480px\" class=\"wp-caption alignnone\"><img loading=\"lazy\" decoding=\"async\" class=\" wp-image-90187\" src=\"https:\/\/www.tucomarca.com\/wordpress\/segunda\/wp-content\/uploads\/2019\/08\/RequenaORQUESTA.jpg\" alt=\"Los y las cursillistas se enfrentaron a un complicado programa con la I Sinfon\u00eda en Re M de Mahler, 'Tit\u00e1n'\" width=\"480\" height=\"345\" srcset=\"https:\/\/www.tucomarca.com\/wordpress\/segunda\/wp-content\/uploads\/2019\/08\/RequenaORQUESTA.jpg 1080w, https:\/\/www.tucomarca.com\/wordpress\/segunda\/wp-content\/uploads\/2019\/08\/RequenaORQUESTA-300x216.jpg 300w, https:\/\/www.tucomarca.com\/wordpress\/segunda\/wp-content\/uploads\/2019\/08\/RequenaORQUESTA-768x552.jpg 768w, https:\/\/www.tucomarca.com\/wordpress\/segunda\/wp-content\/uploads\/2019\/08\/RequenaORQUESTA-1024x736.jpg 1024w\" sizes=\"auto, (max-width: 480px) 100vw, 480px\" \/><figcaption id=\"caption-attachment-90187\" class=\"wp-caption-text\">Los y las cursillistas se enfrentaron a un complicado programa con la I Sinfon\u00eda en Re M de Mahler, &#8216;Tit\u00e1n&#8217;<\/figcaption><\/figure>\n<p>La Orquesta Filarm\u00f3nica de la Fundaci\u00f3n Ciudad de Requena celebr\u00f3 su primer concurso de direcci\u00f3n de orquesta &#8216;Maestro Collado&#8217;, en el que, tras una intensa deliberaci\u00f3n del jurado, se entreg\u00f3 el premio <i>ex aequo<\/i> al alicantino Pedro Grau Caselles y al castellonense Daniel Ib\u00e1\u00f1ez Barreda.<\/p>\n<p>El concurso, enmarcado dentro del X curso de direcci\u00f3n de orquesta &#8216;Ciudad de Requena&#8217;, celebrado del 22 al 26 de julio, se caracteriz\u00f3 por el alto nivel de los y las cursillistas participantes, quienes durante la semana se enfrentaron a la complicada I Sinfon\u00eda en Re M de Gustav Mahler, &#8216;Tit\u00e1n&#8217;.<\/p>\n<p>El director de la agrupaci\u00f3n y maestro del curso, Francisco Melero, se mostr\u00f3 muy satisfecho \u00abdel trabajo que m\u00fasicos y directores han realizado durante esta semana, en la que hemos podido ver c\u00f3mo, clase tras clase y ensayo tras ensayo, han ido super\u00e1ndose y solventando las dificultades a las que se enfrentaban. No solo hay que darle la enhorabuena a los dos ganadores, sino a todos y cada uno de los 9 participantes de este a\u00f1o\u00bb.<span class=\"Apple-converted-space\">\u00a0<\/span><\/p>\n<p>\u00abCon un curso que en su d\u00e9cimo aniversario ya podemos avalar como maduro y consolidado, hemos querido aportar un valor a\u00f1adido con el concurso &#8216;Maestro Collado&#8217;. Estoy convencido de que tras esta primera edici\u00f3n, el pr\u00f3ximo verano nos espera otro salto cualitativo que no va a dejar a nadie indiferente\u00bb, asegur\u00f3 Melero.<\/p>\n<p>El titular de la Filarm\u00f3nica tambi\u00e9n tuvo palabras de agradecimiento para la familia de su mentor y reconocido director valenciano, Jose Mar\u00eda Cervera Collado, en honor del cual se ha bautizado el curso. \u00abHa sido muy emotivo poder brindarle este peque\u00f1o homenaje y poder contar para ello, desde el primer momento, con el apoyo de su esposa\u00bb.<span class=\"Apple-converted-space\">\u00a0<\/span><\/p>\n<p>De igual manera, el maestro Melero agradeci\u00f3 a la Fundaci\u00f3n Ciudad de Requena \u00absu apuesta por nuestra joven orquesta y por este curso, en el que han subvencionado a todos los cursillistas en un 50%. Es maravilloso que exista una Fundaci\u00f3n que trabaja y se implica tanto por la m\u00fasica y la cultura de su tierra\u00bb.<span class=\"Apple-converted-space\">\u00a0<\/span><\/p>\n<p><b>La Filarm\u00f3nica y Sole Gim\u00e9nez<\/b><\/p>\n<p>La Orquesta Filarm\u00f3nica de la Fundaci\u00f3n Ciudad de Requena compartir\u00e1 escenario con la cantante Soledad Gim\u00e9nez en el concierto sinf\u00f3nico \u00abMujeres de m\u00fasica\u00bb, que tendr\u00e1 lugar el 23 de agosto a las 23 horas en el incomparable marco que brinda el Patio de Armas de Requena.<\/p>\n<p>Las entradas ya pueden adquirirse de manera online en www.entradasonline.es y de manera presencial en Monos Comunicaci\u00f3n Requena, sito en la plaza de Espa\u00f1a, n\u00ba 9 bajo, adem\u00e1s del d\u00eda del concierto, en taquilla.<span class=\"Apple-converted-space\">\u00a0<\/span><\/p>\n","protected":false},"excerpt":{"rendered":"<div class=\"mh-excerpt\">La Orquesta Filarm\u00f3nica de la Fundaci\u00f3n Ciudad de Requena celebr\u00f3 su primer concurso de direcci\u00f3n de orquesta &#8216;Maestro Collado&#8217;, en el que, tras una intensa deliberaci\u00f3n del jurado, se entreg\u00f3 el premio ex aequo al <a class=\"mh-excerpt-more\" href=\"https:\/\/www.tucomarca.com\/wordpress\/segunda\/la-orquesta-filarmonica-de-la-fundacion-ciudad-de-requena-celebra-el-i-concurso-maestro-collado-de-direccion-de-orquesta\/\" title=\"La Orquesta Filarm\u00f3nica de la Fundaci\u00f3n Ciudad de Requena celebra el I concurso \u00abMaestro Collado\u00bb de direcci\u00f3n de orquesta\">[+] <\/a><\/div>\n","protected":false},"author":1,"featured_media":90187,"comment_status":"open","ping_status":"open","sticky":false,"template":"","format":"standard","meta":{"footnotes":""},"categories":[66,7,28,27,3],"tags":[10388,10387],"class_list":{"0":"post-90186","1":"post","2":"type-post","3":"status-publish","4":"format-standard","5":"has-post-thumbnail","7":"category-musica","8":"category-ocio-y-cultura","9":"category-requena","10":"category-requena-utiel","11":"category-seccion","12":"tag-requena","13":"tag-requena-utiel"},"_links":{"self":[{"href":"https:\/\/www.tucomarca.com\/wordpress\/segunda\/wp-json\/wp\/v2\/posts\/90186","targetHints":{"allow":["GET"]}}],"collection":[{"href":"https:\/\/www.tucomarca.com\/wordpress\/segunda\/wp-json\/wp\/v2\/posts"}],"about":[{"href":"https:\/\/www.tucomarca.com\/wordpress\/segunda\/wp-json\/wp\/v2\/types\/post"}],"author":[{"embeddable":true,"href":"https:\/\/www.tucomarca.com\/wordpress\/segunda\/wp-json\/wp\/v2\/users\/1"}],"replies":[{"embeddable":true,"href":"https:\/\/www.tucomarca.com\/wordpress\/segunda\/wp-json\/wp\/v2\/comments?post=90186"}],"version-history":[{"count":0,"href":"https:\/\/www.tucomarca.com\/wordpress\/segunda\/wp-json\/wp\/v2\/posts\/90186\/revisions"}],"wp:featuredmedia":[{"embeddable":true,"href":"https:\/\/www.tucomarca.com\/wordpress\/segunda\/wp-json\/wp\/v2\/media\/90187"}],"wp:attachment":[{"href":"https:\/\/www.tucomarca.com\/wordpress\/segunda\/wp-json\/wp\/v2\/media?parent=90186"}],"wp:term":[{"taxonomy":"category","embeddable":true,"href":"https:\/\/www.tucomarca.com\/wordpress\/segunda\/wp-json\/wp\/v2\/categories?post=90186"},{"taxonomy":"post_tag","embeddable":true,"href":"https:\/\/www.tucomarca.com\/wordpress\/segunda\/wp-json\/wp\/v2\/tags?post=90186"}],"curies":[{"name":"wp","href":"https:\/\/api.w.org\/{rel}","templated":true}]}}