{"id":9021,"date":"2012-11-14T17:28:46","date_gmt":"2012-11-14T16:28:46","guid":{"rendered":"http:\/\/www.tucomarca.com\/wordpress\/segunda\/?p=9021"},"modified":"2012-11-14T18:11:52","modified_gmt":"2012-11-14T17:11:52","slug":"los-pueblos-de-bugarra-chulilla-gestalgar-y-pedralba-afetados-por-los-incendios-reciben-asesoramiento-tecnico-de-la-diputacion","status":"publish","type":"post","link":"https:\/\/www.tucomarca.com\/wordpress\/segunda\/los-pueblos-de-bugarra-chulilla-gestalgar-y-pedralba-afetados-por-los-incendios-reciben-asesoramiento-tecnico-de-la-diputacion\/","title":{"rendered":"Los pueblos de Bugarra, Chulilla, Gestalgar y Pedralba afectados por los incendios reciben asesoramiento t\u00e9cnico de la Diputaci\u00f3n"},"content":{"rendered":"<p>La Diputaci\u00f3n de Valencia, aprob\u00f3 en la Comisi\u00f3n celebrada ayer, a  trav\u00e9s del \u00c1rea de Asesoramiento Municipal, ampliar la asistencia  t\u00e9cnica y econ\u00f3mica a los municipios afectados por los incendios de  Chulilla.<\/p>\n<p>El incremento de t\u00e9cnicos que se pone a disposici\u00f3n de los  ayuntamientos, que ser\u00e1 aprobado definitivamente en el pleno de la  pr\u00f3xima semana, \u00a0ser\u00e1 efectivo durante los meses de noviembre y  diciembre del ejercicio en curso.<\/p>\n<p>Los ayuntamientos afectados ya pudieron solicitar en tiempo y forma  \u00a0la contrataci\u00f3n de hasta un m\u00e1ximo de dos colegiados y en la comisi\u00f3n  celebrada ayer se resolvi\u00f3 la concesi\u00f3n a\u00a0 <strong>Bugarra <\/strong> de un ingeniero agr\u00f3nomo y un ingeniero t\u00e9cnico forestal; a <strong>Chulilla<\/strong>, un ingeniero agr\u00f3nomo\u00a0 y un ingeniero t\u00e9cnico forestal; a <strong>Gestalgar<\/strong>, un ingeniero t\u00e9cnico agr\u00edcola y un ingeniero t\u00e9cnico forestal; y a <strong>Pedralba<\/strong>, un ingeniero industrial y un ingeniero agr\u00f3nomo.<\/p>\n<p>Desde el \u00c1rea de Asesoramiento Municipal se ha realizado el estudio  de las zonas en las que el fuego arras\u00f3 miles de hect\u00e1reas y desde ese  momento se hizo una valoraci\u00f3n de los da\u00f1os para que actuaran las  brigadas forestales, t\u00e9cnicos especializados as\u00ed como la dotaci\u00f3n de una  partida presupuestaria para ayudar a la restauraci\u00f3n de estas zonas.<\/p>\n","protected":false},"excerpt":{"rendered":"<div class=\"mh-excerpt\">La Diputaci\u00f3n de Valencia, aprob\u00f3 en la Comisi\u00f3n celebrada ayer, a trav\u00e9s del \u00c1rea de Asesoramiento Municipal, ampliar la asistencia t\u00e9cnica y econ\u00f3mica a los municipios afectados por los incendios de Chulilla. El incremento de <a class=\"mh-excerpt-more\" href=\"https:\/\/www.tucomarca.com\/wordpress\/segunda\/los-pueblos-de-bugarra-chulilla-gestalgar-y-pedralba-afetados-por-los-incendios-reciben-asesoramiento-tecnico-de-la-diputacion\/\" title=\"Los pueblos de Bugarra, Chulilla, Gestalgar y Pedralba afectados por los incendios reciben asesoramiento t\u00e9cnico de la Diputaci\u00f3n\">[+] <\/a><\/div>\n","protected":false},"author":1,"featured_media":0,"comment_status":"open","ping_status":"open","sticky":false,"template":"","format":"standard","meta":{"footnotes":""},"categories":[169,185,192,193,8,59,117,196,3],"tags":[],"class_list":{"0":"post-9021","1":"post","2":"type-post","3":"status-publish","4":"format-standard","6":"category-agricultura-la-comarca","7":"category-bugarra","8":"category-chulilla","9":"category-gestalgar","10":"category-la-comarca","11":"category-los-serranos","12":"category-medio-ambiente-la-comarca","13":"category-pedralba","14":"category-seccion"},"_links":{"self":[{"href":"https:\/\/www.tucomarca.com\/wordpress\/segunda\/wp-json\/wp\/v2\/posts\/9021","targetHints":{"allow":["GET"]}}],"collection":[{"href":"https:\/\/www.tucomarca.com\/wordpress\/segunda\/wp-json\/wp\/v2\/posts"}],"about":[{"href":"https:\/\/www.tucomarca.com\/wordpress\/segunda\/wp-json\/wp\/v2\/types\/post"}],"author":[{"embeddable":true,"href":"https:\/\/www.tucomarca.com\/wordpress\/segunda\/wp-json\/wp\/v2\/users\/1"}],"replies":[{"embeddable":true,"href":"https:\/\/www.tucomarca.com\/wordpress\/segunda\/wp-json\/wp\/v2\/comments?post=9021"}],"version-history":[{"count":0,"href":"https:\/\/www.tucomarca.com\/wordpress\/segunda\/wp-json\/wp\/v2\/posts\/9021\/revisions"}],"wp:attachment":[{"href":"https:\/\/www.tucomarca.com\/wordpress\/segunda\/wp-json\/wp\/v2\/media?parent=9021"}],"wp:term":[{"taxonomy":"category","embeddable":true,"href":"https:\/\/www.tucomarca.com\/wordpress\/segunda\/wp-json\/wp\/v2\/categories?post=9021"},{"taxonomy":"post_tag","embeddable":true,"href":"https:\/\/www.tucomarca.com\/wordpress\/segunda\/wp-json\/wp\/v2\/tags?post=9021"}],"curies":[{"name":"wp","href":"https:\/\/api.w.org\/{rel}","templated":true}]}}