{"id":90229,"date":"2019-08-06T19:18:34","date_gmt":"2019-08-06T17:18:34","guid":{"rendered":"http:\/\/www.tucomarca.com\/wordpress\/segunda\/?p=90229"},"modified":"2019-08-06T19:18:34","modified_gmt":"2019-08-06T17:18:34","slug":"los-ninos-la-poblacion-con-mayor-tendencia-a-las-otitis-de-la-piscina","status":"publish","type":"post","link":"https:\/\/www.tucomarca.com\/wordpress\/segunda\/los-ninos-la-poblacion-con-mayor-tendencia-a-las-otitis-de-la-piscina\/","title":{"rendered":"Los ni\u00f1os, la poblaci\u00f3n con mayor tendencia a las \u2018otitis de la piscina\u2019"},"content":{"rendered":"<figure id=\"attachment_90230\" aria-describedby=\"caption-attachment-90230\" style=\"width: 452px\" class=\"wp-caption alignleft\"><img loading=\"lazy\" decoding=\"async\" class=\" wp-image-90230\" src=\"https:\/\/www.tucomarca.com\/wordpress\/segunda\/wp-content\/uploads\/2019\/08\/Otitisni\u00f1os.jpg\" alt=\"Durante la temporada estival, la mayor\u00eda de las atenciones que realiza el otorrinolaring\u00f3logo se debe a la otitis externa difusa, una inflamaci\u00f3n del conducto auditivo externo\" width=\"452\" height=\"301\" srcset=\"https:\/\/www.tucomarca.com\/wordpress\/segunda\/wp-content\/uploads\/2019\/08\/Otitisni\u00f1os.jpg 5184w, https:\/\/www.tucomarca.com\/wordpress\/segunda\/wp-content\/uploads\/2019\/08\/Otitisni\u00f1os-300x200.jpg 300w, https:\/\/www.tucomarca.com\/wordpress\/segunda\/wp-content\/uploads\/2019\/08\/Otitisni\u00f1os-768x512.jpg 768w, https:\/\/www.tucomarca.com\/wordpress\/segunda\/wp-content\/uploads\/2019\/08\/Otitisni\u00f1os-1024x683.jpg 1024w\" sizes=\"auto, (max-width: 452px) 100vw, 452px\" \/><figcaption id=\"caption-attachment-90230\" class=\"wp-caption-text\">Durante la temporada estival, la mayor\u00eda de las atenciones que realiza el otorrinolaring\u00f3logo se debe a la otitis externa difusa, una inflamaci\u00f3n del conducto auditivo externo<\/figcaption><\/figure>\n<p>El verano ha llegado y, con \u00e9l, las ganas de disfrutar del buen tiempo en familia. Para afrontar las altas temperaturas que marcan los term\u00f3metros y hacer que los ni\u00f1os disfruten de sus vacaciones, muchas personas optan por acudir a piscinas y playas del litoral mediterr\u00e1neo y darse un buen chapuz\u00f3n. No obstante, la combinaci\u00f3n de agua y calor puede traer consigo una inflamaci\u00f3n del conducto auditivo externo, lo que se conoce como \u2018la otitis de piscina\u2019 u otitis externa difusa.<\/p>\n<p>\u201cLa otitis externa difusa es una de las afecciones m\u00e1s recurrentes en verano que afecta especialmente a los ni\u00f1os de entre 7 y 12 a\u00f1os. Se trata de una infamaci\u00f3n del conducto auditivo externo provocada por una infecci\u00f3n que aparece en el o\u00eddo cuando se le expone de forma continuada a hongos y bacterias presentes en el agua\u201d, explica el doctor Anselmo D\u00edaz, Jefe del Servicio de Otorrinolaringolog\u00eda del Hospital de Manises. De hecho, seg\u00fan explica el mismo especialista, la mayor\u00eda de las consultas al otorrino en verano se debe a este tipo de afecci\u00f3n.<span class=\"Apple-converted-space\">\u00a0<\/span><\/p>\n<p><b>Recomendaciones para evitar la otitis de piscina<\/b><\/p>\n<p>Como se\u00f1ala el doctor D\u00edaz, la prevenci\u00f3n es la mejor arma para evitar este tipo de otitis y, por ello, el Hospital de Manises ha lanzado una serie de recomendaciones y consejos aplicables a cualquier edad. En primer lugar, adem\u00e1s de usar tapones y gorros que impidan la entrada de agua, se aconseja nadar por la superficie de las piscinas, playas o lagos en los que se veranee y reducir el tiempo de inmersi\u00f3n o buceo. Una vez se salga del agua, \u201cse puede realizar una peque\u00f1a rutina que ayudar\u00e1 a prevenir esta afecci\u00f3n que consiste en secarse bien los o\u00eddos con una toalla y, si se nota que sigue habiendo agua en el conducto, se puede inclinar la cabeza para drenar el agua\u201d, a\u00f1ade el especialista. Si se quiere eliminar el agua que ha quedado retenida en el o\u00eddo, la mejor opci\u00f3n, seg\u00fan el doctor D\u00edaz, es la aplicaci\u00f3n de unas gotas que se pueden adquirir en farmacias. Si notamos picor o molestias en los o\u00eddos, hay que evitar la entrada de agua, por lo que no se recomiendan los ba\u00f1os hasta no consultar con un especialista.<\/p>\n<p>Adem\u00e1s, tal y como se\u00f1ala el otorrinolaring\u00f3logo, \u201cel o\u00eddo es un \u00f3rgano muy sensible. Por ello, debemos eliminar de nuestros h\u00e1bitos de higiene el uso de bastoncillos y de otros objetos como horquillas o palillos que pueden irritar el conducto auditivo y que no cumplen su funci\u00f3n porque la cera suele acabar acumulada en la parte m\u00e1s profunda del sistema auditivo\u201d. Tampoco aconseja este profesional la aplicaci\u00f3n de espray, mucho m\u00e1s invasivo, que puede alterar el PH de la piel del conducto y, como consecuencia, disminuir sus mecanismos de defensa.<span class=\"Apple-converted-space\">\u00a0<\/span><\/p>\n<p>Por \u00faltimo, en el caso de que haya una predisposici\u00f3n a formar tapones de cera o queratina, este especialista recomienda someterse a una limpieza antes del verano, siempre realizada por un profesional sanitario. \u201cAnte cualquier s\u00edntoma de dolor, enrojecimiento del canal auditivo externo o incluso fiebre, se debe acudir al otorrinolaring\u00f3logo para curar la infecci\u00f3n y prevenir las reca\u00eddas del paciente\u201d, concluye el doctor Anselmo D\u00edaz.<span class=\"Apple-converted-space\">\u00a0<\/span><\/p>\n<p><b>10 aniversario del Hospital de Manises<\/b><\/p>\n<p>Desde la apertura en abril de 2009 del Hospital de Manises nos hemos convertido en una referencia de la atenci\u00f3n sanitaria de la Comunidad Valenciana para ofrecer un servicio de excelencia, humano, cercano al paciente e innovador. El Departamento de Salud de Manises da cobertura y asistencia sanitaria, tanto ambulatoria como domiciliaria a trav\u00e9s del hospital, los centros de salud, consultorios locales, centros de especialidades y Hospital de Cr\u00f3nicos ubicado en Mislata, a m\u00e1s de 193.000 personas de 14 localidades. En este periodo de tiempo el Hospital ha consolidado un equipo de m\u00e1s de 1.500 profesionales centrados en la asistencia de calidad al paciente y unos excelentes indicadores en excelencia y tiempos de espera en consultas e intervenciones quir\u00fargicas. <span class=\"Apple-converted-space\">\u00a0<\/span><\/p>\n","protected":false},"excerpt":{"rendered":"<div class=\"mh-excerpt\">El verano ha llegado y, con \u00e9l, las ganas de disfrutar del buen tiempo en familia. Para afrontar las altas temperaturas que marcan los term\u00f3metros y hacer que los ni\u00f1os disfruten de sus vacaciones, muchas <a class=\"mh-excerpt-more\" href=\"https:\/\/www.tucomarca.com\/wordpress\/segunda\/los-ninos-la-poblacion-con-mayor-tendencia-a-las-otitis-de-la-piscina\/\" title=\"Los ni\u00f1os, la poblaci\u00f3n con mayor tendencia a las \u2018otitis de la piscina\u2019\">[+] <\/a><\/div>\n","protected":false},"author":1,"featured_media":90230,"comment_status":"open","ping_status":"open","sticky":false,"template":"","format":"standard","meta":{"footnotes":""},"categories":[119,8,72,10,3,116],"tags":[434],"class_list":{"0":"post-90229","1":"post","2":"type-post","3":"status-publish","4":"format-standard","5":"has-post-thumbnail","7":"category-sanidad-la-comarca","8":"category-la-comarca","9":"category-sin-categorizar","10":"category-la-hoya","11":"category-seccion","12":"category-sucesos-la-comarca","13":"tag-hospital-manises"},"_links":{"self":[{"href":"https:\/\/www.tucomarca.com\/wordpress\/segunda\/wp-json\/wp\/v2\/posts\/90229","targetHints":{"allow":["GET"]}}],"collection":[{"href":"https:\/\/www.tucomarca.com\/wordpress\/segunda\/wp-json\/wp\/v2\/posts"}],"about":[{"href":"https:\/\/www.tucomarca.com\/wordpress\/segunda\/wp-json\/wp\/v2\/types\/post"}],"author":[{"embeddable":true,"href":"https:\/\/www.tucomarca.com\/wordpress\/segunda\/wp-json\/wp\/v2\/users\/1"}],"replies":[{"embeddable":true,"href":"https:\/\/www.tucomarca.com\/wordpress\/segunda\/wp-json\/wp\/v2\/comments?post=90229"}],"version-history":[{"count":0,"href":"https:\/\/www.tucomarca.com\/wordpress\/segunda\/wp-json\/wp\/v2\/posts\/90229\/revisions"}],"wp:featuredmedia":[{"embeddable":true,"href":"https:\/\/www.tucomarca.com\/wordpress\/segunda\/wp-json\/wp\/v2\/media\/90230"}],"wp:attachment":[{"href":"https:\/\/www.tucomarca.com\/wordpress\/segunda\/wp-json\/wp\/v2\/media?parent=90229"}],"wp:term":[{"taxonomy":"category","embeddable":true,"href":"https:\/\/www.tucomarca.com\/wordpress\/segunda\/wp-json\/wp\/v2\/categories?post=90229"},{"taxonomy":"post_tag","embeddable":true,"href":"https:\/\/www.tucomarca.com\/wordpress\/segunda\/wp-json\/wp\/v2\/tags?post=90229"}],"curies":[{"name":"wp","href":"https:\/\/api.w.org\/{rel}","templated":true}]}}