{"id":9023,"date":"2012-11-14T17:30:54","date_gmt":"2012-11-14T16:30:54","guid":{"rendered":"http:\/\/www.tucomarca.com\/wordpress\/segunda\/?p=9023"},"modified":"2012-11-14T17:30:54","modified_gmt":"2012-11-14T16:30:54","slug":"la-diputacion-licitara-dos-nuevas-obras-de-mejora-y-remodelacion-de-carreteras-en-requena-y-montroy","status":"publish","type":"post","link":"https:\/\/www.tucomarca.com\/wordpress\/segunda\/la-diputacion-licitara-dos-nuevas-obras-de-mejora-y-remodelacion-de-carreteras-en-requena-y-montroy\/","title":{"rendered":"La Diputaci\u00f3n licitar\u00e1 dos nuevas obras de mejora y remodelaci\u00f3n de carreteras en Requena y Montroy"},"content":{"rendered":"<div>\n<p>La Comisi\u00f3n de Carreteras de la Diputaci\u00f3n de Valencia ha  anunciado la pr\u00f3xima licitaci\u00f3n de dos obras de mejora y remodelaci\u00f3n en  carreteras de la provincia por un importe de 7.340.164,73 euros.<\/p>\n<p>El diputado responsable del \u00c1rea de Carreteras, Isidro Prieto, ha  manifestado que \u201cuno de los principales objetivos de la Diputaci\u00f3n es la  movilidad, la capacidad de llegar a todos y cada uno de nuestros  rincones de la mejor manera lo que mejora la calidad de vida de los  vecinos. Y otro es la seguridad vial, llegar con el menor riesgo y ah\u00ed  seguimos comprometidos y trabajando\u201d.<\/p>\n<p>Los dos proyectos objeto de pr\u00f3xima licitaci\u00f3n son los siguientes:<\/p>\n<p>&#8211; Acondicionamiento de trazado de  la CV-435, tramo pk. 1 al pk. 6, que es el acceso principal al  municipio de Dos Aguas desde Valencia desde la CV-50, con una longitud  de 22,53 km, de los cuales el tramo objeto de actuaci\u00f3n, con un  pavimento en mal estado, ocasiona situaciones de peligro y molestias  continuas a los usuarios. La actuaci\u00f3n se sit\u00faa \u00edntegramente en el  t\u00e9rmino municipal de <strong>Montroy<\/strong> y consiste  fundamentalmente en ampliar el ancho de la carretera actual. El  presupuesto total de la intervenci\u00f3n, con IVA incluido asciende a  2.629.686,01 euros.<\/p>\n<p>&#8211; Ampliaci\u00f3n de la plataforma de la carretera CV-395 de <strong>Requena<\/strong> a <strong>Villar del Arzobispo<\/strong>.  Tramo CV-35 a CV-345. Con este proyecto se pretende mejorar la  seguridad vial, la accesibilidad y la funcionalidad del eje viario desde  la CV-395 a Villar del Arzobispo. La carretera CV-395 permite la  comunicaci\u00f3n desde la autopista A-3 y la poblaci\u00f3n de Requena con otros  muchos pueblos como Chera, Sot de Chera, La Ermita, Vanacloig y,  finalmente, Villar del Arzobispo. El presupuesto total, con IVA  incluido, es de 2.945.136,84 euros.<\/p>\n<\/div>\n","protected":false},"excerpt":{"rendered":"<div class=\"mh-excerpt\">La Comisi\u00f3n de Carreteras de la Diputaci\u00f3n de Valencia ha anunciado la pr\u00f3xima licitaci\u00f3n de dos obras de mejora y remodelaci\u00f3n en carreteras de la provincia por un importe de 7.340.164,73 euros. El diputado responsable <a class=\"mh-excerpt-more\" href=\"https:\/\/www.tucomarca.com\/wordpress\/segunda\/la-diputacion-licitara-dos-nuevas-obras-de-mejora-y-remodelacion-de-carreteras-en-requena-y-montroy\/\" title=\"La Diputaci\u00f3n licitar\u00e1 dos nuevas obras de mejora y remodelaci\u00f3n de carreteras en Requena y Montroy\">[+] <\/a><\/div>\n","protected":false},"author":1,"featured_media":0,"comment_status":"open","ping_status":"open","sticky":false,"template":"","format":"standard","meta":{"footnotes":""},"categories":[128,8,42,160,28,27,3],"tags":[],"class_list":{"0":"post-9023","1":"post","2":"type-post","3":"status-publish","4":"format-standard","6":"category-infraestructuras","7":"category-la-comarca","8":"category-la-ribera","9":"category-montroi","10":"category-requena","11":"category-requena-utiel","12":"category-seccion"},"_links":{"self":[{"href":"https:\/\/www.tucomarca.com\/wordpress\/segunda\/wp-json\/wp\/v2\/posts\/9023","targetHints":{"allow":["GET"]}}],"collection":[{"href":"https:\/\/www.tucomarca.com\/wordpress\/segunda\/wp-json\/wp\/v2\/posts"}],"about":[{"href":"https:\/\/www.tucomarca.com\/wordpress\/segunda\/wp-json\/wp\/v2\/types\/post"}],"author":[{"embeddable":true,"href":"https:\/\/www.tucomarca.com\/wordpress\/segunda\/wp-json\/wp\/v2\/users\/1"}],"replies":[{"embeddable":true,"href":"https:\/\/www.tucomarca.com\/wordpress\/segunda\/wp-json\/wp\/v2\/comments?post=9023"}],"version-history":[{"count":0,"href":"https:\/\/www.tucomarca.com\/wordpress\/segunda\/wp-json\/wp\/v2\/posts\/9023\/revisions"}],"wp:attachment":[{"href":"https:\/\/www.tucomarca.com\/wordpress\/segunda\/wp-json\/wp\/v2\/media?parent=9023"}],"wp:term":[{"taxonomy":"category","embeddable":true,"href":"https:\/\/www.tucomarca.com\/wordpress\/segunda\/wp-json\/wp\/v2\/categories?post=9023"},{"taxonomy":"post_tag","embeddable":true,"href":"https:\/\/www.tucomarca.com\/wordpress\/segunda\/wp-json\/wp\/v2\/tags?post=9023"}],"curies":[{"name":"wp","href":"https:\/\/api.w.org\/{rel}","templated":true}]}}